{"id":1179488,"date":"2013-07-10T18:42:30","date_gmt":"2013-07-10T18:42:30","guid":{"rendered":"https:\/\/www.upo.es\/diario\/?p=1179488"},"modified":"2013-07-11T07:48:06","modified_gmt":"2013-07-11T07:48:06","slug":"el-95-por-ciento-de-los-conflictos-sometidos-a-mediacion-culmina-en-un-acuerdo-entre-las-partes","status":"publish","type":"post","link":"https:\/\/www.upo.es\/diario\/cursos-verano\/2013\/07\/el-95-por-ciento-de-los-conflictos-sometidos-a-mediacion-culmina-en-un-acuerdo-entre-las-partes\/","title":{"rendered":"El 95 por ciento de los conflictos sometidos a mediaci\u00f3n culmina en un acuerdo entre las partes"},"content":{"rendered":"<figure id=\"attachment_1179489\" aria-describedby=\"caption-attachment-1179489\" style=\"width: 320px\" class=\"wp-caption alignright\"><a href=\"https:\/\/www.upo.es\/diario\/wp-content\/uploads\/2013\/07\/Juan-Diego-y-Javier-Ales.jpg\"><img loading=\"lazy\" decoding=\"async\" class=\"size-medium wp-image-1179489\" alt=\"Javier Al\u00e9s, profesor de la UPO y presidente de la Asociaci\u00f3n Andaluza de Mediaci\u00f3n Familiar (AMEFA) y Juan Diego Mata, tambi\u00e9n profesor de la UPO y mediador familiar (izquierda)\" src=\"https:\/\/www.upo.es\/diario\/wp-content\/uploads\/2013\/07\/Juan-Diego-y-Javier-Ales-320x214.jpg\" width=\"320\" height=\"214\" srcset=\"https:\/\/www.upo.es\/diario\/wp-content\/uploads\/2013\/07\/Juan-Diego-y-Javier-Ales-320x214.jpg 320w, https:\/\/www.upo.es\/diario\/wp-content\/uploads\/2013\/07\/Juan-Diego-y-Javier-Ales-1024x685.jpg 1024w, https:\/\/www.upo.es\/diario\/wp-content\/uploads\/2013\/07\/Juan-Diego-y-Javier-Ales-600x401.jpg 600w, https:\/\/www.upo.es\/diario\/wp-content\/uploads\/2013\/07\/Juan-Diego-y-Javier-Ales.jpg 1549w\" sizes=\"auto, (max-width: 320px) 100vw, 320px\" \/><\/a><figcaption id=\"caption-attachment-1179489\" class=\"wp-caption-text\">Javier Al\u00e9s, profesor de la UPO y presidente de la Asociaci\u00f3n Andaluza de Mediaci\u00f3n Familiar (AMEFA) y Juan Diego Mata, tambi\u00e9n profesor de la UPO y mediador familiar (izquierda)<\/figcaption><\/figure>\n<p style=\"text-align: justify;\">El 95 por ciento de los conflictos sometidos a mediaci\u00f3n culmina en un acuerdo entre las partes, sin necesidad de recurrir a los tribunales de justicia, seg\u00fan datos aportados por Javier Al\u00e9s, profesor de la Universidad Pablo de Olavide y presidente de la Asociaci\u00f3n Andaluza de Mediaci\u00f3n Familiar (AMEFA) y Juan Diego Mata, tambi\u00e9n profesor de la UPO y mediador familiar. Y es que la mediaci\u00f3n se est\u00e1 convirtiendo, cada vez m\u00e1s, en un recurso eficaz para la resoluci\u00f3n extrajudicial de conflictos. Los profesores han realizado estas declaraciones durante el transcurso del \u2018XI Taller pr\u00e1ctico: La magia de la mediaci\u00f3n\u2019, que se est\u00e1 realizando en los cursos de verano de la sede de la Universidad Pablo de Olavide en Carmona.<\/p>\n<p style=\"text-align: justify;\">La mediaci\u00f3n es un proceso de resoluci\u00f3n de conflictos, donde el mediador adopta una posici\u00f3n imparcial y de ayuda, facilitando a las partes a que ellas mismas gestionen sus conflictos, a trav\u00e9s del di\u00e1logo y la comunicaci\u00f3n, lleg\u00e1ndose a acuerdos satisfactorios que contemplen las necesidades de las partes, parti\u00e9ndose de una visi\u00f3n positiva y funcional del conflicto.<\/p>\n<p style=\"text-align: justify;\">\u201cEl verdadero \u00e9xito del mediador es que consiga que las personas dediquen tiempo a resolver sus problemas, gestionando las circunstancias del conflicto\u201d, asegura Juan Diego Mata. Por su parte, Javier Al\u00e9s asegura que las personas que se someten a mediaci\u00f3n, por lo general, llegan con una serie de cargas personales, emocionales, laborales, etc., de las que tienen que aprender a liberarse para empezar de nuevo.<\/p>\n<p style=\"text-align: justify;\">El presidente de los mediadores andaluces ha explicado que su asociaci\u00f3n atendi\u00f3 el a\u00f1o pasado un total de 830 casos de mediaci\u00f3n. Aunque en un principio AMEFA atend\u00eda mayoritariamente temas familiares, como separaciones, divorcios, nulidades, asuntos econ\u00f3micos\u2026 cada vez existen m\u00e1s problemas relacionados con el cuidado de las personas mayores o el de los adolescentes en conflicto, seg\u00fan Al\u00e9s. Por otra parte, los temas de empresas familiares cada vez son m\u00e1s crecientes en el sector, debido a que son entidades que est\u00e1n sufriendo especialmente el impacto de la crisis econ\u00f3mica.<\/p>\n<p style=\"text-align: justify;\">Por otro lado, \u201cdurante este a\u00f1o se ha iniciado un Servicio Municipal de Mediaci\u00f3n en el Ayuntamiento de Sevilla, que viene a confirmar que la l\u00ednea de proyecci\u00f3n de la pr\u00e1ctica de la mediaci\u00f3n empieza a crecer, abordando temas como la conflictividad vecinal. Con este experiencia piloto, se trata una casu\u00edstica muy real y cercana, donde el ciudadano protagoniza la resoluci\u00f3n de sus propios conflictos\u201d, seg\u00fan Juan Diego.<\/p>\n<p style=\"text-align: justify;\">La mediaci\u00f3n penal, conocida como \u2018justicia restaurativa\u2019, que favorece la posibilidad de encuentro entre la v\u00edctima y el agresor, es otro de los casos que se est\u00e1n tratando desde la asociaci\u00f3n. De igual manera, se ha abierto una nueva l\u00ednea de investigaci\u00f3n en centros penitenciarios como el de C\u00f3rdoba, donde se ha proyectado el desarrollo de espacios de convivencia entre presos para la resoluci\u00f3n de conflictos en el centro.<\/p>\n<p style=\"text-align: justify;\">Por otro\u00a0 lado, \u201clos recursos humanos de las grandes empresas cada vez demandan m\u00e1s los servicios de mediaci\u00f3n, ya que permite resolver los problemas de forma efectiva. Grandes empresas, con miles de trabajadores, constituyen un pueblo, con sus conflictos y sus problemas\u201d, sostiene el presidente. Tambi\u00e9n hay lugar para los cl\u00e1sicos, como los proyectos de mediaci\u00f3n en centros educativos, asociaciones de vecinos, etc.<\/p>\n<p style=\"text-align: justify;\">\u201cEn estos momentos, la Administraci\u00f3n reconoce que no puede resolver todos los problemas porque carece de herramientas, al tiempo que admite la importancia de la mediaci\u00f3n\u201d, sostiene Juan Diego Matas. Precisamente, en julio del a\u00f1o pasado se aprob\u00f3 la Ley 5\/2012 de Mediaci\u00f3n en asuntos civiles y mercantiles, que sienta las bases de la mediaci\u00f3n. Seg\u00fan Javier Al\u00e9s, \u201cesta ley refleja lo que ha sido nuestro trabajo durante mucho tiempo. Y es que, para poder establecer un sistema de justicia de calidad, reconoce que tiene que existir la mediaci\u00f3n\u201d, ha concluido.<\/p>\n","protected":false},"excerpt":{"rendered":"<p>El 95 por ciento de los conflictos sometidos a mediaci\u00f3n culmina en un acuerdo entre las partes, sin necesidad de recurrir a los tribunales de justicia, seg\u00fan datos aportados por Javier Al\u00e9s, profesor de la Universidad Pablo de Olavide y presidente de la Asociaci\u00f3n Andaluza de Mediaci\u00f3n Familiar (AMEFA) y Juan Diego Mata, tambi\u00e9n profesor de la UPO y mediador familiar. Y es que la mediaci\u00f3n se est\u00e1 convirtiendo, cada vez m\u00e1s, en un recurso eficaz para la resoluci\u00f3n extrajudicial de conflictos. Los profesores han realizado estas declaraciones durante el transcurso del \u2018XI Taller pr\u00e1ctico: La magia de la mediaci\u00f3n\u2019, que se est\u00e1 realizando en los cursos de verano de la sede de la Universidad Pablo de Olavide en Carmona.<\/p>\n","protected":false},"author":4,"featured_media":1179490,"comment_status":"closed","ping_status":"open","sticky":false,"template":"","format":"standard","meta":{"_monsterinsights_skip_tracking":false,"_monsterinsights_sitenote_active":false,"_monsterinsights_sitenote_note":"","_monsterinsights_sitenote_category":0,"footnotes":""},"categories":[729],"tags":[778,777,157,519],"class_list":["post-1179488","post","type-post","status-publish","format-standard","has-post-thumbnail","hentry","category-cursos-verano","tag-amefa","tag-javier-ales","tag-mediacion","tag-olavide-en-carmona"],"_links":{"self":[{"href":"https:\/\/www.upo.es\/diario\/wp-json\/wp\/v2\/posts\/1179488","targetHints":{"allow":["GET"]}}],"collection":[{"href":"https:\/\/www.upo.es\/diario\/wp-json\/wp\/v2\/posts"}],"about":[{"href":"https:\/\/www.upo.es\/diario\/wp-json\/wp\/v2\/types\/post"}],"author":[{"embeddable":true,"href":"https:\/\/www.upo.es\/diario\/wp-json\/wp\/v2\/users\/4"}],"replies":[{"embeddable":true,"href":"https:\/\/www.upo.es\/diario\/wp-json\/wp\/v2\/comments?post=1179488"}],"version-history":[{"count":2,"href":"https:\/\/www.upo.es\/diario\/wp-json\/wp\/v2\/posts\/1179488\/revisions"}],"predecessor-version":[{"id":1179492,"href":"https:\/\/www.upo.es\/diario\/wp-json\/wp\/v2\/posts\/1179488\/revisions\/1179492"}],"wp:featuredmedia":[{"embeddable":true,"href":"https:\/\/www.upo.es\/diario\/wp-json\/wp\/v2\/media\/1179490"}],"wp:attachment":[{"href":"https:\/\/www.upo.es\/diario\/wp-json\/wp\/v2\/media?parent=1179488"}],"wp:term":[{"taxonomy":"category","embeddable":true,"href":"https:\/\/www.upo.es\/diario\/wp-json\/wp\/v2\/categories?post=1179488"},{"taxonomy":"post_tag","embeddable":true,"href":"https:\/\/www.upo.es\/diario\/wp-json\/wp\/v2\/tags?post=1179488"}],"curies":[{"name":"wp","href":"https:\/\/api.w.org\/{rel}","templated":true}]}}