{"id":1180485,"date":"2013-07-11T12:41:30","date_gmt":"2013-07-11T12:41:30","guid":{"rendered":"https:\/\/www.upo.es\/diario\/?p=1180485"},"modified":"2013-07-11T12:41:30","modified_gmt":"2013-07-11T12:41:30","slug":"vamos-a-hacer-frente-comun-contra-la-ley-educativa-del-ministro-wert-que-rompe-el-principio-de-igualdad","status":"publish","type":"post","link":"https:\/\/www.upo.es\/diario\/cursos-verano\/2013\/07\/vamos-a-hacer-frente-comun-contra-la-ley-educativa-del-ministro-wert-que-rompe-el-principio-de-igualdad\/","title":{"rendered":"\u00abVamos a hacer frente com\u00fan contra la Ley Educativa del ministro Wert, que rompe el principio de igualdad\u00bb"},"content":{"rendered":"<figure id=\"attachment_1180487\" aria-describedby=\"caption-attachment-1180487\" style=\"width: 320px\" class=\"wp-caption alignright\"><a href=\"https:\/\/www.upo.es\/diario\/wp-content\/uploads\/2013\/07\/Inauguracion110713a.jpg\"><img loading=\"lazy\" decoding=\"async\" class=\"size-medium wp-image-1180487 \" alt=\"De izquierda a derecha, Ram\u00f3n Gavira, Mar\u00eda del Mar Moreno, Vicente Guzm\u00e1n y Francisco Lorenzo.\" src=\"https:\/\/www.upo.es\/diario\/wp-content\/uploads\/2013\/07\/Inauguracion110713a-320x214.jpg\" width=\"320\" height=\"214\" srcset=\"https:\/\/www.upo.es\/diario\/wp-content\/uploads\/2013\/07\/Inauguracion110713a-320x214.jpg 320w, https:\/\/www.upo.es\/diario\/wp-content\/uploads\/2013\/07\/Inauguracion110713a-1024x685.jpg 1024w, https:\/\/www.upo.es\/diario\/wp-content\/uploads\/2013\/07\/Inauguracion110713a-600x401.jpg 600w, https:\/\/www.upo.es\/diario\/wp-content\/uploads\/2013\/07\/Inauguracion110713a.jpg 1549w\" sizes=\"auto, (max-width: 320px) 100vw, 320px\" \/><\/a><figcaption id=\"caption-attachment-1180487\" class=\"wp-caption-text\">De izquierda a derecha, Ram\u00f3n Gavira, Mar\u00eda del Mar Moreno, Vicente Guzm\u00e1n y Francisco Lorenzo.<\/figcaption><\/figure>\n<p>El rector de la Universidad Pablo de Olavide, Vicente Guzm\u00e1n Fluja y la consejera de Educaci\u00f3n de la Junta de Andaluc\u00eda, Mar\u00eda del Mar Moreno Ruiz, han presidido hoy el acto oficial de inauguraci\u00f3n del curso de verano \u2018Las pruebas PISA a examen: Educaci\u00f3n ling\u00fc\u00edstica y rankings internacionales\u2019, que ha comenzado hoy en la sede de la Universidad Pablo de Olavide en Carmona. El rector tambi\u00e9n ha estado acompa\u00f1ado en la mesa por el delegado de Cultura y de Patrimonio Hist\u00f3rico y Turismo del Ayuntamiento de Carmona, Ram\u00f3n Gavira y el profesor de la UPO Francisco Lorenzo Bergillos, que coordina el seminario.<\/p>\n<p>Durante dicho acto, el rector ha asegurado que la Universidad Pablo de Olavide estar\u00e1 al lado del Gobierno de la Junta de Andaluc\u00eda para hacer frente com\u00fan contra determinadas pol\u00edticas de la Ley Org\u00e1nica para la Mejora de la Calidad Educativa (LOMCE) propuesta por el ministro Jos\u00e9 Ignacio Wert porque, a su parecer, rompe el principio de igualdad, algo que tendr\u00e1 unos resultados absolutamente desastrosos.<\/p>\n<p>Vicente Guzm\u00e1n ha afirmado tambi\u00e9n que la pol\u00edtica educativa en Andaluc\u00eda se acerca mucho m\u00e1s a lo p\u00fablico, al tiempo que ha resaltado los notables esfuerzos que se est\u00e1n realizando en este sentido en nuestra comunidad aut\u00f3noma por elevar el nivel educativo \u201cy no caer en el pozo al que parece que quieren llevarla otras administraciones. La realidad educativa en Andaluc\u00eda se acerca mucho m\u00e1s a la filosof\u00eda del Estado social y de derecho, con el objetivo de que la calidad vaya mejorando y se respete la igualdad\u201d.<\/p>\n<figure id=\"attachment_1180488\" aria-describedby=\"caption-attachment-1180488\" style=\"width: 320px\" class=\"wp-caption alignleft\"><a href=\"https:\/\/www.upo.es\/diario\/wp-content\/uploads\/2013\/07\/Inauguracion1.jpg\"><img loading=\"lazy\" decoding=\"async\" class=\"size-medium wp-image-1180488 \" alt=\"El rector de la UPO, vicente Guzm\u00e1n, junto a la consejera de Educaci\u00f3n, Mar\u00eda del Mar Moreno.\" src=\"https:\/\/www.upo.es\/diario\/wp-content\/uploads\/2013\/07\/Inauguracion1-320x214.jpg\" width=\"320\" height=\"214\" srcset=\"https:\/\/www.upo.es\/diario\/wp-content\/uploads\/2013\/07\/Inauguracion1-320x214.jpg 320w, https:\/\/www.upo.es\/diario\/wp-content\/uploads\/2013\/07\/Inauguracion1-1024x685.jpg 1024w, https:\/\/www.upo.es\/diario\/wp-content\/uploads\/2013\/07\/Inauguracion1-600x401.jpg 600w, https:\/\/www.upo.es\/diario\/wp-content\/uploads\/2013\/07\/Inauguracion1.jpg 1549w\" sizes=\"auto, (max-width: 320px) 100vw, 320px\" \/><\/a><figcaption id=\"caption-attachment-1180488\" class=\"wp-caption-text\">El rector de la UPO, vicente Guzm\u00e1n, junto a la consejera de Educaci\u00f3n, Mar\u00eda del Mar Moreno.<\/figcaption><\/figure>\n<p>Asimismo, el rector ha declarado que el conocimiento es fundamental para salir de la crisis, y la educaci\u00f3n es la que propicia el conocimiento para transformar entornos y personas, \u201cfunci\u00f3n que corresponde a la Universidad p\u00fablica, que est\u00e1 sometida a serias amenazas, no s\u00f3lo porque no tengamos recursos econ\u00f3micos, sino por el proceso de descapitalizaci\u00f3n humana que se est\u00e1 produciendo a trav\u00e9s de la expulsi\u00f3n del sistema p\u00fablico de profesores y alumnos. En la pr\u00e1ctica, esto supone la p\u00e9rdida de conocimiento y de oportunidades de salir de la crisis\u201d.<\/p>\n<p>Por su parte, la consejera de Educaci\u00f3n se ha centrado m\u00e1s en el contenido del curso y ha manifestado que los estudios PISA (Informe del Programa Internacional para la Evaluaci\u00f3n de Estudiantes) subrayan nuestras fortalezas y debilidades, pero ha servido como arma arrojadiza en el debate p\u00fablico y pol\u00edtico, en referencia a la informaci\u00f3n de que tanto Espa\u00f1a como Andaluc\u00eda ten\u00edan unos niveles de rendimiento educativo por debajo de la media de la OCDE (Organizaci\u00f3n para la Cooperaci\u00f3n y el Desarrollo Econ\u00f3mico).<\/p>\n<p>\u201cSometerse voluntariamente a una evaluaci\u00f3n cuyos resultados se hacen p\u00fablicos\u00a0es un viacrucis y bastante inc\u00f3modo. Sin embargo, apostamos por estudios como PISA, pese a todo\u201d, seg\u00fan la consejera. Mar\u00eda del Mar Moreno ha declarado tambi\u00e9n que las fortalezas no fueron noticia, pero las debilidades s\u00ed. Entre los aspectos positivos desvelados por los informes PISA, ha se\u00f1alado la equidad del sistema educativo andaluz, que es el que posee menos diferencias y m\u00e1s cohesi\u00f3n entre el alumnado, independientemente de sus indicadores.<\/p>\n<p>Por su parte, Ram\u00f3n Gavira ha declarado que el curso tiene un contenido, sin duda, de plena actualidad, \u201cque requiere de todos nosotros una atenci\u00f3n especial, porque si en alg\u00fan terreno una sociedad se juega su futuro es en el terreno de la educaci\u00f3n, en el que tenemos que encontrar espacios de consenso en la promoci\u00f3n de la igualdad de oportunidades y de la calidad educativa\u201d.<\/p>\n<p>Por \u00faltimo, seg\u00fan ha manifestado Francisco Lorenzo, el seminario tratar\u00e1 las pruebas de evaluaci\u00f3n educativa, el uso de las clasificaciones internacionales y su interpretaci\u00f3n en t\u00e9rminos de calidad educativa y equidad. Adem\u00e1s, se ha unido a las cr\u00edticas contra la LOMCE que, en su opini\u00f3n, \u201catenta contra la educaci\u00f3n y la igualdad de oportunidades, algo que puede hacer mucho da\u00f1o a las clases m\u00e1s desfavorecidas\u201d.<\/p>\n","protected":false},"excerpt":{"rendered":"<p>El rector de la Universidad Pablo de Olavide, Vicente Guzm\u00e1n Fluja y la consejera de Educaci\u00f3n de la Junta de Andaluc\u00eda, Mar\u00eda del Mar Moreno Ruiz, han presidido hoy el acto oficial de inauguraci\u00f3n del curso de verano \u2018Las pruebas PISA a examen: Educaci\u00f3n ling\u00fc\u00edstica y rankings internacionales\u2019, que ha comenzado hoy en la sede de la Universidad Pablo de Olavide en Carmona. El rector tambi\u00e9n ha estado acompa\u00f1ado en la mesa por el delegado de Cultura y de Patrimonio Hist\u00f3rico y Turismo del Ayuntamiento de Carmona, Ram\u00f3n Gavira y el profesor de la UPO Francisco Lorenzo Bergillos, que coordina el seminario.<\/p>\n","protected":false},"author":2,"featured_media":1180491,"comment_status":"closed","ping_status":"open","sticky":false,"template":"","format":"standard","meta":{"_monsterinsights_skip_tracking":false,"_monsterinsights_sitenote_active":false,"_monsterinsights_sitenote_note":"","_monsterinsights_sitenote_category":0,"footnotes":""},"categories":[729],"tags":[23,785,141,22,519],"class_list":["post-1180485","post","type-post","status-publish","format-standard","has-post-thumbnail","hentry","category-cursos-verano","tag-carmona","tag-consejeria-educacion","tag-curso","tag-cursos-de-verano","tag-olavide-en-carmona"],"_links":{"self":[{"href":"https:\/\/www.upo.es\/diario\/wp-json\/wp\/v2\/posts\/1180485","targetHints":{"allow":["GET"]}}],"collection":[{"href":"https:\/\/www.upo.es\/diario\/wp-json\/wp\/v2\/posts"}],"about":[{"href":"https:\/\/www.upo.es\/diario\/wp-json\/wp\/v2\/types\/post"}],"author":[{"embeddable":true,"href":"https:\/\/www.upo.es\/diario\/wp-json\/wp\/v2\/users\/2"}],"replies":[{"embeddable":true,"href":"https:\/\/www.upo.es\/diario\/wp-json\/wp\/v2\/comments?post=1180485"}],"version-history":[{"count":1,"href":"https:\/\/www.upo.es\/diario\/wp-json\/wp\/v2\/posts\/1180485\/revisions"}],"predecessor-version":[{"id":1180492,"href":"https:\/\/www.upo.es\/diario\/wp-json\/wp\/v2\/posts\/1180485\/revisions\/1180492"}],"wp:featuredmedia":[{"embeddable":true,"href":"https:\/\/www.upo.es\/diario\/wp-json\/wp\/v2\/media\/1180491"}],"wp:attachment":[{"href":"https:\/\/www.upo.es\/diario\/wp-json\/wp\/v2\/media?parent=1180485"}],"wp:term":[{"taxonomy":"category","embeddable":true,"href":"https:\/\/www.upo.es\/diario\/wp-json\/wp\/v2\/categories?post=1180485"},{"taxonomy":"post_tag","embeddable":true,"href":"https:\/\/www.upo.es\/diario\/wp-json\/wp\/v2\/tags?post=1180485"}],"curies":[{"name":"wp","href":"https:\/\/api.w.org\/{rel}","templated":true}]}}