{"id":11805760,"date":"2016-01-18T11:33:49","date_gmt":"2016-01-18T11:33:49","guid":{"rendered":"https:\/\/www.upo.es\/diario\/?p=11805760"},"modified":"2016-01-18T11:34:20","modified_gmt":"2016-01-18T11:34:20","slug":"la-universidad-pablo-de-olavide-recibe-a-sus-nuevos-estudiantes-de-movilidad-internacional","status":"publish","type":"post","link":"https:\/\/www.upo.es\/diario\/institucional\/2016\/01\/la-universidad-pablo-de-olavide-recibe-a-sus-nuevos-estudiantes-de-movilidad-internacional\/","title":{"rendered":"La Universidad Pablo de Olavide recibe a sus nuevos estudiantes de movilidad internacional"},"content":{"rendered":"<figure id=\"attachment_11805761\" aria-describedby=\"caption-attachment-11805761\" style=\"width: 600px\" class=\"wp-caption aligncenter\"><a href=\"https:\/\/www.upo.es\/diario\/wp-content\/uploads\/2016\/01\/bienvenida_movilidad_internacional01.jpg\"><img loading=\"lazy\" decoding=\"async\" class=\"size-large wp-image-11805761\" alt=\"Imagen de los estudiantes de movilidad internacional que han acudido a la UPO esta ma\u00f1ana. \" src=\"https:\/\/www.upo.es\/diario\/wp-content\/uploads\/2016\/01\/bienvenida_movilidad_internacional01-600x399.jpg\" width=\"600\" height=\"399\" srcset=\"https:\/\/www.upo.es\/diario\/wp-content\/uploads\/2016\/01\/bienvenida_movilidad_internacional01-600x399.jpg 600w, https:\/\/www.upo.es\/diario\/wp-content\/uploads\/2016\/01\/bienvenida_movilidad_internacional01-320x213.jpg 320w\" sizes=\"auto, (max-width: 600px) 100vw, 600px\" \/><\/a><figcaption id=\"caption-attachment-11805761\" class=\"wp-caption-text\">Imagen de los estudiantes de movilidad internacional que han acudido a la UPO esta ma\u00f1ana.<\/figcaption><\/figure>\n<p>La Universidad Pablo de Olavide ha dado la bienvenida hoy lunes a los primeros de los m\u00e1s de 200 estudiantes de movilidad internacional que se incorporar\u00e1n a sus aulas en este segundo semestre, quienes han sido recibidos por el director general de Relaciones Internacionales, Jos\u00e9 Mar\u00eda Mor\u00e1n Carrillo.<\/p>\n<figure id=\"attachment_11805763\" aria-describedby=\"caption-attachment-11805763\" style=\"width: 320px\" class=\"wp-caption alignleft\"><a href=\"https:\/\/www.upo.es\/diario\/wp-content\/uploads\/2016\/01\/bienvenida_movilidad_internacional02.jpg\"><img loading=\"lazy\" decoding=\"async\" class=\"size-medium wp-image-11805763\" alt=\"El director general de Relaciones Internacionales, Jos\u00e9 Mar\u00eda Mor\u00e1n Carrillo, ha dado la bienvenida a los nuevos estudiantes.\" src=\"https:\/\/www.upo.es\/diario\/wp-content\/uploads\/2016\/01\/bienvenida_movilidad_internacional02-320x213.jpg\" width=\"320\" height=\"213\" srcset=\"https:\/\/www.upo.es\/diario\/wp-content\/uploads\/2016\/01\/bienvenida_movilidad_internacional02-320x213.jpg 320w, https:\/\/www.upo.es\/diario\/wp-content\/uploads\/2016\/01\/bienvenida_movilidad_internacional02-600x399.jpg 600w\" sizes=\"auto, (max-width: 320px) 100vw, 320px\" \/><\/a><figcaption id=\"caption-attachment-11805763\" class=\"wp-caption-text\">El director general de Relaciones Internacionales, Jos\u00e9 Mar\u00eda Mor\u00e1n Carrillo, ha dado la bienvenida a los nuevos estudiantes.<\/figcaption><\/figure>\n<p>Tras la bienvenida institucional se ha celebrado una reuni\u00f3n informativa en la que las responsables de los estudiantes internacionales les han ofrecido un primer acercamiento a la universidad y, despu\u00e9s, los estudiantes colaboradores han guiado a los reci\u00e9n llegados por distintos puntos de inter\u00e9s dentro del campus, como la Biblioteca o el Servicio de Deportes.<\/p>\n<p>La mayor\u00eda de estos estudiantes internacionales son beneficiarios del programa Erasmus, pero tambi\u00e9n existen estudiantes procedentes de Latinoam\u00e9rica en el marco de los programas ANUIES\/CRUE y Santander-Grado.<\/p>\n","protected":false},"excerpt":{"rendered":"<p>La Universidad Pablo de Olavide ha dado la bienvenida hoy lunes a los primeros de los m\u00e1s de 200 estudiantes de movilidad internacional que se incorporar\u00e1n a sus aulas en este segundo semestre, quienes han sido recibidos por el director general de Relaciones Internacionales, Jos\u00e9 Mar\u00eda Mor\u00e1n Carrillo.<\/p>\n","protected":false},"author":2,"featured_media":0,"comment_status":"closed","ping_status":"open","sticky":false,"template":"","format":"standard","meta":{"_monsterinsights_skip_tracking":false,"_monsterinsights_sitenote_active":false,"_monsterinsights_sitenote_note":"","_monsterinsights_sitenote_category":0,"footnotes":""},"categories":[6],"tags":[853,846,21,2555,1282,171],"class_list":["post-11805760","post","type-post","status-publish","format-standard","hentry","category-institucional","tag-bienvenida","tag-erasmus","tag-estudiantes","tag-latinoamerica","tag-movilidad-internacional","tag-relaciones-internacionales"],"_links":{"self":[{"href":"https:\/\/www.upo.es\/diario\/wp-json\/wp\/v2\/posts\/11805760","targetHints":{"allow":["GET"]}}],"collection":[{"href":"https:\/\/www.upo.es\/diario\/wp-json\/wp\/v2\/posts"}],"about":[{"href":"https:\/\/www.upo.es\/diario\/wp-json\/wp\/v2\/types\/post"}],"author":[{"embeddable":true,"href":"https:\/\/www.upo.es\/diario\/wp-json\/wp\/v2\/users\/2"}],"replies":[{"embeddable":true,"href":"https:\/\/www.upo.es\/diario\/wp-json\/wp\/v2\/comments?post=11805760"}],"version-history":[{"count":2,"href":"https:\/\/www.upo.es\/diario\/wp-json\/wp\/v2\/posts\/11805760\/revisions"}],"predecessor-version":[{"id":11805765,"href":"https:\/\/www.upo.es\/diario\/wp-json\/wp\/v2\/posts\/11805760\/revisions\/11805765"}],"wp:attachment":[{"href":"https:\/\/www.upo.es\/diario\/wp-json\/wp\/v2\/media?parent=11805760"}],"wp:term":[{"taxonomy":"category","embeddable":true,"href":"https:\/\/www.upo.es\/diario\/wp-json\/wp\/v2\/categories?post=11805760"},{"taxonomy":"post_tag","embeddable":true,"href":"https:\/\/www.upo.es\/diario\/wp-json\/wp\/v2\/tags?post=11805760"}],"curies":[{"name":"wp","href":"https:\/\/api.w.org\/{rel}","templated":true}]}}