{"id":11806744,"date":"2016-01-18T13:03:29","date_gmt":"2016-01-18T13:03:29","guid":{"rendered":"https:\/\/www.upo.es\/diario\/?p=11806744"},"modified":"2016-01-18T13:03:29","modified_gmt":"2016-01-18T13:03:29","slug":"notable-para-la-tesis-participacion-y-empoderamiento-de-las-mujeres-rurales-y-su-aporte-para-mejorar-las-condiciones-de-pobreza-y-diseno-de-politicas-publicas-con-equidad-de-genero","status":"publish","type":"post","link":"https:\/\/www.upo.es\/diario\/tesis\/2016\/01\/notable-para-la-tesis-participacion-y-empoderamiento-de-las-mujeres-rurales-y-su-aporte-para-mejorar-las-condiciones-de-pobreza-y-diseno-de-politicas-publicas-con-equidad-de-genero\/","title":{"rendered":"Notable para la tesis \u201cParticipaci\u00f3n y empoderamiento de las mujeres rurales y su aporte para mejorar las condiciones de pobreza y dise\u00f1o de pol\u00edticas p\u00fablicas con equidad de g\u00e9nero\u201d"},"content":{"rendered":"<p>El pasado viernes tuvo lugar en la sala de prensa del Rectorado la defensa p\u00fablica de la tesis doctoral titulada \u201cParticipaci\u00f3n y empoderamiento de las mujeres rurales y su aporte para mejorar las condiciones de pobreza y dise\u00f1o de pol\u00edticas p\u00fablicas con equidad de g\u00e9nero\u201d, de la que es autor Jaime Rodrigo Moreno Vallejo. Esta tesis doctoral, dirigida por los profesores Rosal\u00eda Mart\u00ednez Garc\u00eda y V\u00edctor Manuel Mu\u00f1oz S\u00e1nchez de la Universidad Pablo de Olavide, ha obtenido la calificaci\u00f3n de Notable.<\/p>\n","protected":false},"excerpt":{"rendered":"<p>El pasado viernes tuvo lugar en la sala de prensa del Rectorado la defensa p\u00fablica de la tesis doctoral titulada \u201cParticipaci\u00f3n y empoderamiento de las mujeres rurales y su aporte para mejorar las condiciones de pobreza y dise\u00f1o de pol\u00edticas p\u00fablicas con equidad de g\u00e9nero\u201d, de la que es autor Jaime Rodrigo Moreno Vallejo. Esta tesis doctoral, dirigida por los profesores Rosal\u00eda Mart\u00ednez Garc\u00eda y V\u00edctor Manuel Mu\u00f1oz S\u00e1nchez de la Universidad Pablo de Olavide, ha obtenido la calificaci\u00f3n de Notable.<\/p>\n","protected":false},"author":5,"featured_media":0,"comment_status":"closed","ping_status":"open","sticky":false,"template":"","format":"standard","meta":{"_monsterinsights_skip_tracking":false,"_monsterinsights_sitenote_active":false,"_monsterinsights_sitenote_note":"","_monsterinsights_sitenote_category":0,"footnotes":""},"categories":[119],"tags":[336,517,233,1170,2404,104],"class_list":["post-11806744","post","type-post","status-publish","format-standard","hentry","category-tesis","tag-genero","tag-igualdad","tag-mujer","tag-politicas-publicas","tag-rural","tag-sociologia"],"_links":{"self":[{"href":"https:\/\/www.upo.es\/diario\/wp-json\/wp\/v2\/posts\/11806744","targetHints":{"allow":["GET"]}}],"collection":[{"href":"https:\/\/www.upo.es\/diario\/wp-json\/wp\/v2\/posts"}],"about":[{"href":"https:\/\/www.upo.es\/diario\/wp-json\/wp\/v2\/types\/post"}],"author":[{"embeddable":true,"href":"https:\/\/www.upo.es\/diario\/wp-json\/wp\/v2\/users\/5"}],"replies":[{"embeddable":true,"href":"https:\/\/www.upo.es\/diario\/wp-json\/wp\/v2\/comments?post=11806744"}],"version-history":[{"count":1,"href":"https:\/\/www.upo.es\/diario\/wp-json\/wp\/v2\/posts\/11806744\/revisions"}],"predecessor-version":[{"id":11806745,"href":"https:\/\/www.upo.es\/diario\/wp-json\/wp\/v2\/posts\/11806744\/revisions\/11806745"}],"wp:attachment":[{"href":"https:\/\/www.upo.es\/diario\/wp-json\/wp\/v2\/media?parent=11806744"}],"wp:term":[{"taxonomy":"category","embeddable":true,"href":"https:\/\/www.upo.es\/diario\/wp-json\/wp\/v2\/categories?post=11806744"},{"taxonomy":"post_tag","embeddable":true,"href":"https:\/\/www.upo.es\/diario\/wp-json\/wp\/v2\/tags?post=11806744"}],"curies":[{"name":"wp","href":"https:\/\/api.w.org\/{rel}","templated":true}]}}