{"id":1180739,"date":"2013-07-11T06:35:08","date_gmt":"2013-07-11T06:35:08","guid":{"rendered":"https:\/\/www.upo.es\/diario\/?p=1180739"},"modified":"2013-07-12T11:50:10","modified_gmt":"2013-07-12T11:50:10","slug":"la-presidenta-de-la-federacion-de-asociaciones-de-periodistas-de-espana-cierra-manana-el-curso-sobre-periodismo","status":"publish","type":"post","link":"https:\/\/www.upo.es\/diario\/institucional\/2013\/07\/la-presidenta-de-la-federacion-de-asociaciones-de-periodistas-de-espana-cierra-manana-el-curso-sobre-periodismo\/","title":{"rendered":"La presidenta de la Federaci\u00f3n de Asociaciones de Periodistas de Espa\u00f1a cierra ma\u00f1ana el curso sobre periodismo"},"content":{"rendered":"<figure id=\"attachment_1105267\" aria-describedby=\"caption-attachment-1105267\" style=\"width: 320px\" class=\"wp-caption alignright\"><a href=\"https:\/\/www.upo.es\/diario\/wp-content\/uploads\/2013\/06\/CursosdeVerano2013-1.jpg\"><img loading=\"lazy\" decoding=\"async\" class=\"size-medium wp-image-1105267\" alt=\"Cursos de Verano de la UPO 2013, cartel\" src=\"https:\/\/www.upo.es\/diario\/wp-content\/uploads\/2013\/06\/CursosdeVerano2013-1-320x213.jpg\" width=\"320\" height=\"213\" srcset=\"https:\/\/www.upo.es\/diario\/wp-content\/uploads\/2013\/06\/CursosdeVerano2013-1-320x213.jpg 320w, https:\/\/www.upo.es\/diario\/wp-content\/uploads\/2013\/06\/CursosdeVerano2013-1-1024x682.jpg 1024w, https:\/\/www.upo.es\/diario\/wp-content\/uploads\/2013\/06\/CursosdeVerano2013-1-600x399.jpg 600w\" sizes=\"auto, (max-width: 320px) 100vw, 320px\" \/><\/a><figcaption id=\"caption-attachment-1105267\" class=\"wp-caption-text\">Los Cursos de Verano se celebran en la sede universitaria de la UPO en Carmona<\/figcaption><\/figure>\n<p>Ma\u00f1ana viernes 12 de julio, a las 12 horas en la Casa Palacio de Los Briones, Elsa Gonz\u00e1lez,\u00a0 presidenta de la Federaci\u00f3n de Asociaciones de Periodistas de Espa\u00f1a (FAPE), impartir\u00e1 la conferencia de clausura del curso <b>\u201cPeriodismo, Nuevas Alternativas\u201d, <\/b>que lleva por t\u00edtulo \u201cEl papel de los periodistas y de las asociaciones y colegios profesionales en el presente y futuro del periodismo\u201d. Previamente, a las 10 horas, se celebrar\u00e1 la mesa redonda \u201cFacultades de Comunicaci\u00f3n: \u00bfSon necesarias? \u00bfEnse\u00f1an a ser periodista?\u201d, compuesta por Antonio Checa Godoy, decano de la Facultad de Comunicaci\u00f3n de la Universidad de Sevilla, y Juan Antonio Garc\u00eda Galindo, decano de la Facultad de Comunicaci\u00f3n de la Universidad de M\u00e1laga.<\/p>\n<p>El curso <b>\u201cLas pruebas PISA a examen: educaci\u00f3n ling\u00fc\u00edstica y rankings internacionales\u201d<\/b>, que tambi\u00e9n finaliza ma\u00f1ana viernes, contar\u00e1 en su \u00faltima jornada con la participaci\u00f3n de Juan Daniel Ram\u00edrez Garrido, catedr\u00e1tico de Psicolog\u00eda B\u00e1sica de la Universidad Pablo de Olavide, quien, a las 10 horas en la Casa Palacio de Los Briones, impartir\u00e1 la conferencia \u201cLa escritura despu\u00e9s de PISA. Hacia la refundaci\u00f3n de las pr\u00e1cticas alfetizadoras\u201d. Posteriormente, a las 11.30 horas, se celebrar\u00e1 la mesa redonda \u201cPISA y sociedad. \u00bfC\u00f3mo se reflejan los rankings en los medios de comunicaci\u00f3n?\u201d, en la que intervienen Manuel Planelles, redactor especializado en Educaci\u00f3n de El Pa\u00eds; M\u00aa Eugenia Guti\u00e9rrez Jim\u00e9nez, profesora de Periodismo Social de la Universidad de Sevilla, y Agust\u00edn Olmos, periodista de Canal Sur y profesor de la Facultad de Comunicaci\u00f3n de la Universidad de Sevilla.<\/p>\n<p>A las 13 horas, Manuel \u00c1ngel V\u00e1zquez Medel, catedr\u00e1tico de Literatura Espa\u00f1ola (Literatura y Comunicaci\u00f3n) de la Universidad de Sevilla, y Diego Geniz, redactor especializado en Educaci\u00f3n de Diario de Sevilla, hablar\u00e1n sobre \u201cEl proyecto de C\u00e1tedra Unesco en Lectoescritura para la transformaci\u00f3n de los procesos formativos en Andaluc\u00eda\u201d.<\/p>\n<p>Ma\u00f1ana viernes tambi\u00e9n finaliza en la Casa Palacio de Los Briones el curso <b>\u201cC\u00f3mo arrancar mi propio negocio en tiempos de crisis\u201d. <\/b>En esta \u00faltima jornada, Francisco Jos\u00e9 Gonz\u00e1lez del Pi\u00f1al Pacheco y Borja Villa Ramos, profesores del Departamento de Organizaci\u00f3n de Empresas y Marketing de la UPO, ofrecer\u00e1n dos talleres pr\u00e1cticos. El taller de las 8.30 horas lleva por t\u00edtulo \u201cPlan de RR.HH. Liderazgo de equipos\u201d, y el de las 11.30 horas abordar\u00e1 la \u201cDirecci\u00f3n de operaciones. Qu\u00e9 pasos tenemos que dar para dar al cliente lo que hemos prometido\u201d.<\/p>\n","protected":false},"excerpt":{"rendered":"<p>Ma\u00f1ana viernes 12 de julio, a las 12 horas en la Casa Palacio de Los Briones, Elsa Gonz\u00e1lez,  presidenta de la Federaci\u00f3n de Asociaciones de Periodistas de Espa\u00f1a (FAPE), impartir\u00e1 la conferencia de clausura del curso \u201cPeriodismo, Nuevas Alternativas\u201d, que lleva por t\u00edtulo \u201cEl papel de los periodistas y de las asociaciones y colegios profesionales en el presente y futuro del periodismo\u201d. <\/p>\n","protected":false},"author":2,"featured_media":0,"comment_status":"closed","ping_status":"open","sticky":false,"template":"","format":"standard","meta":{"_monsterinsights_skip_tracking":false,"_monsterinsights_sitenote_active":false,"_monsterinsights_sitenote_note":"","_monsterinsights_sitenote_category":0,"footnotes":""},"categories":[6],"tags":[23,141,22,519],"class_list":["post-1180739","post","type-post","status-publish","format-standard","hentry","category-institucional","tag-carmona","tag-curso","tag-cursos-de-verano","tag-olavide-en-carmona"],"_links":{"self":[{"href":"https:\/\/www.upo.es\/diario\/wp-json\/wp\/v2\/posts\/1180739","targetHints":{"allow":["GET"]}}],"collection":[{"href":"https:\/\/www.upo.es\/diario\/wp-json\/wp\/v2\/posts"}],"about":[{"href":"https:\/\/www.upo.es\/diario\/wp-json\/wp\/v2\/types\/post"}],"author":[{"embeddable":true,"href":"https:\/\/www.upo.es\/diario\/wp-json\/wp\/v2\/users\/2"}],"replies":[{"embeddable":true,"href":"https:\/\/www.upo.es\/diario\/wp-json\/wp\/v2\/comments?post=1180739"}],"version-history":[{"count":6,"href":"https:\/\/www.upo.es\/diario\/wp-json\/wp\/v2\/posts\/1180739\/revisions"}],"predecessor-version":[{"id":1186397,"href":"https:\/\/www.upo.es\/diario\/wp-json\/wp\/v2\/posts\/1180739\/revisions\/1186397"}],"wp:attachment":[{"href":"https:\/\/www.upo.es\/diario\/wp-json\/wp\/v2\/media?parent=1180739"}],"wp:term":[{"taxonomy":"category","embeddable":true,"href":"https:\/\/www.upo.es\/diario\/wp-json\/wp\/v2\/categories?post=1180739"},{"taxonomy":"post_tag","embeddable":true,"href":"https:\/\/www.upo.es\/diario\/wp-json\/wp\/v2\/tags?post=1180739"}],"curies":[{"name":"wp","href":"https:\/\/api.w.org\/{rel}","templated":true}]}}