{"id":11817270,"date":"2016-01-19T01:57:23","date_gmt":"2016-01-19T01:57:23","guid":{"rendered":"https:\/\/www.upo.es\/diario\/?p=11817270"},"modified":"2016-01-19T13:56:24","modified_gmt":"2016-01-19T13:56:24","slug":"estudiantes-del-ciclo-formativo-de-eficiencia-energetica-y-energia-solar-termica-visitan-la-upo","status":"publish","type":"post","link":"https:\/\/www.upo.es\/diario\/institucional\/2016\/01\/estudiantes-del-ciclo-formativo-de-eficiencia-energetica-y-energia-solar-termica-visitan-la-upo\/","title":{"rendered":"Estudiantes del ciclo formativo de Eficiencia Energ\u00e9tica y Energ\u00eda Solar T\u00e9rmica visitan la UPO"},"content":{"rendered":"<figure id=\"attachment_11817272\" aria-describedby=\"caption-attachment-11817272\" style=\"width: 600px\" class=\"wp-caption aligncenter\"><a href=\"https:\/\/www.upo.es\/diario\/wp-content\/uploads\/2016\/01\/Visita_iesvirgendelcarmen.jpg\"><img loading=\"lazy\" decoding=\"async\" class=\"size-large wp-image-11817272\" alt=\"Estudiantes del ciclo formativo de grado superior en Eficiencia Energ\u00e9tica y Energ\u00eda Solar T\u00e9rmica del IES Virgen del Carmen de Puerto Real (C\u00e1diz).\" src=\"https:\/\/www.upo.es\/diario\/wp-content\/uploads\/2016\/01\/Visita_iesvirgendelcarmen-600x436.jpg\" width=\"600\" height=\"436\" srcset=\"https:\/\/www.upo.es\/diario\/wp-content\/uploads\/2016\/01\/Visita_iesvirgendelcarmen-600x436.jpg 600w, https:\/\/www.upo.es\/diario\/wp-content\/uploads\/2016\/01\/Visita_iesvirgendelcarmen-320x233.jpg 320w\" sizes=\"auto, (max-width: 600px) 100vw, 600px\" \/><\/a><figcaption id=\"caption-attachment-11817272\" class=\"wp-caption-text\">Estudiantes del ciclo formativo de grado superior en Eficiencia Energ\u00e9tica y Energ\u00eda Solar T\u00e9rmica del IES Virgen del Carmen de Puerto Real (C\u00e1diz).<\/figcaption><\/figure>\n<p style=\"text-align: justify;\">Un total de 25 estudiantes junto a sus profesores del <strong>ciclo formativo de grado superior en Eficiencia Energ\u00e9tica y Energ\u00eda Solar T\u00e9rmica<\/strong> del<strong> IES Virgen del Carmen de Puerto Real<\/strong> (C\u00e1diz)\u00a0 han visitado la <strong>Universidad Pablo de Olavide<\/strong> para conocer de primera instancia el <strong>Sistema de Control de Instalaciones y Eficiencia Energ\u00e9tica<\/strong> (SGIEE). Este sistema, desarrollado con la aplicaci\u00f3n <strong>Power Studio<\/strong>, ha sido certificado con la norma internacional <strong>UNE-EN ISO 50001:2011<\/strong>, Sistemas de Gesti\u00f3n de la Energ\u00eda, por la empresa <strong>Bureau Veritas<\/strong> el pasado mes de junio.<\/p>\n<p style=\"text-align: justify;\">La actividad, que ha sido organizada por el <strong>\u00c1rea de Infraestructuras, Mantenimiento y Eficiencia Energ\u00e9tica<\/strong> dependiente de la <strong>Direcci\u00f3n General de Infraestructuras y Espacios de la UPO<\/strong>, tiene como objetivo informar y orientar a los estudiantes sobre la programaci\u00f3n en Power Studio del control de las instalaciones e infraestructuras y los procesos y procedimientos implementados para la obtenci\u00f3n de la certificaci\u00f3n conforme a la norma UNE-EN ISO 50001.<\/p>\n<p style=\"text-align: justify;\">Los estudiantes del ciclo formativo de grado superior en Eficiencia Energ\u00e9tica y Energ\u00eda Solar T\u00e9rmica han sido recibidos por Ignacio Contreras Rubio, director general de Infraestructuras y Espacios de la UPO, Jos\u00e9 Lu\u00eds Pav\u00f3n Fern\u00e1ndez, director del \u00c1rea de Infraestructuras, Mantenimiento y Eficiencia Energ\u00e9tica, y Fernando Cerezo Aguilar, responsable de la Unidad de Eficiencia Energ\u00e9tica.<\/p>\n<p style=\"text-align: justify;\">La visita se ha articulado en dos sesiones, la primera informativa en la que se ha presentado la Universidad Pablo de Olavide como referente en los temas de Eficiencia Energ\u00e9tica, y su participaci\u00f3n y reconocimiento en distintos foros nacionales y se ha explicado el funcionamiento del SGIEE. La segunda parte de la sesi\u00f3n ha consistido en un recorrido por las diferentes instalaciones del campus de la Olavide.<\/p>\n","protected":false},"excerpt":{"rendered":"<p>Un total de 25 estudiantes junto a sus profesores del ciclo formativo de grado superior en Eficiencia Energ\u00e9tica y Energ\u00eda Solar T\u00e9rmica del IES Virgen del Carmen de Puerto Real (C\u00e1diz)  han visitado la Universidad Pablo de Olavide para conocer de primera instancia el Sistema de Control de Instalaciones y Eficiencia Energ\u00e9tica (SGIEE). <\/p>\n","protected":false},"author":4,"featured_media":0,"comment_status":"closed","ping_status":"open","sticky":false,"template":"","format":"standard","meta":{"_monsterinsights_skip_tracking":false,"_monsterinsights_sitenote_active":false,"_monsterinsights_sitenote_note":"","_monsterinsights_sitenote_category":0,"footnotes":""},"categories":[6],"tags":[2959,913,2958,2960,618,297],"class_list":["post-11817270","post","type-post","status-publish","format-standard","hentry","category-institucional","tag-ciclo-formativo","tag-eficiencia-energetica","tag-energia-solar-termica","tag-ies-virgen-del-carmen","tag-infraestructuras","tag-visita"],"_links":{"self":[{"href":"https:\/\/www.upo.es\/diario\/wp-json\/wp\/v2\/posts\/11817270","targetHints":{"allow":["GET"]}}],"collection":[{"href":"https:\/\/www.upo.es\/diario\/wp-json\/wp\/v2\/posts"}],"about":[{"href":"https:\/\/www.upo.es\/diario\/wp-json\/wp\/v2\/types\/post"}],"author":[{"embeddable":true,"href":"https:\/\/www.upo.es\/diario\/wp-json\/wp\/v2\/users\/4"}],"replies":[{"embeddable":true,"href":"https:\/\/www.upo.es\/diario\/wp-json\/wp\/v2\/comments?post=11817270"}],"version-history":[{"count":3,"href":"https:\/\/www.upo.es\/diario\/wp-json\/wp\/v2\/posts\/11817270\/revisions"}],"predecessor-version":[{"id":11818738,"href":"https:\/\/www.upo.es\/diario\/wp-json\/wp\/v2\/posts\/11817270\/revisions\/11818738"}],"wp:attachment":[{"href":"https:\/\/www.upo.es\/diario\/wp-json\/wp\/v2\/media?parent=11817270"}],"wp:term":[{"taxonomy":"category","embeddable":true,"href":"https:\/\/www.upo.es\/diario\/wp-json\/wp\/v2\/categories?post=11817270"},{"taxonomy":"post_tag","embeddable":true,"href":"https:\/\/www.upo.es\/diario\/wp-json\/wp\/v2\/tags?post=11817270"}],"curies":[{"name":"wp","href":"https:\/\/api.w.org\/{rel}","templated":true}]}}