{"id":11842062,"date":"2016-01-22T05:55:21","date_gmt":"2016-01-22T05:55:21","guid":{"rendered":"https:\/\/www.upo.es\/diario\/?p=11842062"},"modified":"2016-01-22T07:41:31","modified_gmt":"2016-01-22T07:41:31","slug":"manana-comienza-el-ciclo-de-conferencias-nodo-atlantico-coredexpolycentricstates","status":"publish","type":"post","link":"https:\/\/www.upo.es\/diario\/ciencia\/2016\/01\/manana-comienza-el-ciclo-de-conferencias-nodo-atlantico-coredexpolycentricstates\/","title":{"rendered":"Hoy comienza el ciclo de conferencias \u201cNodo Atl\u00e1ntico-Coredex\/Polycentricstates\u201d"},"content":{"rendered":"<p style=\"text-align: justify;\"><a href=\"https:\/\/www.upo.es\/diario\/wp-content\/uploads\/2016\/01\/Ciclo-de-Conferencias-NODO-ATL\u00c1NTICO-1.jpg\"><img loading=\"lazy\" decoding=\"async\" class=\"alignright size-medium wp-image-11842065\" alt=\"Microsoft Word - Ciclo de Conferencias NODO ATL\u00c1NTICO (1).docx\" src=\"https:\/\/www.upo.es\/diario\/wp-content\/uploads\/2016\/01\/Ciclo-de-Conferencias-NODO-ATL\u00c1NTICO-1-237x320.jpg\" width=\"237\" height=\"320\" srcset=\"https:\/\/www.upo.es\/diario\/wp-content\/uploads\/2016\/01\/Ciclo-de-Conferencias-NODO-ATL\u00c1NTICO-1-237x320.jpg 237w, https:\/\/www.upo.es\/diario\/wp-content\/uploads\/2016\/01\/Ciclo-de-Conferencias-NODO-ATL\u00c1NTICO-1-445x600.jpg 445w, https:\/\/www.upo.es\/diario\/wp-content\/uploads\/2016\/01\/Ciclo-de-Conferencias-NODO-ATL\u00c1NTICO-1-600x808.jpg 600w\" sizes=\"auto, (max-width: 237px) 100vw, 237px\" \/><\/a>Hoy viernes 22 de enero, a las 10 horas en la en la sala Calder\u00f3n Quijano de la <strong>Escuela de Estudios Hispano-Americanos<\/strong> (C\/ Alfonso XII, 16) comienza el <b>ciclo de conferencias \u201cNodo Atl\u00e1ntico-Coredex\/Polycentricstates\u201d<\/b> organizado por el <strong>\u00c1rea de Historia Moderna de la UPO<\/strong> con la colaboraci\u00f3n de <strong>Universidad de Murcia<\/strong> y la Escuela de Estudios Hispano-Americanos.<\/p>\n<p style=\"text-align: justify;\">El ciclo, que tiene como objetivo discutir sobre m\u00e9todos y nuevas l\u00edneas de investigaci\u00f3n en el \u00e1mbito de la Historia Moderna desde una perspectiva interdisciplinar, comenzar\u00e1 con la ponencia de <strong>Horst Pietschmann<\/strong> de la <strong>Universidad de Hamburgo<\/strong>, quien intervendr\u00e1 con \u201cLa log\u00edstica del imperio bipolar Habsburgo como causa de su desintegraci\u00f3n: de Carlos V a la Paz de Westfalia\u201d. La segunda ponencia ser\u00e1 impartida por<strong> Cristina Bravo Lozano<\/strong> de la <strong>Universidad Pablo de Olavide<\/strong>, quien abordar\u00e1 \u201cEl limes de la religi\u00f3n de Espa\u00f1a: la red de capillas en Londres, La Haya y Hamburgo (1648-1702)\u201d. Tras finalizar las conferencias, se abrir\u00e1 un debate moderado por Manuel Herrero S\u00e1nchez, profesor de Historia Moderna de la Universidad Pablo de Olavide.<\/p>\n<p style=\"text-align: justify;\">El ciclo de conferencias \u201cNodo Atl\u00e1ntico-Coredex\/Polycentricstates\u201d est\u00e1 vinculado al <a href=\"https:\/\/www.upo.es\/postgrado\/Doctorado-Historia-y-Estudios-Humanisticos-Europa-America-Arte-y-Lenguas\">doctorado en Historia y Estudios Human\u00edsticos: Europa, Arte y Lenguas<\/a> de la UPO y al Nodo Atl\u00e1ntico de la red de Excelencia Columnaria-Coredex, as\u00ed como al proyecto Polycentricstates (HAR2013-45357-P). Asimismo, cuenta con la financiaci\u00f3n del Centros de Estudios de Postgrado de la UPO (CEDEP) y la colaboraci\u00f3n de la <a href=\"http:\/\/revistadehistoriaeufrates.blogspot.com.es\/\">revista \u00c9ufrates<\/a>.<\/p>\n","protected":false},"excerpt":{"rendered":"<p>Hoy viernes 22 de enero, a las 10 horas en la en la sala Calder\u00f3n Quijano de la Escuela de Estudios Hispano-Americanos (C\/ Alfonso XII, 16) comienza el ciclo de conferencias \u201cNodo Atl\u00e1ntico-Coredex\/Polycentricstates\u201d , que tiene como objetivo discutir sobre m\u00e9todos y nuevas l\u00edneas de investigaci\u00f3n en el \u00e1mbito de la Historia Moderna desde una perspectiva interdisciplinar.<\/p>\n","protected":false},"author":4,"featured_media":0,"comment_status":"closed","ping_status":"open","sticky":false,"template":"","format":"standard","meta":{"_monsterinsights_skip_tracking":false,"_monsterinsights_sitenote_active":false,"_monsterinsights_sitenote_note":"","_monsterinsights_sitenote_category":0,"footnotes":""},"categories":[3],"tags":[1516,1110,1113,2970,2969],"class_list":["post-11842062","post","type-post","status-publish","format-standard","hentry","category-ciencia","tag-area-de-historia-moderna","tag-ciclo-de-conferencias","tag-eeha","tag-nodo-atlantico","tag-red-columnaria"],"_links":{"self":[{"href":"https:\/\/www.upo.es\/diario\/wp-json\/wp\/v2\/posts\/11842062","targetHints":{"allow":["GET"]}}],"collection":[{"href":"https:\/\/www.upo.es\/diario\/wp-json\/wp\/v2\/posts"}],"about":[{"href":"https:\/\/www.upo.es\/diario\/wp-json\/wp\/v2\/types\/post"}],"author":[{"embeddable":true,"href":"https:\/\/www.upo.es\/diario\/wp-json\/wp\/v2\/users\/4"}],"replies":[{"embeddable":true,"href":"https:\/\/www.upo.es\/diario\/wp-json\/wp\/v2\/comments?post=11842062"}],"version-history":[{"count":6,"href":"https:\/\/www.upo.es\/diario\/wp-json\/wp\/v2\/posts\/11842062\/revisions"}],"predecessor-version":[{"id":11842068,"href":"https:\/\/www.upo.es\/diario\/wp-json\/wp\/v2\/posts\/11842062\/revisions\/11842068"}],"wp:attachment":[{"href":"https:\/\/www.upo.es\/diario\/wp-json\/wp\/v2\/media?parent=11842062"}],"wp:term":[{"taxonomy":"category","embeddable":true,"href":"https:\/\/www.upo.es\/diario\/wp-json\/wp\/v2\/categories?post=11842062"},{"taxonomy":"post_tag","embeddable":true,"href":"https:\/\/www.upo.es\/diario\/wp-json\/wp\/v2\/tags?post=11842062"}],"curies":[{"name":"wp","href":"https:\/\/api.w.org\/{rel}","templated":true}]}}