{"id":11844089,"date":"2016-01-22T05:45:24","date_gmt":"2016-01-22T05:45:24","guid":{"rendered":"https:\/\/www.upo.es\/diario\/?p=11844089"},"modified":"2016-01-22T05:45:25","modified_gmt":"2016-01-22T05:45:25","slug":"la-universidad-pablo-de-olavide-recibe-hoy-a-sus-nuevos-estudiantes-de-movilidad-internacional","status":"publish","type":"post","link":"https:\/\/www.upo.es\/diario\/institucional\/2016\/01\/la-universidad-pablo-de-olavide-recibe-hoy-a-sus-nuevos-estudiantes-de-movilidad-internacional\/","title":{"rendered":"La Universidad Pablo de Olavide recibe hoy a sus nuevos estudiantes de movilidad internacional"},"content":{"rendered":"<p>La Universidad Pablo de Olavide recibe hoy, a las 9:45 horas en la sala de grados de la Biblioteca, a los casi <strong>200 nuevos estudiantes de movilidad internacional que se incorporar\u00e1n a sus aulas en este segundo semestre<\/strong>. El director general de Relaciones Internacionales de la UPO, Jos\u00e9 Mar\u00eda Mor\u00e1n Carrillo, ser\u00e1 el encargado de recibir a los estudiantes.<\/p>\n<p>Despu\u00e9s se celebrar\u00e1 una reuni\u00f3n informativa en la que las responsables de los alumnos internacionales les ofrecer\u00e1n un primer acercamiento a la universidad y, a continuaci\u00f3n, los estudiantes colaboradores guiar\u00e1n a los reci\u00e9n llegados por distintos puntos de inter\u00e9s dentro del campus, como la Biblioteca o el Servicio de Deportes.<\/p>\n","protected":false},"excerpt":{"rendered":"<p>La Universidad Pablo de Olavide recibe hoy, a las 9.45 horas en la sala de grados de la Biblioteca, a los casi 200 nuevos estudiantes de movilidad internacional que se incorporar\u00e1n a sus aulas en este segundo semestre.<\/p>\n","protected":false},"author":6,"featured_media":0,"comment_status":"closed","ping_status":"open","sticky":false,"template":"","format":"standard","meta":{"_monsterinsights_skip_tracking":false,"_monsterinsights_sitenote_active":false,"_monsterinsights_sitenote_note":"","_monsterinsights_sitenote_category":0,"footnotes":""},"categories":[6],"tags":[846,21,446,2580],"class_list":["post-11844089","post","type-post","status-publish","format-standard","hentry","category-institucional","tag-erasmus","tag-estudiantes","tag-internacional","tag-jornadas-de-bienvenida"],"_links":{"self":[{"href":"https:\/\/www.upo.es\/diario\/wp-json\/wp\/v2\/posts\/11844089","targetHints":{"allow":["GET"]}}],"collection":[{"href":"https:\/\/www.upo.es\/diario\/wp-json\/wp\/v2\/posts"}],"about":[{"href":"https:\/\/www.upo.es\/diario\/wp-json\/wp\/v2\/types\/post"}],"author":[{"embeddable":true,"href":"https:\/\/www.upo.es\/diario\/wp-json\/wp\/v2\/users\/6"}],"replies":[{"embeddable":true,"href":"https:\/\/www.upo.es\/diario\/wp-json\/wp\/v2\/comments?post=11844089"}],"version-history":[{"count":2,"href":"https:\/\/www.upo.es\/diario\/wp-json\/wp\/v2\/posts\/11844089\/revisions"}],"predecessor-version":[{"id":11851462,"href":"https:\/\/www.upo.es\/diario\/wp-json\/wp\/v2\/posts\/11844089\/revisions\/11851462"}],"wp:attachment":[{"href":"https:\/\/www.upo.es\/diario\/wp-json\/wp\/v2\/media?parent=11844089"}],"wp:term":[{"taxonomy":"category","embeddable":true,"href":"https:\/\/www.upo.es\/diario\/wp-json\/wp\/v2\/categories?post=11844089"},{"taxonomy":"post_tag","embeddable":true,"href":"https:\/\/www.upo.es\/diario\/wp-json\/wp\/v2\/tags?post=11844089"}],"curies":[{"name":"wp","href":"https:\/\/api.w.org\/{rel}","templated":true}]}}