{"id":11853948,"date":"2016-01-25T05:17:29","date_gmt":"2016-01-25T05:17:29","guid":{"rendered":"https:\/\/www.upo.es\/diario\/?p=11853948"},"modified":"2016-01-26T07:55:56","modified_gmt":"2016-01-26T07:55:56","slug":"la-facultad-de-ciencias-experimentales-de-la-upo-celebra-desde-el-lunes-la-semana-de-orientacion-profesional","status":"publish","type":"post","link":"https:\/\/www.upo.es\/diario\/docencia-formacion\/2016\/01\/la-facultad-de-ciencias-experimentales-de-la-upo-celebra-desde-el-lunes-la-semana-de-orientacion-profesional\/","title":{"rendered":"La Facultad de Ciencias Experimentales de la UPO celebra la Semana de Orientaci\u00f3n Profesional"},"content":{"rendered":"<figure id=\"attachment_11889605\" aria-describedby=\"caption-attachment-11889605\" style=\"width: 600px\" class=\"wp-caption aligncenter\"><a href=\"https:\/\/www.upo.es\/diario\/wp-content\/uploads\/2016\/01\/OrientacionProf09.jpg\"><img loading=\"lazy\" decoding=\"async\" class=\"size-large wp-image-11889605\" alt=\"Lourdes Moya,  t\u00e9cnica de Orientaci\u00f3n Profesional de la Fundaci\u00f3n Universidad Pablo de Olavid, ha impartido un taller  sobre competencias y curriculum vitae.\" src=\"https:\/\/www.upo.es\/diario\/wp-content\/uploads\/2016\/01\/OrientacionProf09-600x399.jpg\" width=\"600\" height=\"399\" srcset=\"https:\/\/www.upo.es\/diario\/wp-content\/uploads\/2016\/01\/OrientacionProf09-600x399.jpg 600w, https:\/\/www.upo.es\/diario\/wp-content\/uploads\/2016\/01\/OrientacionProf09-320x213.jpg 320w\" sizes=\"auto, (max-width: 600px) 100vw, 600px\" \/><\/a><figcaption id=\"caption-attachment-11889605\" class=\"wp-caption-text\">Lourdes Moya, t\u00e9cnica de Orientaci\u00f3n Profesional de la Fundaci\u00f3n Universidad Pablo de Olavide, ha impartido un taller sobre competencias y curriculum vitae.<\/figcaption><\/figure>\n<p style=\"text-align: justify;\">Hoy lunes 25 de enero, a las 9 horas, en la sala de grados de la Biblioteca de la Universidad Pablo de Olavide, el decano de la Facultad de Ciencias Experimentales, Antonio Gallardo, junto con la vicedecana de Calidad y Coordinaci\u00f3n Docente, Pilar Ortiz, ha inaugurado la <b>Semana de Orientaci\u00f3n Profesional de la Facultad de Ciencias Experimentales<\/b>, que se celebrar\u00e1 hasta el jueves 28. Dirigidas a los estudiantes de \u00faltimo curso y a egresados de los grados en Biotecnolog\u00eda, Ciencias Ambientales, y Nutrici\u00f3n Humana y Diet\u00e9tica, estas jornadas pretenden analizar las salidas profesionales as\u00ed como las opciones que les ofrece la Universidad. La entrada es libre hasta completar aforo.<\/p>\n<p style=\"text-align: justify;\">La Semana de Orientaci\u00f3n Profesional de la Facultad de Ciencias Sociales tiene como objetivo responder a las preguntas sobre c\u00f3mo definir y planificar la carrera profesional, cu\u00e1les son las atribuciones profesionales, c\u00f3mo encontrar oportunidades de trabajo y cu\u00e1les son las claves del \u00e9xito para elaborar un curriculum vitae atractivo y afrontar con garant\u00edas una entrevista de trabajo. Para ello, las jornadas se han articulado en talleres y conferencias generales y espec\u00edficas seg\u00fan cada grado.<\/p>\n<p style=\"text-align: justify;\">En este sentido, las jornadas comenzar\u00e1n con un taller conjunto sobre competencias y curriculum vitae impartido por Lourdes Moya, t\u00e9cnica de Orientaci\u00f3n Profesional de la Fundaci\u00f3n Universidad Pablo de Olavide. Mientras que ma\u00f1ana martes se celebrar\u00e1 para los tres grados el taller \u201cContinuar form\u00e1ndonos: m\u00e1steres oficiales, m\u00e1steres propios, cursos de mejora profesional y doctorado\u201d impartido por el Centro de Estudios de Postgrado de la UPO, y el mi\u00e9rcoles 27, el taller \u201cLas experiencias emprendedoras \u00bfpuedo montar mi propia empresa desde la universidad?\u201d en el que emprendedores de cada una de las distintas titulaciones expondr\u00e1n sus experiencias a la hora de montar su propio negocio.<\/p>\n<p style=\"text-align: justify;\">Los talleres y las conferencias espec\u00edficas para cada grado se impartir\u00e1n el mi\u00e9rcoles y jueves, 27 y 28. De esta manera, el mi\u00e9rcoles 27, a las 11.30 horas en el sal\u00f3n de grados 2 de CEI CamBio en la Biblioteca, comenzar\u00e1n los talleres y las conferencias para el grado de Nutrici\u00f3n Humana y Diet\u00e9tica con una charla informativa impartida por Luis Juan Mor\u00e1n Fag\u00fandez, decano del Colegio Profesional de Dietistas-Nutricionistas de Andaluc\u00eda (CODINAN). Esta sesi\u00f3n\u00a0 finalizar\u00e1 con una charla a cargo de exalumnos de la UPO sobre las posibles trayectorias en los distintos \u00e1mbitos profesionales en la que participar\u00e1 Sara Maisanaba, investigadora del \u00c1rea de Toxicolog\u00eda de la Universidad de Sevilla as\u00ed como Guillermo G\u00f3mez, responsable del \u00c1rea de Nutrici\u00f3n en Real Betis Balompi\u00e9, entre otros.<\/p>\n<p style=\"text-align: justify;\">Para los estudiantes del grado en Biotecnolog\u00eda, el jueves 28\u00a0 en el sal\u00f3n de grados 2 de CEI CamBio en la Biblioteca, se celebrar\u00e1n dos sesiones de conferencias impartidas por exalumnos de la Universidad Pablo de Olavide: en la primera, a las 9 horas, hablar\u00e1n sobre su experiencia acad\u00e9mica y profesional en empresas del sector de la biotecnolog\u00eda; y en la segunda sesi\u00f3n, a las 18 horas, se abordar\u00e1n las \u201cstarups como una nueva oportunidad\u201d y las \u201cempresas de biotecnolog\u00eda: c\u00f3mo se crean, qu\u00e9 papel juegan, que se valoran y \u00faltimos movimientos del sector en Espa\u00f1a\u201d. En este taller participar\u00e1n Juan Jos\u00e9 Infante y Raquel Cid de Bionaturis y Roke I\u00f1aki Oruez\u00e1bal, director de Innovaci\u00f3n y Desarrollo de la Iniciativa Andaluza de Terapias Avanzadas de la Junta de Andaluc\u00eda, entre otros.<\/p>\n<p style=\"text-align: justify;\">Asimismo, el jueves 28, a las 18 horas en el sal\u00f3n de grados del edificio 7, se impartir\u00e1 el taller para los estudiantes del grado de Ciencias Ambientales. En esta sesi\u00f3n participar\u00e1n Manuel Barrera Viera, presidente del Colegio de Ambient\u00f3logos de Andaluc\u00eda (COAMBA), as\u00ed como Juan Blas Gonz\u00e1lez Sitges, jefe de servicio de Divisi\u00f3n de Actuaciones en el medio natural de la Agencia de Medioambiente de Agua o Juan Carlos L\u00f3pez M\u00e9llet, gerente de Enerbol, entre otros.<\/p>\n<p style=\"text-align: justify;\"><a href=\"http:\/\/www.upo.es\/fcex\/contenido?pag=\/portal\/fcex\/noticias\/Semana_Orientacion_Profesional_FCEX&amp;vE=\">Programa \u201cSemana de Orientaci\u00f3n Profesional de la Facultad de Ciencias Experimentales\u201d<\/a><\/p>\n","protected":false},"excerpt":{"rendered":"<p>La Semana de Orientaci\u00f3n Profesional de la Facultad de Ciencias Experimentales, que se celebrar\u00e1 hasta el jueves 28, est\u00e1 dirigida a los estudiantes de \u00faltimo curso y a egresados de los grados en Biotecnolog\u00eda, Ciencias Ambientales, y Nutrici\u00f3n Humana y Diet\u00e9tica. Estas jornadas pretenden analizar las salidas profesionales as\u00ed como las opciones que les ofrece la Universidad. <\/p>\n","protected":false},"author":4,"featured_media":0,"comment_status":"closed","ping_status":"open","sticky":false,"template":"","format":"standard","meta":{"_monsterinsights_skip_tracking":false,"_monsterinsights_sitenote_active":false,"_monsterinsights_sitenote_note":"","_monsterinsights_sitenote_category":0,"footnotes":""},"categories":[2779],"tags":[669,122,2426,1654,1456,205,391],"class_list":["post-11853948","post","type-post","status-publish","format-standard","hentry","category-docencia-formacion","tag-egresados","tag-facultad-ciencias-experimentales","tag-grado-en-biotecnologia","tag-grado-en-ciencias-ambientales","tag-grado-en-nutricion-humana-y-dietetica","tag-orientacion-profesional","tag-salidas-profesionales"],"_links":{"self":[{"href":"https:\/\/www.upo.es\/diario\/wp-json\/wp\/v2\/posts\/11853948","targetHints":{"allow":["GET"]}}],"collection":[{"href":"https:\/\/www.upo.es\/diario\/wp-json\/wp\/v2\/posts"}],"about":[{"href":"https:\/\/www.upo.es\/diario\/wp-json\/wp\/v2\/types\/post"}],"author":[{"embeddable":true,"href":"https:\/\/www.upo.es\/diario\/wp-json\/wp\/v2\/users\/4"}],"replies":[{"embeddable":true,"href":"https:\/\/www.upo.es\/diario\/wp-json\/wp\/v2\/comments?post=11853948"}],"version-history":[{"count":9,"href":"https:\/\/www.upo.es\/diario\/wp-json\/wp\/v2\/posts\/11853948\/revisions"}],"predecessor-version":[{"id":11900531,"href":"https:\/\/www.upo.es\/diario\/wp-json\/wp\/v2\/posts\/11853948\/revisions\/11900531"}],"wp:attachment":[{"href":"https:\/\/www.upo.es\/diario\/wp-json\/wp\/v2\/media?parent=11853948"}],"wp:term":[{"taxonomy":"category","embeddable":true,"href":"https:\/\/www.upo.es\/diario\/wp-json\/wp\/v2\/categories?post=11853948"},{"taxonomy":"post_tag","embeddable":true,"href":"https:\/\/www.upo.es\/diario\/wp-json\/wp\/v2\/tags?post=11853948"}],"curies":[{"name":"wp","href":"https:\/\/api.w.org\/{rel}","templated":true}]}}