{"id":11854964,"date":"2016-01-22T12:54:23","date_gmt":"2016-01-22T12:54:23","guid":{"rendered":"https:\/\/www.upo.es\/diario\/?p=11854964"},"modified":"2016-01-22T12:54:23","modified_gmt":"2016-01-22T12:54:23","slug":"sobresaliente-cum-laude-para-la-tesis-estudio-de-marcadores-cognitivos-tempranos-en-la-fase-preclinica-de-la-enfermedad-de-alzheimer-paradigma-de-la-tarea-dual","status":"publish","type":"post","link":"https:\/\/www.upo.es\/diario\/tesis\/2016\/01\/sobresaliente-cum-laude-para-la-tesis-estudio-de-marcadores-cognitivos-tempranos-en-la-fase-preclinica-de-la-enfermedad-de-alzheimer-paradigma-de-la-tarea-dual\/","title":{"rendered":"Sobresaliente Cum Laude para la tesis \u201cEstudio de marcadores cognitivos tempranos en la fase precl\u00ednica de la enfermedad de Alzheimer: paradigma de la tarea dual\u201d"},"content":{"rendered":"<p>El pasado martes tuvo lugar en la sala de Vistas del Edificio 6 la defensa p\u00fablica de la tesis doctoral titulada \u201cEstudio de marcadores cognitivos tempranos en la fase precl\u00ednica de la enfermedad de Alzheimer: paradigma de la tarea dual\u201d, de la que es autora Sonia Moreno Masmela. Esta tesis doctoral ha sido dirigida por el profesor Sergio Della Sala de la Universidad de Edimburgo y tiene como tutor a Jos\u00e9 Mar\u00eda Delgado Garc\u00eda del Departamento de Fisiolog\u00eda, Anatom\u00eda y Biolog\u00eda Celular de la UPO. La tesis doctoral ha obtenido la calificaci\u00f3n de Sobresaliente Cum Laude.<\/p>\n","protected":false},"excerpt":{"rendered":"<p>El pasado martes tuvo lugar en la sala de Vistas del Edificio 6 la defensa p\u00fablica de la tesis doctoral titulada \u201cEstudio de marcadores cognitivos tempranos en la fase precl\u00ednica de la enfermedad de Alzheimer: paradigma de la tarea dual\u201d, de la que es autora Sonia Moreno Masmela. Esta tesis doctoral ha sido dirigida por el profesor Sergio Della Sala de la Universidad de Edimburgo y tiene como tutor a Jos\u00e9 Mar\u00eda Delgado Garc\u00eda del Departamento de Fisiolog\u00eda, Anatom\u00eda y Biolog\u00eda Celular de la UPO. La tesis doctoral ha obtenido la calificaci\u00f3n de Sobresaliente Cum Laude.<\/p>\n","protected":false},"author":5,"featured_media":0,"comment_status":"closed","ping_status":"open","sticky":false,"template":"","format":"standard","meta":{"_monsterinsights_skip_tracking":false,"_monsterinsights_sitenote_active":false,"_monsterinsights_sitenote_note":"","_monsterinsights_sitenote_category":0,"footnotes":""},"categories":[119],"tags":[272,2996,116,114],"class_list":["post-11854964","post","type-post","status-publish","format-standard","hentry","category-tesis","tag-alzheimer","tag-marcadores-cognitivos","tag-memoria","tag-neurociencia"],"_links":{"self":[{"href":"https:\/\/www.upo.es\/diario\/wp-json\/wp\/v2\/posts\/11854964","targetHints":{"allow":["GET"]}}],"collection":[{"href":"https:\/\/www.upo.es\/diario\/wp-json\/wp\/v2\/posts"}],"about":[{"href":"https:\/\/www.upo.es\/diario\/wp-json\/wp\/v2\/types\/post"}],"author":[{"embeddable":true,"href":"https:\/\/www.upo.es\/diario\/wp-json\/wp\/v2\/users\/5"}],"replies":[{"embeddable":true,"href":"https:\/\/www.upo.es\/diario\/wp-json\/wp\/v2\/comments?post=11854964"}],"version-history":[{"count":1,"href":"https:\/\/www.upo.es\/diario\/wp-json\/wp\/v2\/posts\/11854964\/revisions"}],"predecessor-version":[{"id":11854966,"href":"https:\/\/www.upo.es\/diario\/wp-json\/wp\/v2\/posts\/11854964\/revisions\/11854966"}],"wp:attachment":[{"href":"https:\/\/www.upo.es\/diario\/wp-json\/wp\/v2\/media?parent=11854964"}],"wp:term":[{"taxonomy":"category","embeddable":true,"href":"https:\/\/www.upo.es\/diario\/wp-json\/wp\/v2\/categories?post=11854964"},{"taxonomy":"post_tag","embeddable":true,"href":"https:\/\/www.upo.es\/diario\/wp-json\/wp\/v2\/tags?post=11854964"}],"curies":[{"name":"wp","href":"https:\/\/api.w.org\/{rel}","templated":true}]}}