{"id":1186128,"date":"2013-07-12T11:39:35","date_gmt":"2013-07-12T11:39:35","guid":{"rendered":"https:\/\/www.upo.es\/diario\/?p=1186128"},"modified":"2013-07-12T11:39:35","modified_gmt":"2013-07-12T11:39:35","slug":"experto-apuesta-por-las-exportaciones-de-productos-para-fomentar-el-consumo-en-tiempos-de-crisis-2","status":"publish","type":"post","link":"https:\/\/www.upo.es\/diario\/cursos-verano\/2013\/07\/experto-apuesta-por-las-exportaciones-de-productos-para-fomentar-el-consumo-en-tiempos-de-crisis-2\/","title":{"rendered":"Experto apuesta por las exportaciones de productos para fomentar el consumo en tiempos de crisis"},"content":{"rendered":"<figure id=\"attachment_1186129\" aria-describedby=\"caption-attachment-1186129\" style=\"width: 320px\" class=\"wp-caption alignright\"><a href=\"https:\/\/www.upo.es\/diario\/wp-content\/uploads\/2013\/07\/Francisco-Jose-Gonzalez.jpg\"><img loading=\"lazy\" decoding=\"async\" class=\"size-medium wp-image-1186129\" alt=\"Francisco Jos\u00e9 Gonz\u00e1lez del Pi\u00f1al \" src=\"https:\/\/www.upo.es\/diario\/wp-content\/uploads\/2013\/07\/Francisco-Jose-Gonzalez-320x213.jpg\" width=\"320\" height=\"213\" srcset=\"https:\/\/www.upo.es\/diario\/wp-content\/uploads\/2013\/07\/Francisco-Jose-Gonzalez-320x213.jpg 320w, https:\/\/www.upo.es\/diario\/wp-content\/uploads\/2013\/07\/Francisco-Jose-Gonzalez-1024x682.jpg 1024w, https:\/\/www.upo.es\/diario\/wp-content\/uploads\/2013\/07\/Francisco-Jose-Gonzalez-600x399.jpg 600w\" sizes=\"auto, (max-width: 320px) 100vw, 320px\" \/><\/a><figcaption id=\"caption-attachment-1186129\" class=\"wp-caption-text\">Francisco Jos\u00e9 Gonz\u00e1lez , profesor del Departamento de Organizaci\u00f3n de Empresas y Marketing<\/figcaption><\/figure>\n<p>El profesor del Departamento de Organizaci\u00f3n de Empresas y Marketing de la Universidad Pablo de Olavide, Francisco Jos\u00e9 Gonz\u00e1lez del Pi\u00f1al Pacheco, ha declarado hoy que tenemos que tener la mentalidad de vender fuera, porque tenemos productos muy buenos y exportables. \u201cAqu\u00ed dentro ha ca\u00eddo el consumo de forma alarmante debido a la crisis, que est\u00e1 afectando a los pa\u00edses de la zona euro. Pero en el resto del mundo, empresas como el Santander, BBVA, Abengoa o Telef\u00f3nica, que tienen la mayor parte del negocio fuera, est\u00e1n muy bien valoradas en bolsa porque en otros pa\u00edses no hay crisis, sino que la tenemos aqu\u00ed dentro\u201d.<\/p>\n<p>El profesor ha realizado estas manifestaciones durante el curso \u201cC\u00f3mo arrancar mi propio negocio en tiempos de crisis\u201d, que se est\u00e1 celebrando en el marco de los cursos de verano de la Universidad Pablo de Olavide en Carmona y del que es coordinador, junto al tambi\u00e9n docente de la UPO Borja Villa Ramos.<\/p>\n<p>Seg\u00fan Gonz\u00e1lez del Pi\u00f1al, existen tres motivos fundamentales para emprender. En primer lugar, hay muchas personas que tienen necesidad de montar un negocio porque no tienen ingresos mensuales al estar en desempleo, pero tienen experiencia, formaci\u00f3n y bagaje. Pueden optar por irse al extranjero a trabajar, algo que cree que debemos evitar por la p\u00e9rdida de capital humano en nuestro pa\u00eds, y por otro lado, pueden intentar arrancar su propio negocio o proyecto que les permita tener unos ingresos que satisfagan sus necesidades b\u00e1sicas.<\/p>\n<p>El segundo motivo, a su parecer, es que vivimos en una importante crisis que ha dado lugar a numerosos cambios, que suponen oportunidades que podemos aprovechar para hacer negocios relacionados con ellas. Y la tercera, es que vivimos en plena revoluci\u00f3n tecnol\u00f3gica, lo que nos da acceso a mercados que est\u00e1n a miles de kil\u00f3metros a un solo clic, como el latinoamericano, que est\u00e1 creciendo mucho y en el que podemos vender multitud de productos.<\/p>\n<p>En la actualidad, los datos del consumo que manejamos son desoladores, mientras que las perspectivas de aqu\u00ed a final de a\u00f1o no son nada halag\u00fce\u00f1as. En cambio, existen sectores que est\u00e1n funcionando, como las ventas por Internet, que est\u00e1n creciendo en tasas superiores al 25 por ciento cada a\u00f1o. En su opini\u00f3n, el turismo tambi\u00e9n funciona muy bien y las exportaciones est\u00e1n creciendo. \u201cHay productos que, aqu\u00ed para nosotros, tienen un coste bajo, y que son de lujo en pa\u00edses como M\u00e9xico, donde la producci\u00f3n textil est\u00e1 muy bien valorada. Despu\u00e9s hay otros sectores que tambi\u00e9n funcionan, como las escuelas de idiomas de ingl\u00e9s, alem\u00e1n, chino o ruso\u201d, apunta Francisco Jos\u00e9.<\/p>\n<p>Con respecto a las actividades que este experto recomienda no poner en marcha actualmente, se\u00f1ala el comercio tradicional, que tiene altos costes fijos, \u201cpor lo que uno tiene que hacer mucha caja para poder pagar los gastos. Tambi\u00e9n evitar\u00eda aquellos negocios que suponen un importante desembolso inicial porque el riesgo que tenemos de perderlo es muy alto, adem\u00e1s de obligarte a buscar financiaci\u00f3n. Por lo tanto, lo ideal son actividades con una inversi\u00f3n inicial relativamente baja y con unos reducidos costes fijos\u201d. Aunque admite que no es f\u00e1cil, apuesta por intentarlo.<\/p>\n<p>Hoy en d\u00eda, los recursos son muy escasos, \u201cpero el principal problema que nos encontramos es que, aunque existen ayudas para los que se deciden a crear un negocio, no hay una \u00fanica pol\u00edtica de apoyo al emprendedor desde los Gobierno central, auton\u00f3mico o municipal, por lo que, con tanta amalgama de informaci\u00f3n, el emprendedor se pierde\u201d. A su parecer, lo ideal es que hubiera un \u00fanico organismo que englobara toda esta informaci\u00f3n, por lo tanto, se aprovecharan de forma eficiente los recursos, porque est\u00e1n todas desperdigadas.<\/p>\n<p>Por otro lado, admite que en Andaluc\u00eda no existe una cultura emprendedora. Seg\u00fan ha explicado, si le preguntas a un estudiante qu\u00e9 quiere hacer cuando termine, seguramente te va a responder que trabajar en una gran empresa, ser funcionario\u2026 pero si le preguntas lo mismo a un estudiante latinoamericano, habr\u00eda que reformular la cuesti\u00f3n y preguntarle sobre qu\u00e9 va a montar. Es un cambio de cultura radical.<\/p>\n<p>\u201cCon los datos actuales de m\u00e1s de seis millones de parados, interesa m\u00e1s que nunca que se conviertan en seis millones de emprendedores, pero eso es imposible porque estamos hablando de un cambio cultural, que no se produce en dos o tres d\u00edas, sino que es un proceso m\u00e1s lento\u201d, concluye.<\/p>\n<p>&nbsp;<\/p>\n","protected":false},"excerpt":{"rendered":"<p>El profesor del Departamento de Organizaci\u00f3n de Empresas y Marketing de la Universidad Pablo de Olavide, Francisco Jos\u00e9 Gonz\u00e1lez del Pi\u00f1al Pacheco, ha declarado hoy que tenemos que tener la mentalidad de vender fuera, porque tenemos productos muy buenos y exportables. \u201cAqu\u00ed dentro ha ca\u00eddo el consumo de forma alarmante debido a la crisis, que est\u00e1 afectando a los pa\u00edses de la zona euro. Pero en el resto del mundo, empresas como el Santander, BBVA, Abengoa o Telef\u00f3nica, que tienen la mayor parte del negocio fuera, est\u00e1n muy bien valoradas en bolsa porque en otros pa\u00edses no hay crisis, sino que la tenemos aqu\u00ed dentro\u201d.<\/p>\n","protected":false},"author":6,"featured_media":1186130,"comment_status":"closed","ping_status":"open","sticky":false,"template":"","format":"standard","meta":{"_monsterinsights_skip_tracking":false,"_monsterinsights_sitenote_active":false,"_monsterinsights_sitenote_note":"","_monsterinsights_sitenote_category":0,"footnotes":""},"categories":[729],"tags":[23,144,22,80,66,519],"class_list":["post-1186128","post","type-post","status-publish","format-standard","has-post-thumbnail","hentry","category-cursos-verano","tag-carmona","tag-crisis","tag-cursos-de-verano","tag-emprendedores","tag-empresa","tag-olavide-en-carmona"],"_links":{"self":[{"href":"https:\/\/www.upo.es\/diario\/wp-json\/wp\/v2\/posts\/1186128","targetHints":{"allow":["GET"]}}],"collection":[{"href":"https:\/\/www.upo.es\/diario\/wp-json\/wp\/v2\/posts"}],"about":[{"href":"https:\/\/www.upo.es\/diario\/wp-json\/wp\/v2\/types\/post"}],"author":[{"embeddable":true,"href":"https:\/\/www.upo.es\/diario\/wp-json\/wp\/v2\/users\/6"}],"replies":[{"embeddable":true,"href":"https:\/\/www.upo.es\/diario\/wp-json\/wp\/v2\/comments?post=1186128"}],"version-history":[{"count":3,"href":"https:\/\/www.upo.es\/diario\/wp-json\/wp\/v2\/posts\/1186128\/revisions"}],"predecessor-version":[{"id":1186140,"href":"https:\/\/www.upo.es\/diario\/wp-json\/wp\/v2\/posts\/1186128\/revisions\/1186140"}],"wp:featuredmedia":[{"embeddable":true,"href":"https:\/\/www.upo.es\/diario\/wp-json\/wp\/v2\/media\/1186130"}],"wp:attachment":[{"href":"https:\/\/www.upo.es\/diario\/wp-json\/wp\/v2\/media?parent=1186128"}],"wp:term":[{"taxonomy":"category","embeddable":true,"href":"https:\/\/www.upo.es\/diario\/wp-json\/wp\/v2\/categories?post=1186128"},{"taxonomy":"post_tag","embeddable":true,"href":"https:\/\/www.upo.es\/diario\/wp-json\/wp\/v2\/tags?post=1186128"}],"curies":[{"name":"wp","href":"https:\/\/api.w.org\/{rel}","templated":true}]}}