{"id":11988075,"date":"2016-02-02T11:09:52","date_gmt":"2016-02-02T11:09:52","guid":{"rendered":"https:\/\/www.upo.es\/diario\/?p=11988075"},"modified":"2016-02-02T11:09:52","modified_gmt":"2016-02-02T11:09:52","slug":"sobresaliente-para-la-tesis-construccion-social-del-patrimonio-fotografia-y-memoria-en-cuenca-ecuador-1924-1999","status":"publish","type":"post","link":"https:\/\/www.upo.es\/diario\/tesis\/2016\/02\/sobresaliente-para-la-tesis-construccion-social-del-patrimonio-fotografia-y-memoria-en-cuenca-ecuador-1924-1999\/","title":{"rendered":"Sobresaliente para la tesis \u201cConstrucci\u00f3n social del Patrimonio. Fotograf\u00eda y memoria en Cuenca-Ecuador, 1924-1999\u201d"},"content":{"rendered":"<p>El pasado viernes tuvo lugar en la Sala de Vistas del Edificio 6 la defensa p\u00fablica de la tesis doctoral titulada \u201cConstrucci\u00f3n social del Patrimonio. Fotograf\u00eda y memoria en Cuenca-Ecuador, 1924-1999\u201d, de la que es autora Clara Mariana S\u00e1nchez S\u00e1nchez. Esta tesis doctoral, dirigida por los profesores Francisco Herrera Garc\u00eda de la Universidad de Sevilla y Francisco Ollero Lobato de la Universidad Pablo de Olavide, ha obtenido la calificaci\u00f3n de Sobresaliente.<\/p>\n","protected":false},"excerpt":{"rendered":"<p>El pasado viernes tuvo lugar en la Sala de Vistas del Edificio 6 la defensa p\u00fablica de la tesis doctoral titulada \u201cConstrucci\u00f3n social del Patrimonio. Fotograf\u00eda y memoria en Cuenca-Ecuador, 1924-1999\u201d, de la que es autora Clara Mariana S\u00e1nchez S\u00e1nchez. Esta tesis doctoral, dirigida por los profesores Francisco Herrera Garc\u00eda de la Universidad de Sevilla y Francisco Ollero Lobato de la Universidad Pablo de Olavide, ha obtenido la calificaci\u00f3n de Sobresaliente.<\/p>\n","protected":false},"author":5,"featured_media":0,"comment_status":"closed","ping_status":"open","sticky":false,"template":"","format":"standard","meta":{"_monsterinsights_skip_tracking":false,"_monsterinsights_sitenote_active":false,"_monsterinsights_sitenote_note":"","_monsterinsights_sitenote_category":0,"footnotes":""},"categories":[119],"tags":[3088,3087,891,60,150,116,129],"class_list":["post-11988075","post","type-post","status-publish","format-standard","hentry","category-tesis","tag-construccion-social","tag-cuenca","tag-ecuador","tag-fotografia","tag-historia","tag-memoria","tag-patrimonio"],"_links":{"self":[{"href":"https:\/\/www.upo.es\/diario\/wp-json\/wp\/v2\/posts\/11988075","targetHints":{"allow":["GET"]}}],"collection":[{"href":"https:\/\/www.upo.es\/diario\/wp-json\/wp\/v2\/posts"}],"about":[{"href":"https:\/\/www.upo.es\/diario\/wp-json\/wp\/v2\/types\/post"}],"author":[{"embeddable":true,"href":"https:\/\/www.upo.es\/diario\/wp-json\/wp\/v2\/users\/5"}],"replies":[{"embeddable":true,"href":"https:\/\/www.upo.es\/diario\/wp-json\/wp\/v2\/comments?post=11988075"}],"version-history":[{"count":1,"href":"https:\/\/www.upo.es\/diario\/wp-json\/wp\/v2\/posts\/11988075\/revisions"}],"predecessor-version":[{"id":11988076,"href":"https:\/\/www.upo.es\/diario\/wp-json\/wp\/v2\/posts\/11988075\/revisions\/11988076"}],"wp:attachment":[{"href":"https:\/\/www.upo.es\/diario\/wp-json\/wp\/v2\/media?parent=11988075"}],"wp:term":[{"taxonomy":"category","embeddable":true,"href":"https:\/\/www.upo.es\/diario\/wp-json\/wp\/v2\/categories?post=11988075"},{"taxonomy":"post_tag","embeddable":true,"href":"https:\/\/www.upo.es\/diario\/wp-json\/wp\/v2\/tags?post=11988075"}],"curies":[{"name":"wp","href":"https:\/\/api.w.org\/{rel}","templated":true}]}}