{"id":11988587,"date":"2016-02-02T12:08:08","date_gmt":"2016-02-02T12:08:08","guid":{"rendered":"https:\/\/www.upo.es\/diario\/?p=11988587"},"modified":"2016-02-02T12:08:08","modified_gmt":"2016-02-02T12:08:08","slug":"sobresaliente-cum-laude-para-la-tesis-desarrollo-de-un-sistema-para-la-evaluacion-cinesiologica-de-la-propulsion-en-usuarios-de-silla-de-ruedas","status":"publish","type":"post","link":"https:\/\/www.upo.es\/diario\/tesis\/2016\/02\/sobresaliente-cum-laude-para-la-tesis-desarrollo-de-un-sistema-para-la-evaluacion-cinesiologica-de-la-propulsion-en-usuarios-de-silla-de-ruedas\/","title":{"rendered":"Sobresaliente Cum Laude para la tesis \u201cDesarrollo de un sistema para la evaluaci\u00f3n cinesiol\u00f3gica de la propulsi\u00f3n en usuarios de silla de ruedas\u201d"},"content":{"rendered":"<p>Ayer lunes tuvo lugar en la sala de grados del edificio 6 la defensa p\u00fablica de la tesis doctoral titulada \u201cDesarrollo de un sistema para la evaluaci\u00f3n cinesiol\u00f3gica de la propulsi\u00f3n en usuarios de silla de ruedas\u201d, de la que es autora Ivett Qui\u00f1ones Uriostegui. Esta tesis doctoral est\u00e1 dirigida por los profesores Xavier Aguado J\u00f3dar de la Universidad de Castilla La Mancha y Eleazar Lara Padilla del Instituto Polit\u00e9cnico Nacional de M\u00e9xico y tiene como tutor a Francisco Jos\u00e9 Berral de la Rosa del Departamento de Deporte e Inform\u00e1tica de la Universidad Pablo de Olavide. La tesis ha obtenido la calificaci\u00f3n de Sobresaliente Cum Laude.<\/p>\n","protected":false},"excerpt":{"rendered":"<p>Ayer lunes tuvo lugar en la sala de grados del edificio 6 la defensa p\u00fablica de la tesis doctoral titulada \u201cDesarrollo de un sistema para la evaluaci\u00f3n cinesiol\u00f3gica de la propulsi\u00f3n en usuarios de silla de ruedas\u201d, de la que es autora Ivett Qui\u00f1ones Uriostegui. Esta tesis doctoral est\u00e1 dirigida por los profesores Xavier Aguado J\u00f3dar de la Universidad de Castilla La Mancha y Eleazar Lara Padilla del Instituto Polit\u00e9cnico Nacional de M\u00e9xico y tiene como tutor a Francisco Jos\u00e9 Berral de la Rosa del Departamento de Deporte e Inform\u00e1tica de la Universidad Pablo de Olavide. La tesis ha obtenido la calificaci\u00f3n de Sobresaliente Cum Laude. <\/p>\n","protected":false},"author":5,"featured_media":0,"comment_status":"closed","ping_status":"open","sticky":false,"template":"","format":"standard","meta":{"_monsterinsights_skip_tracking":false,"_monsterinsights_sitenote_active":false,"_monsterinsights_sitenote_note":"","_monsterinsights_sitenote_category":0,"footnotes":""},"categories":[119],"tags":[3091,3090,1210,2550,3094,3095,3093,3092,3096],"class_list":["post-11988587","post","type-post","status-publish","format-standard","hentry","category-tesis","tag-biomecanica","tag-cinesiologia","tag-discapacidad","tag-movimiento","tag-paraplejia","tag-propulsion","tag-ruedas","tag-silla","tag-sistema"],"_links":{"self":[{"href":"https:\/\/www.upo.es\/diario\/wp-json\/wp\/v2\/posts\/11988587","targetHints":{"allow":["GET"]}}],"collection":[{"href":"https:\/\/www.upo.es\/diario\/wp-json\/wp\/v2\/posts"}],"about":[{"href":"https:\/\/www.upo.es\/diario\/wp-json\/wp\/v2\/types\/post"}],"author":[{"embeddable":true,"href":"https:\/\/www.upo.es\/diario\/wp-json\/wp\/v2\/users\/5"}],"replies":[{"embeddable":true,"href":"https:\/\/www.upo.es\/diario\/wp-json\/wp\/v2\/comments?post=11988587"}],"version-history":[{"count":1,"href":"https:\/\/www.upo.es\/diario\/wp-json\/wp\/v2\/posts\/11988587\/revisions"}],"predecessor-version":[{"id":11988588,"href":"https:\/\/www.upo.es\/diario\/wp-json\/wp\/v2\/posts\/11988587\/revisions\/11988588"}],"wp:attachment":[{"href":"https:\/\/www.upo.es\/diario\/wp-json\/wp\/v2\/media?parent=11988587"}],"wp:term":[{"taxonomy":"category","embeddable":true,"href":"https:\/\/www.upo.es\/diario\/wp-json\/wp\/v2\/categories?post=11988587"},{"taxonomy":"post_tag","embeddable":true,"href":"https:\/\/www.upo.es\/diario\/wp-json\/wp\/v2\/tags?post=11988587"}],"curies":[{"name":"wp","href":"https:\/\/api.w.org\/{rel}","templated":true}]}}