{"id":12000761,"date":"2016-02-03T13:03:47","date_gmt":"2016-02-03T13:03:47","guid":{"rendered":"https:\/\/www.upo.es\/diario\/?p=12000761"},"modified":"2016-02-05T07:43:29","modified_gmt":"2016-02-05T07:43:29","slug":"la-doctora-por-la-upo-rocio-camacho-sepulveda-recibe-el-xii-premio-santiago-gutierrez-anaya","status":"publish","type":"post","link":"https:\/\/www.upo.es\/diario\/institucional\/2016\/02\/la-doctora-por-la-upo-rocio-camacho-sepulveda-recibe-el-xii-premio-santiago-gutierrez-anaya\/","title":{"rendered":"La doctora por la UPO Roc\u00edo Camacho Sep\u00falveda recibe el XII Premio Santiago Guti\u00e9rrez Anaya"},"content":{"rendered":"<figure id=\"attachment_12000764\" aria-describedby=\"caption-attachment-12000764\" style=\"width: 600px\" class=\"wp-caption aligncenter\"><a href=\"https:\/\/www.upo.es\/diario\/wp-content\/uploads\/2016\/02\/premio_gutierrezanaya.jpg\"><img loading=\"lazy\" decoding=\"async\" class=\"size-large wp-image-12000764\" alt=\"De izquierda a derecha, \u00c1lvaro Rodr\u00edguez Guitart, Juan Jos\u00e9 Pretel, Dami\u00e1n \u00c1lvarez, Roc\u00edo Camacho, Antonio Pulido, Felisa Panadero, Antonio Moreno Andrade y Alberto Donaire.\" src=\"https:\/\/www.upo.es\/diario\/wp-content\/uploads\/2016\/02\/premio_gutierrezanaya-600x400.jpg\" width=\"600\" height=\"400\" srcset=\"https:\/\/www.upo.es\/diario\/wp-content\/uploads\/2016\/02\/premio_gutierrezanaya-600x400.jpg 600w, https:\/\/www.upo.es\/diario\/wp-content\/uploads\/2016\/02\/premio_gutierrezanaya-320x213.jpg 320w, https:\/\/www.upo.es\/diario\/wp-content\/uploads\/2016\/02\/premio_gutierrezanaya.jpg 1600w\" sizes=\"auto, (max-width: 600px) 100vw, 600px\" \/><\/a><figcaption id=\"caption-attachment-12000764\" class=\"wp-caption-text\">De izquierda a derecha, \u00c1lvaro Rodr\u00edguez Guitart, Juan Jos\u00e9 Pretel, Dami\u00e1n \u00c1lvarez, Roc\u00edo Camacho, Antonio Pulido, Felisa Panadero, Antonio Moreno Andrade y Alberto Donaire.<\/figcaption><\/figure>\n<p>La doctora en Derecho Civil por la Universidad Pablo de Olavide <b>Roc\u00edo Camacho Sep\u00falveda<\/b> ha sido galardonada con el <b>XII Premio Santiago Guti\u00e9rrez Anaya<\/b>, un galard\u00f3n otorgado por la Fundaci\u00f3n Cajasol junto al diario ABC, con la colaboraci\u00f3n del Colegio de Registradores de la Propiedad y Mercantiles de Espa\u00f1a, el Colegio de Abogados de Sevilla, el Colegio Notarial de Andaluc\u00eda, la Universidad Pablo de Olavide y la Universidad de Sevilla.<\/p>\n<p>Este premio reconoce el mejor art\u00edculo o estudio original que verse sobre la propiedad inmobiliaria, en cualquiera de sus aspectos jur\u00eddico-privado, referidos a la regulaci\u00f3n legal en vigor. En esta ocasi\u00f3n el premio ha reca\u00eddo en el trabajo titulado \u201cEvoluci\u00f3n jurisprudencial y normativa de las garant\u00edas sobre las cantidades entregadas a cuenta en la adquisici\u00f3n de vivienda sobre plano. Especial referencia al sistema de avales\u00bb, cuya autora es Roc\u00edo Camacho Sep\u00falveda, con la colaboraci\u00f3n de Luna Gonz\u00e1lez Pinto, juez del Juzgado de Primera Instancia e Instrucci\u00f3n n\u00famero Dos de Estepona.<\/p>\n<p><b>Roc\u00edo Camacho Sep\u00falveda<\/b> es licenciada en Derecho por la Universidad de Sevilla, doctora en Derecho Civil por la Universidad Pablo de Olavide en 2014, siendo su directora la profesora del Departamento de Derecho Civil Mar\u00eda Serrano Fern\u00e1ndez, y M\u00e1ster en Derecho de las Nuevas Tecnolog\u00edas por la UPO en el a\u00f1o 2010 \u2013 2011. Abogada multidisciplinar en despacho profesional durante 6 a\u00f1os en Sevilla, actualmente es abogada de Mart\u00ednez-Echevarr\u00eda Abogados en Marbella.<\/p>\n<p>El acto de entrega, celebrado ayer martes 2 de febrero, estuvo presidido por Antonio Pulido, presidente de la <a href=\"http:\/\/www.cajasol.es\/\">Fundaci\u00f3n Cajasol<\/a>; Dami\u00e1n \u00c1lvarez, presidente de la Audiencia Provincial; Alberto Donaire, secretario del jurado; Juan Jos\u00e9 Pretel, decano del Colegio Territorial de Registradores de la Propiedad de Andaluc\u00eda Occidental; y Felisa Panadero, subdelegada del Gobierno en Sevilla.<\/p>\n","protected":false},"excerpt":{"rendered":"<p>La doctora en Derecho Civil por la Universidad Pablo de Olavide Roc\u00edo Camacho Sep\u00falveda ha sido galardonada con el XII Premio Santiago Guti\u00e9rrez Anaya, un galard\u00f3n otorgado por la Fundaci\u00f3n Cajasol junto al diario ABC, con la colaboraci\u00f3n del Colegio de Registradores de la Propiedad y Mercantiles de Espa\u00f1a, el Colegio de Abogados de Sevilla, el Colegio Notarial de Andaluc\u00eda, la Universidad Pablo de Olavide y la Universidad de Sevilla. <\/p>\n","protected":false},"author":2,"featured_media":0,"comment_status":"closed","ping_status":"open","sticky":false,"template":"","format":"standard","meta":{"_monsterinsights_skip_tracking":false,"_monsterinsights_sitenote_active":false,"_monsterinsights_sitenote_note":"","_monsterinsights_sitenote_category":0,"footnotes":""},"categories":[6],"tags":[3104,973,839,978,58,3102,3103],"class_list":["post-12000761","post","type-post","status-publish","format-standard","hentry","category-institucional","tag-doctora","tag-doctorado","tag-estudiante","tag-galardon","tag-premio","tag-premio-santiago-gutierrez-anaya","tag-propiedad-inmobiliaria"],"_links":{"self":[{"href":"https:\/\/www.upo.es\/diario\/wp-json\/wp\/v2\/posts\/12000761","targetHints":{"allow":["GET"]}}],"collection":[{"href":"https:\/\/www.upo.es\/diario\/wp-json\/wp\/v2\/posts"}],"about":[{"href":"https:\/\/www.upo.es\/diario\/wp-json\/wp\/v2\/types\/post"}],"author":[{"embeddable":true,"href":"https:\/\/www.upo.es\/diario\/wp-json\/wp\/v2\/users\/2"}],"replies":[{"embeddable":true,"href":"https:\/\/www.upo.es\/diario\/wp-json\/wp\/v2\/comments?post=12000761"}],"version-history":[{"count":5,"href":"https:\/\/www.upo.es\/diario\/wp-json\/wp\/v2\/posts\/12000761\/revisions"}],"predecessor-version":[{"id":12023339,"href":"https:\/\/www.upo.es\/diario\/wp-json\/wp\/v2\/posts\/12000761\/revisions\/12023339"}],"wp:attachment":[{"href":"https:\/\/www.upo.es\/diario\/wp-json\/wp\/v2\/media?parent=12000761"}],"wp:term":[{"taxonomy":"category","embeddable":true,"href":"https:\/\/www.upo.es\/diario\/wp-json\/wp\/v2\/categories?post=12000761"},{"taxonomy":"post_tag","embeddable":true,"href":"https:\/\/www.upo.es\/diario\/wp-json\/wp\/v2\/tags?post=12000761"}],"curies":[{"name":"wp","href":"https:\/\/api.w.org\/{rel}","templated":true}]}}