{"id":12001288,"date":"2016-02-04T01:59:19","date_gmt":"2016-02-04T01:59:19","guid":{"rendered":"https:\/\/www.upo.es\/diario\/?p=12001288"},"modified":"2016-02-05T08:07:54","modified_gmt":"2016-02-05T08:07:54","slug":"xpertos-abordan-manana-en-la-upo-las-relaciones-entre-arte-y-sociedad-en-el-seminario-psicologia-del-arte","status":"publish","type":"post","link":"https:\/\/www.upo.es\/diario\/cultura\/2016\/02\/xpertos-abordan-manana-en-la-upo-las-relaciones-entre-arte-y-sociedad-en-el-seminario-psicologia-del-arte\/","title":{"rendered":"Expertos abordan en la UPO las relaciones entre arte y sociedad en el seminario \u00abPsicolog\u00eda del Arte\u00bb"},"content":{"rendered":"<figure id=\"attachment_12012507\" aria-describedby=\"caption-attachment-12012507\" style=\"width: 600px\" class=\"wp-caption aligncenter\"><a href=\"https:\/\/www.upo.es\/diario\/wp-content\/uploads\/2016\/02\/s_psicologiaarte1.jpg\"><img loading=\"lazy\" decoding=\"async\" class=\"size-large wp-image-12012507\" alt=\"El profesor Juan Daniel Ram\u00edrez Garrido junto a Daidee Veloz.\" src=\"https:\/\/www.upo.es\/diario\/wp-content\/uploads\/2016\/02\/s_psicologiaarte1-600x400.jpg\" width=\"600\" height=\"400\" srcset=\"https:\/\/www.upo.es\/diario\/wp-content\/uploads\/2016\/02\/s_psicologiaarte1-600x400.jpg 600w, https:\/\/www.upo.es\/diario\/wp-content\/uploads\/2016\/02\/s_psicologiaarte1-320x213.jpg 320w\" sizes=\"auto, (max-width: 600px) 100vw, 600px\" \/><\/a><figcaption id=\"caption-attachment-12012507\" class=\"wp-caption-text\">El profesor Juan Daniel Ram\u00edrez Garrido junto a Daidee Veloz.<\/figcaption><\/figure>\n<p>Hoy jueves 4 de febrero se celebra en la Universidad Pablo de Olavide el <a href=\"https:\/\/www.upo.es\/upsc\/export\/sites\/upsc\/Documentos\/extension\/Documentos\/ProgramaSeminario_2.1.pdf\"><b>seminario \u201cPsicolog\u00eda del Arte\u201d<\/b><\/a>, en el que expertos procedentes de distintas universidades espa\u00f1olas abordar\u00e1n las relaciones entre arte y sociedad.<\/p>\n<p>El seminario ha sido inaugurado por \u00a0Juan Daniel Ram\u00edrez Garrido, catedr\u00e1tico de Psicolog\u00eda de la Comunicaci\u00f3n de la UPO, quien ha estado acompa\u00f1ado por Daidee Veloz, coordinadora t\u00e9cnica\u00a0del Servicio Extensi\u00f3n Cultural de esta universidad.<\/p>\n<p>En este encuentro, los conferenciantes hablar\u00e1n sobre las formas en las que los individuos se enfrentan al consumo de productos art\u00edsticos, qu\u00e9 pasa cuando establecen esas conexiones y c\u00f3mo operan estos saberes en espacios y contextos de intervenci\u00f3n social y\/o acompa\u00f1amiento. De esta manera, <b>Marcos Nadal<\/b>, profesor del Departamento de Psicolog\u00eda de la Universidad de las Islas Baleares, abordar\u00e1 las \u201cAproximaciones cient\u00edficas al arte: sus m\u00e1s y sus menos\u201d; el profesor <b>Pablo del R\u00edo<\/b>, presidente del patronato de la Fundaci\u00f3n Infancia y Aprendizaje, y <b>Amelia \u00c1lvarez<\/b>, investigadora del Laboratorio de Investigaci\u00f3n Cultural de la Universidad Carlos III de Madrid, ofrecer\u00e1n la ponencia \u201cSin cuerpo y sin alma. \u00bfAd\u00f3nde fue la educaci\u00f3n? Buscando desde el arte el camino de vuelta\u201d; <b>Javier Saavedra Mac\u00edas<\/b>, profesor del Departamento de Psicolog\u00eda Experimental de la Universidad de Sevilla, hablar\u00e1 sobre \u201cArte, humanidades y bienestar psicol\u00f3gico: historia de un reencuentro\u201d; y <b>Juan Daniel Ram\u00edrez Garrido<\/b>, catedr\u00e1tico de Psicolog\u00eda de la Universidad Pablo de Olavide, ofrecer\u00e1 la actividad pr\u00e1ctica \u201cJugando con la experiencia est\u00e9tica: entre la imagen y la palabra\u201d.<\/p>\n<p><b>Espect\u00e1culo \u201cESTUDIO 44\u201d<\/b><\/p>\n<p>El broche final a este encuentro lo pondr\u00e1 la representaci\u00f3n del espect\u00e1culo \u201cESTUDIO 44\u201d de Teatro El Puente \u00a0con la actuaci\u00f3n del actor cubano Jorge Ferrera. Se celebrar\u00e1 hoy jueves 4 de febrero, a las 19:00 horas en el Espacio Cultural Antigua Guarder\u00eda de la UPO. La entrada es libre hasta completar aforo.<\/p>\n<p>A trav\u00e9s de esta obra su autor y director, el actor Jorge Ferrera, pretende hacer un retrato colectivo e individual de la sociedad contempor\u00e1nea. Como \u00e9l mismo explica \u201ccon esta representaci\u00f3n quiero estudiar algunos mecanismos psicol\u00f3gicos y sociales que llevan a una persona a comportarse exactamente de manera contraria a lo que es y siente\u201d. Toda la historia de este espect\u00e1culo, transcurre en el estudio fotogr\u00e1fico de Jorge F., un enamorado de la fotograf\u00eda como arte y como medio para lograr \u201cver\u201d m\u00e1s all\u00e1 del rostro. Aqu\u00ed radica el impulso, la obsesi\u00f3n que conduce al fot\u00f3grafo a abrir este nuevo negocio. Por el estudio, desfilar\u00e1n personajes sugerentes, mucho m\u00e1s inquietantes, no por lo que dicen, sino por lo que no dicen.<\/p>\n<p>El seminario \u201cPsicolog\u00eda del Arte\u201d, organizado por el Vicerrectorado de Cultura y Compromiso Social de la UPO, a trav\u00e9s del Servicio de Extensi\u00f3n Cultural, se enmarca en el Proyecto Atalaya coordinado por la UPO \u201cArte y Compromiso. Experiencias para el Cambio Social\u201d, que cuenta con el apoyo y la financiaci\u00f3n de la\u00a0 Direcci\u00f3n General de Universidades de la Consejer\u00eda de Econom\u00eda y Conocimiento de la Junta de Andaluc\u00eda. El seminario tambi\u00e9n se celebra como continuidad del \u201cII Encuentro Mil formas de mirar y hacer: Artes y Educaci\u00f3n\u201d celebrado en esta universidad a finales de septiembre de 2015.<\/p>\n<p><a href=\"https:\/\/www.upo.es\/upsc\/export\/sites\/upsc\/Documentos\/extension\/Documentos\/ProgramaSeminario_2.1.pdf\">PROGRAMA DEL SEMINARIO \u201cPSICOLOG\u00cdA DEL ARTE\u201d<\/a><\/p>\n","protected":false},"excerpt":{"rendered":"<p>Se tratar\u00e1n las formas en las que los individuos se enfrentan al consumo de productos art\u00edsticos, qu\u00e9 pasa cuando establecen esas conexiones y c\u00f3mo operan estos saberes en espacios y contextos de intervenci\u00f3n social y\/o acompa\u00f1amiento.<\/p>\n","protected":false},"author":2,"featured_media":0,"comment_status":"closed","ping_status":"open","sticky":false,"template":"","format":"standard","meta":{"_monsterinsights_skip_tracking":false,"_monsterinsights_sitenote_active":false,"_monsterinsights_sitenote_note":"","_monsterinsights_sitenote_category":0,"footnotes":""},"categories":[7],"tags":[265,5834,2367,94,142,78,146],"class_list":["post-12001288","post","type-post","status-publish","format-standard","hentry","category-cultura","tag-arte","tag-cultura","tag-pedagogia","tag-proyecto-atalaya","tag-psicologia","tag-seminario","tag-sociedad"],"_links":{"self":[{"href":"https:\/\/www.upo.es\/diario\/wp-json\/wp\/v2\/posts\/12001288","targetHints":{"allow":["GET"]}}],"collection":[{"href":"https:\/\/www.upo.es\/diario\/wp-json\/wp\/v2\/posts"}],"about":[{"href":"https:\/\/www.upo.es\/diario\/wp-json\/wp\/v2\/types\/post"}],"author":[{"embeddable":true,"href":"https:\/\/www.upo.es\/diario\/wp-json\/wp\/v2\/users\/2"}],"replies":[{"embeddable":true,"href":"https:\/\/www.upo.es\/diario\/wp-json\/wp\/v2\/comments?post=12001288"}],"version-history":[{"count":21,"href":"https:\/\/www.upo.es\/diario\/wp-json\/wp\/v2\/posts\/12001288\/revisions"}],"predecessor-version":[{"id":12023346,"href":"https:\/\/www.upo.es\/diario\/wp-json\/wp\/v2\/posts\/12001288\/revisions\/12023346"}],"wp:attachment":[{"href":"https:\/\/www.upo.es\/diario\/wp-json\/wp\/v2\/media?parent=12001288"}],"wp:term":[{"taxonomy":"category","embeddable":true,"href":"https:\/\/www.upo.es\/diario\/wp-json\/wp\/v2\/categories?post=12001288"},{"taxonomy":"post_tag","embeddable":true,"href":"https:\/\/www.upo.es\/diario\/wp-json\/wp\/v2\/tags?post=12001288"}],"curies":[{"name":"wp","href":"https:\/\/api.w.org\/{rel}","templated":true}]}}