{"id":12013034,"date":"2016-02-04T12:13:02","date_gmt":"2016-02-04T12:13:02","guid":{"rendered":"https:\/\/www.upo.es\/diario\/?p=12013034"},"modified":"2016-02-04T12:13:02","modified_gmt":"2016-02-04T12:13:02","slug":"sobresaliente-cum-laude-para-la-tesis-redes-sociales-de-apoyo-migracion-transnacional-e-insercion-local-de-migrantes-ecuatorianos-en-el-municipio-de-vera","status":"publish","type":"post","link":"https:\/\/www.upo.es\/diario\/tesis\/2016\/02\/sobresaliente-cum-laude-para-la-tesis-redes-sociales-de-apoyo-migracion-transnacional-e-insercion-local-de-migrantes-ecuatorianos-en-el-municipio-de-vera\/","title":{"rendered":"Sobresaliente Cum Laude para la tesis \u201cRedes sociales de apoyo, migraci\u00f3n transnacional e inserci\u00f3n local de migrantes ecuatorianos en el municipio de Vera\u201d"},"content":{"rendered":"<p>El pasado martes tuvo lugar en la sala de Grados del Edificio 6 la defensa p\u00fablica de la tesis doctoral titulada \u201cRedes sociales de apoyo, migraci\u00f3n transnacional e inserci\u00f3n local de migrantes ecuatorianos en el municipio de Vera\u201d, de la que es autora Pilar Guadalupe Cruz Z\u00fa\u00f1iga. Esta tesis doctoral, dirigida por el profesor Juan Marchena Fern\u00e1ndez de la Universidad Pablo de Olavide, ha obtenido la calificaci\u00f3n de Sobresaliente Cum Laude.<\/p>\n","protected":false},"excerpt":{"rendered":"<p>El pasado martes tuvo lugar en la sala de Grados del Edificio 6 la defensa p\u00fablica de la tesis doctoral titulada \u201cRedes sociales de apoyo, migraci\u00f3n transnacional e inserci\u00f3n local de migrantes ecuatorianos en el municipio de Vera\u201d, de la que es autora Pilar Guadalupe Cruz Z\u00fa\u00f1iga. Esta tesis doctoral, dirigida por el profesor Juan Marchena Fern\u00e1ndez de la Universidad Pablo de Olavide, ha obtenido la calificaci\u00f3n de Sobresaliente Cum Laude.<\/p>\n","protected":false},"author":5,"featured_media":0,"comment_status":"closed","ping_status":"open","sticky":false,"template":"","format":"standard","meta":{"_monsterinsights_skip_tracking":false,"_monsterinsights_sitenote_active":false,"_monsterinsights_sitenote_note":"","_monsterinsights_sitenote_category":0,"footnotes":""},"categories":[119],"tags":[3119,891,3120,3118,1284,3117],"class_list":["post-12013034","post","type-post","status-publish","format-standard","hentry","category-tesis","tag-almeria","tag-ecuador","tag-ecuatoriano","tag-insercion","tag-migracion","tag-vera"],"_links":{"self":[{"href":"https:\/\/www.upo.es\/diario\/wp-json\/wp\/v2\/posts\/12013034","targetHints":{"allow":["GET"]}}],"collection":[{"href":"https:\/\/www.upo.es\/diario\/wp-json\/wp\/v2\/posts"}],"about":[{"href":"https:\/\/www.upo.es\/diario\/wp-json\/wp\/v2\/types\/post"}],"author":[{"embeddable":true,"href":"https:\/\/www.upo.es\/diario\/wp-json\/wp\/v2\/users\/5"}],"replies":[{"embeddable":true,"href":"https:\/\/www.upo.es\/diario\/wp-json\/wp\/v2\/comments?post=12013034"}],"version-history":[{"count":1,"href":"https:\/\/www.upo.es\/diario\/wp-json\/wp\/v2\/posts\/12013034\/revisions"}],"predecessor-version":[{"id":12013035,"href":"https:\/\/www.upo.es\/diario\/wp-json\/wp\/v2\/posts\/12013034\/revisions\/12013035"}],"wp:attachment":[{"href":"https:\/\/www.upo.es\/diario\/wp-json\/wp\/v2\/media?parent=12013034"}],"wp:term":[{"taxonomy":"category","embeddable":true,"href":"https:\/\/www.upo.es\/diario\/wp-json\/wp\/v2\/categories?post=12013034"},{"taxonomy":"post_tag","embeddable":true,"href":"https:\/\/www.upo.es\/diario\/wp-json\/wp\/v2\/tags?post=12013034"}],"curies":[{"name":"wp","href":"https:\/\/api.w.org\/{rel}","templated":true}]}}