{"id":1203844,"date":"2013-07-15T10:12:03","date_gmt":"2013-07-15T10:12:03","guid":{"rendered":"https:\/\/www.upo.es\/diario\/?p=1203844"},"modified":"2013-07-15T10:12:03","modified_gmt":"2013-07-15T10:12:03","slug":"apto-cum-laude-para-la-tesis-narracion-oral-de-cuentos-comunitaria-y-escenica-critica-como-herramienta-de-intervencion-social","status":"publish","type":"post","link":"https:\/\/www.upo.es\/diario\/tesis\/2013\/07\/apto-cum-laude-para-la-tesis-narracion-oral-de-cuentos-comunitaria-y-escenica-critica-como-herramienta-de-intervencion-social\/","title":{"rendered":"Apto Cum Laude para la tesis \u201cNarraci\u00f3n oral de cuentos comunitaria y esc\u00e9nica cr\u00edtica como herramienta de intervenci\u00f3n social\u201d"},"content":{"rendered":"<p>El pasado viernes lugar en la sala de grados del edificio 6, la defensa p\u00fablica de la tesis doctoral titulada \u00abNarraci\u00f3n oral de cuentos comunitaria y esc\u00e9nica cr\u00edtica como herramienta de intervenci\u00f3n social\u201d, de la que es autor Jhon Alberto Ardila Viviescas. Esta tesis doctoral, dirigida por la profesora Nuria Cordero Ramos, de la Universidad Pablo de Olavide, ha obtenido la calificaci\u00f3n de Apto Cum Laude.<\/p>\n","protected":false},"excerpt":{"rendered":"<p>El pasado viernes lugar en la sala de grados del edificio 6, la defensa p\u00fablica de la tesis doctoral titulada \u00abNarraci\u00f3n oral de cuentos comunitaria y esc\u00e9nica cr\u00edtica como herramienta de intervenci\u00f3n social\u201d, de la que es autor Jhon Alberto Ardila Viviescas. Esta tesis doctoral, dirigida por la profesora Nuria Cordero Ramos, de la Universidad Pablo de Olavide, ha obtenido la calificaci\u00f3n de Apto Cum Laude.<\/p>\n","protected":false},"author":5,"featured_media":0,"comment_status":"closed","ping_status":"open","sticky":false,"template":"","format":"standard","meta":{"_monsterinsights_skip_tracking":false,"_monsterinsights_sitenote_active":false,"_monsterinsights_sitenote_note":"","_monsterinsights_sitenote_category":0,"footnotes":""},"categories":[119],"tags":[793],"class_list":["post-1203844","post","type-post","status-publish","format-standard","hentry","category-tesis","tag-intervencion-social"],"_links":{"self":[{"href":"https:\/\/www.upo.es\/diario\/wp-json\/wp\/v2\/posts\/1203844","targetHints":{"allow":["GET"]}}],"collection":[{"href":"https:\/\/www.upo.es\/diario\/wp-json\/wp\/v2\/posts"}],"about":[{"href":"https:\/\/www.upo.es\/diario\/wp-json\/wp\/v2\/types\/post"}],"author":[{"embeddable":true,"href":"https:\/\/www.upo.es\/diario\/wp-json\/wp\/v2\/users\/5"}],"replies":[{"embeddable":true,"href":"https:\/\/www.upo.es\/diario\/wp-json\/wp\/v2\/comments?post=1203844"}],"version-history":[{"count":1,"href":"https:\/\/www.upo.es\/diario\/wp-json\/wp\/v2\/posts\/1203844\/revisions"}],"predecessor-version":[{"id":1203845,"href":"https:\/\/www.upo.es\/diario\/wp-json\/wp\/v2\/posts\/1203844\/revisions\/1203845"}],"wp:attachment":[{"href":"https:\/\/www.upo.es\/diario\/wp-json\/wp\/v2\/media?parent=1203844"}],"wp:term":[{"taxonomy":"category","embeddable":true,"href":"https:\/\/www.upo.es\/diario\/wp-json\/wp\/v2\/categories?post=1203844"},{"taxonomy":"post_tag","embeddable":true,"href":"https:\/\/www.upo.es\/diario\/wp-json\/wp\/v2\/tags?post=1203844"}],"curies":[{"name":"wp","href":"https:\/\/api.w.org\/{rel}","templated":true}]}}