{"id":1204377,"date":"2013-07-15T06:15:06","date_gmt":"2013-07-15T06:15:06","guid":{"rendered":"https:\/\/www.upo.es\/diario\/?p=1204377"},"modified":"2013-07-16T12:23:17","modified_gmt":"2013-07-16T12:23:17","slug":"antonio-maillo-ofrece-manana-una-conferencia-en%c2%b4el-curso-democracia-participativa-y-poder-local","status":"publish","type":"post","link":"https:\/\/www.upo.es\/diario\/institucional\/2013\/07\/antonio-maillo-ofrece-manana-una-conferencia-en%c2%b4el-curso-democracia-participativa-y-poder-local\/","title":{"rendered":"Antonio Ma\u00edllo ofrece ma\u00f1ana una conferencia en el curso \u201cDemocracia participativa y poder local\u201d"},"content":{"rendered":"<figure id=\"attachment_1105267\" aria-describedby=\"caption-attachment-1105267\" style=\"width: 320px\" class=\"wp-caption alignright\"><a href=\"https:\/\/www.upo.es\/diario\/wp-content\/uploads\/2013\/06\/CursosdeVerano2013-1.jpg\"><img loading=\"lazy\" decoding=\"async\" class=\"size-medium wp-image-1105267 \" alt=\"Cursos de Verano de la UPO 2013, cartel\" src=\"https:\/\/www.upo.es\/diario\/wp-content\/uploads\/2013\/06\/CursosdeVerano2013-1-320x213.jpg\" width=\"320\" height=\"213\" srcset=\"https:\/\/www.upo.es\/diario\/wp-content\/uploads\/2013\/06\/CursosdeVerano2013-1-320x213.jpg 320w, https:\/\/www.upo.es\/diario\/wp-content\/uploads\/2013\/06\/CursosdeVerano2013-1-1024x682.jpg 1024w, https:\/\/www.upo.es\/diario\/wp-content\/uploads\/2013\/06\/CursosdeVerano2013-1-600x399.jpg 600w\" sizes=\"auto, (max-width: 320px) 100vw, 320px\" \/><\/a><figcaption id=\"caption-attachment-1105267\" class=\"wp-caption-text\">Los Cursos de Verano se celebran en la sede universitaria de la UPO en Carmona<\/figcaption><\/figure>\n<p>Ma\u00f1ana martes 16 de julio, a las 10 horas en la Casa Palacio de Los Briones, en Carmona, Antonio Ma\u00edllo, el coordinador regional de IU y director general de Administraci\u00f3n Local de la Junta de Andaluc\u00eda, ofrecer\u00e1 la conferencia \u201cLa democracia participativa en el mundo local\u201d en el marco del curso de verano <b><a href=\"http:\/\/www.upo.es\/olavideencarmona\/export\/sites\/upo_carmona\/documentos\/2013\/2013cc26.pdf\">\u201cDemocracia participativa y poder local: la construcci\u00f3n de las leyes de participaci\u00f3n ciudadana. Transparencia y autonom\u00eda local (2007- 2013)\u201d<\/a><\/b>.<\/p>\n<p>Este curso de verano proseguir\u00e1, a las 12 horas, con la mesa redonda \u201cLa democracia participativa funciona\u201d, moderada por Manuel Begines,\u00a0 diputado provincial de la Diputaci\u00f3n de Sevilla, en la que participar\u00e1n Roberto Garc\u00eda, alcalde de Peligros (Granada), Manuel S\u00e1nchez, alcalde de Archidona (M\u00e1laga) y Rafael Cobano, alcalde de Paradas (Sevilla). Posteriormente, a las 13.15 horas, se celebrar\u00e1 la conferencia \u201cLas instituciones supramunicipales en los procesos de decisi\u00f3n\u201d, a cargo de Dolores Bravo S\u00e1nchez, de la Diputaci\u00f3n de Sevilla; Juan Manuel Valle Chac\u00f3n, de la Federaci\u00f3n Andaluza de Municipios y Provincias (FAMP), y Rosana Navarro Heras, del Ministerio de Hacienda y Administraciones P\u00fablicas. Por la tarde, a las 17 horas, se impartir\u00e1 el Taller II \u201cLas leyes que queremos. Crowdsourcing legislativo\u201d, coordinado por Jes\u00fas Fern\u00e1ndez Acevedo, del departamento de Asesor\u00eda Jur\u00eddica de Tuenti Espa\u00f1a.<\/p>\n<p>Respecto al curso <b><a href=\"http:\/\/www.upo.es\/olavideencarmona\/export\/sites\/upo_carmona\/documentos\/2013\/2013cc29.pdf\">\u201cAplicaci\u00f3n del an\u00e1lisis sensorial de los alimentos en la cocina y en la industria alimentaria\u201d<\/a><\/b>, ma\u00f1ana martes en la casa palacio de Los Briones, a las 15.30 horas, Dar\u00edo Barrio, chef de dASSA bASSA, impartir\u00e1 la conferencia \u201cSesi\u00f3n gastron\u00f3mica o culinaria, demostraci\u00f3n sabores, aromas, texturas\u201d. La jornada del martes de este curso se iniciar\u00e1 a las 9 horas con la \u00a0conferencia \u201cLos sentidos en la cocina\u201d, a cargo de Maruxa Garc\u00eda Quiroga, investigadora del \u00c1rea de Nuevos Alimentos de la Unidad de Investigaci\u00f3n Alimentaria (Azti-Tecnalia) de Bilbao. Posteriormente, a las 10 horas, tendr\u00e1 lugar la ponencia \u201cPropiedades sensoriales, aplicaci\u00f3n en la cocina. Aromas y sabores (flavor)\u201d, que ser\u00e1 ofrecida por Francesc Montejo Torrell, director de Innflavours (Barcelona). A las 11.45 horas, Juan Carlos Arboleya, investigador en el Centro Tecnol\u00f3gico del Mar y los Alimentos (AZTI-Tecnalia) y profesor del Basque Culinary Center (Bilbao), impartir\u00e1 la conferencia \u201cTexturas y sonidos\u201d.<\/p>\n<p>El curso <b><a href=\"http:\/\/www.upo.es\/olavideencarmona\/export\/sites\/upo_carmona\/documentos\/2013\/2013cc28.pdf\">\u201cArteterapia: la ausencia\u201d<\/a><\/b>, proseguir\u00e1 ma\u00f1ana martes en el hotel Alc\u00e1zar de la Reina con la conferencia, a las 9.30 horas, \u00a0\u201cArteterapia y otras formas de construir sobre la ausencia\u201d, impartida por Mar\u00eda Antonia Hidalgo Rubio, directora del m\u00e1ster en Arteterapia y Aplicaciones del Arte para el Di\u00e1logo y la Integraci\u00f3n Social de la Universidad Pablo de Olavide, arteterapeuta y gestora cultural. A las 11.30 horas se celebrar\u00e1 el taller de danzaterapia \u201cLlenar el vac\u00edo\u201d, a cargo de Luc\u00eda Reula Baquero, danzaterapeuta y profesora del m\u00e1ster en Arteterapia y Aplicaciones del Arte para el Di\u00e1logo y la Integraci\u00f3n Social de la Universidad Pablo de Olavide, quien impartir\u00e1, por la tarde, a las 16.30 horas, un nuevo taller de danzaterapia.<\/p>\n<p>Finalmente, el curso <b><a href=\"http:\/\/www.upo.es\/olavideencarmona\/export\/sites\/upo_carmona\/documentos\/2013\/2013cc30.pdf\">\u201cLocalizaci\u00f3n de sitios web: traducci\u00f3n, tecnolog\u00eda y gesti\u00f3n internacional\u201d<\/a><\/b>, comenzar\u00e1 la jornada de ma\u00f1ana martes con la conferencia, a las 9.30 horas en la casa palacio de Los Briones, \u201cLocalizaci\u00f3n de software y sitios web\u201d impartida por Mar\u00eda Elena de la Cova Morillo-Velarde, del Departamento de Filolog\u00eda y Traducci\u00f3n de la Universidad Pablo de Olavide, quien, a las 11.30 horas, impartir\u00e1 el taller \u201cCaso pr\u00e1ctico de localizaci\u00f3n de un sitio web. Posteriormente, a las 15 horas, M\u00aa de los \u00c1ngeles Mor\u00f3n Mart\u00edn, del Departamento de Filolog\u00eda y Traducci\u00f3n de la Universidad Pablo de Olavide, impartir\u00e1 la conferencia\u201cEmpleabilidad y localizaci\u00f3n\u201d, y a las 17 horas, coordinar\u00e1 el taller \u201cCompetencias del localizador e inserci\u00f3n laboral\u201d.<\/p>\n<p>&nbsp;<\/p>\n","protected":false},"excerpt":{"rendered":"<p>Ma\u00f1ana martes 16 de julio, a las 10 horas en la Casa Palacio de Los Briones, en Carmona, Antonio Ma\u00edllo, el coordinador regional de IU y director general de Administraci\u00f3n Local de la Junta de Andaluc\u00eda, ofrecer\u00e1 la conferencia \u201cLa democracia participativa en el mundo local\u201d en el marco del curso de verano \u201cDemocracia participativa y poder local: la construcci\u00f3n de las leyes de participaci\u00f3n ciudadana. Transparencia y autonom\u00eda local (2007- 2013)\u201d.<\/p>\n","protected":false},"author":6,"featured_media":0,"comment_status":"closed","ping_status":"open","sticky":false,"template":"","format":"standard","meta":{"_monsterinsights_skip_tracking":false,"_monsterinsights_sitenote_active":false,"_monsterinsights_sitenote_note":"","_monsterinsights_sitenote_category":0,"footnotes":""},"categories":[6],"tags":[23,141,22,519],"class_list":["post-1204377","post","type-post","status-publish","format-standard","hentry","category-institucional","tag-carmona","tag-curso","tag-cursos-de-verano","tag-olavide-en-carmona"],"_links":{"self":[{"href":"https:\/\/www.upo.es\/diario\/wp-json\/wp\/v2\/posts\/1204377","targetHints":{"allow":["GET"]}}],"collection":[{"href":"https:\/\/www.upo.es\/diario\/wp-json\/wp\/v2\/posts"}],"about":[{"href":"https:\/\/www.upo.es\/diario\/wp-json\/wp\/v2\/types\/post"}],"author":[{"embeddable":true,"href":"https:\/\/www.upo.es\/diario\/wp-json\/wp\/v2\/users\/6"}],"replies":[{"embeddable":true,"href":"https:\/\/www.upo.es\/diario\/wp-json\/wp\/v2\/comments?post=1204377"}],"version-history":[{"count":8,"href":"https:\/\/www.upo.es\/diario\/wp-json\/wp\/v2\/posts\/1204377\/revisions"}],"predecessor-version":[{"id":1210411,"href":"https:\/\/www.upo.es\/diario\/wp-json\/wp\/v2\/posts\/1204377\/revisions\/1210411"}],"wp:attachment":[{"href":"https:\/\/www.upo.es\/diario\/wp-json\/wp\/v2\/media?parent=1204377"}],"wp:term":[{"taxonomy":"category","embeddable":true,"href":"https:\/\/www.upo.es\/diario\/wp-json\/wp\/v2\/categories?post=1204377"},{"taxonomy":"post_tag","embeddable":true,"href":"https:\/\/www.upo.es\/diario\/wp-json\/wp\/v2\/tags?post=1204377"}],"curies":[{"name":"wp","href":"https:\/\/api.w.org\/{rel}","templated":true}]}}