{"id":12063115,"date":"2016-02-08T10:44:37","date_gmt":"2016-02-08T10:44:37","guid":{"rendered":"https:\/\/www.upo.es\/diario\/?p=12063115"},"modified":"2016-02-08T10:44:37","modified_gmt":"2016-02-08T10:44:37","slug":"sobresaliente-cum-laude-para-la-tesis-educacion-social-en-canarias-profesionalizacion-del-educador-y-la-educadora-social","status":"publish","type":"post","link":"https:\/\/www.upo.es\/diario\/tesis\/2016\/02\/sobresaliente-cum-laude-para-la-tesis-educacion-social-en-canarias-profesionalizacion-del-educador-y-la-educadora-social\/","title":{"rendered":"Sobresaliente Cum Laude para la tesis \u201cEducaci\u00f3n social en Canarias. Profesionalizaci\u00f3n del educador y la educadora social\u201d"},"content":{"rendered":"<p>El pasado viernes tuvo lugar en la Sala de Grados de la Biblioteca la defensa p\u00fablica de la tesis doctoral titulada \u201cEducaci\u00f3n social en Canarias. Profesionalizaci\u00f3n del educador y la educadora social\u201d, de la que es autor Juan Francisco Trujillo Herrera. Esta tesis doctoral ha sido dirigida por las profesoras Encarnaci\u00f3n Bas Pe\u00f1a, de la Universidad de Murcia, Mar\u00eda Cruz S\u00e1nchez Fern\u00e1ndez, de la Universidad de Salamanca y M\u00aa Victoria P\u00e9rez de Guzm\u00e1n, de la Universidad Pablo de Olavide. La tesis ha obtenido la calificaci\u00f3n de Sobresaliente Cum Laude.<\/p>\n","protected":false},"excerpt":{"rendered":"<p>El pasado viernes tuvo lugar en la Sala de Grados de la Biblioteca la defensa p\u00fablica de la tesis doctoral titulada \u201cEducaci\u00f3n social en Canarias. Profesionalizaci\u00f3n del educador y la educadora social\u201d, de la que es autor Juan Francisco Trujillo Herrera. Esta tesis doctoral ha sido dirigida por las profesoras Encarnaci\u00f3n Bas Pe\u00f1a, de la Universidad de Murcia, Mar\u00eda Cruz S\u00e1nchez Fern\u00e1ndez, de la Universidad de Salamanca y M\u00aa Victoria P\u00e9rez de Guzm\u00e1n, de la Universidad Pablo de Olavide. La tesis ha obtenido la calificaci\u00f3n de Sobresaliente Cum Laude.<\/p>\n","protected":false},"author":13,"featured_media":0,"comment_status":"closed","ping_status":"open","sticky":false,"template":"","format":"standard","meta":{"_monsterinsights_skip_tracking":false,"_monsterinsights_sitenote_active":false,"_monsterinsights_sitenote_note":"","_monsterinsights_sitenote_category":0,"footnotes":""},"categories":[119],"tags":[1661,465,3141],"class_list":["post-12063115","post","type-post","status-publish","format-standard","hentry","category-tesis","tag-canarias","tag-educacion","tag-educador"],"_links":{"self":[{"href":"https:\/\/www.upo.es\/diario\/wp-json\/wp\/v2\/posts\/12063115","targetHints":{"allow":["GET"]}}],"collection":[{"href":"https:\/\/www.upo.es\/diario\/wp-json\/wp\/v2\/posts"}],"about":[{"href":"https:\/\/www.upo.es\/diario\/wp-json\/wp\/v2\/types\/post"}],"author":[{"embeddable":true,"href":"https:\/\/www.upo.es\/diario\/wp-json\/wp\/v2\/users\/13"}],"replies":[{"embeddable":true,"href":"https:\/\/www.upo.es\/diario\/wp-json\/wp\/v2\/comments?post=12063115"}],"version-history":[{"count":1,"href":"https:\/\/www.upo.es\/diario\/wp-json\/wp\/v2\/posts\/12063115\/revisions"}],"predecessor-version":[{"id":12063116,"href":"https:\/\/www.upo.es\/diario\/wp-json\/wp\/v2\/posts\/12063115\/revisions\/12063116"}],"wp:attachment":[{"href":"https:\/\/www.upo.es\/diario\/wp-json\/wp\/v2\/media?parent=12063115"}],"wp:term":[{"taxonomy":"category","embeddable":true,"href":"https:\/\/www.upo.es\/diario\/wp-json\/wp\/v2\/categories?post=12063115"},{"taxonomy":"post_tag","embeddable":true,"href":"https:\/\/www.upo.es\/diario\/wp-json\/wp\/v2\/tags?post=12063115"}],"curies":[{"name":"wp","href":"https:\/\/api.w.org\/{rel}","templated":true}]}}