{"id":12077105,"date":"2016-02-09T13:19:30","date_gmt":"2016-02-09T13:19:30","guid":{"rendered":"https:\/\/www.upo.es\/diario\/?p=12077105"},"modified":"2016-02-09T13:19:30","modified_gmt":"2016-02-09T13:19:30","slug":"sobresaliente-para-la-tesis-el-uso-del-discurso-de-los-derechos-humanos-por-los-movimientos-sociales","status":"publish","type":"post","link":"https:\/\/www.upo.es\/diario\/tesis\/2016\/02\/sobresaliente-para-la-tesis-el-uso-del-discurso-de-los-derechos-humanos-por-los-movimientos-sociales\/","title":{"rendered":"Sobresaliente para la tesis \u201cEl uso del discurso de los Derechos Humanos por los movimientos sociales\u201d"},"content":{"rendered":"<p>Ayer lunes tuvo lugar en la Sala de Grados del Edificio 7 la defensa p\u00fablica de la tesis doctoral titulada \u201cEl uso del discurso de los Derechos Humanos por los movimientos sociales\u201d, de la que es autor Mario Iv\u00e1n Vela Pallares. Esta tesis doctoral, que tiene como tutora a la profesora Lina G\u00e1lvez Mu\u00f1oz, del Departamento de Econom\u00eda, M\u00e9todos Cuantitativos e Historia Econ\u00f3mica de la Universidad Pablo de Olavide, ha obtenido la calificaci\u00f3n de Sobresaliente.<\/p>\n","protected":false},"excerpt":{"rendered":"<p>Ayer lunes tuvo lugar en la Sala de Grados del Edificio 7 la defensa p\u00fablica de la tesis doctoral titulada \u201cEl uso del discurso de los derechos humanos por los movimientos sociales\u201d, de la que es autor Mario Iv\u00e1n Vela Pallares. Esta tesis doctoral, que tiene como tutora a la profesora Lina G\u00e1lvez Mu\u00f1oz, del Departamento de Econom\u00eda, M\u00e9todos Cuantitativos e Historia Econ\u00f3mica de la Universidad Pablo de Olavide, ha obtenido la calificaci\u00f3n de Sobresaliente.<\/p>\n","protected":false},"author":5,"featured_media":0,"comment_status":"closed","ping_status":"open","sticky":false,"template":"","format":"standard","meta":{"_monsterinsights_skip_tracking":false,"_monsterinsights_sitenote_active":false,"_monsterinsights_sitenote_note":"","_monsterinsights_sitenote_category":0,"footnotes":""},"categories":[119],"tags":[92,899,1375],"class_list":["post-12077105","post","type-post","status-publish","format-standard","hentry","category-tesis","tag-derechos-humanos","tag-historia-economica","tag-movimientos-sociales"],"_links":{"self":[{"href":"https:\/\/www.upo.es\/diario\/wp-json\/wp\/v2\/posts\/12077105","targetHints":{"allow":["GET"]}}],"collection":[{"href":"https:\/\/www.upo.es\/diario\/wp-json\/wp\/v2\/posts"}],"about":[{"href":"https:\/\/www.upo.es\/diario\/wp-json\/wp\/v2\/types\/post"}],"author":[{"embeddable":true,"href":"https:\/\/www.upo.es\/diario\/wp-json\/wp\/v2\/users\/5"}],"replies":[{"embeddable":true,"href":"https:\/\/www.upo.es\/diario\/wp-json\/wp\/v2\/comments?post=12077105"}],"version-history":[{"count":1,"href":"https:\/\/www.upo.es\/diario\/wp-json\/wp\/v2\/posts\/12077105\/revisions"}],"predecessor-version":[{"id":12077106,"href":"https:\/\/www.upo.es\/diario\/wp-json\/wp\/v2\/posts\/12077105\/revisions\/12077106"}],"wp:attachment":[{"href":"https:\/\/www.upo.es\/diario\/wp-json\/wp\/v2\/media?parent=12077105"}],"wp:term":[{"taxonomy":"category","embeddable":true,"href":"https:\/\/www.upo.es\/diario\/wp-json\/wp\/v2\/categories?post=12077105"},{"taxonomy":"post_tag","embeddable":true,"href":"https:\/\/www.upo.es\/diario\/wp-json\/wp\/v2\/tags?post=12077105"}],"curies":[{"name":"wp","href":"https:\/\/api.w.org\/{rel}","templated":true}]}}