{"id":12090152,"date":"2016-02-10T12:18:45","date_gmt":"2016-02-10T12:18:45","guid":{"rendered":"https:\/\/www.upo.es\/diario\/?p=12090152"},"modified":"2016-02-10T12:18:45","modified_gmt":"2016-02-10T12:18:45","slug":"sobresaliente-para-la-tesis-garantia-de-los-derechos-adquiridos-por-las-personas-con-discapacidad-en-costa-rica","status":"publish","type":"post","link":"https:\/\/www.upo.es\/diario\/tesis\/2016\/02\/sobresaliente-para-la-tesis-garantia-de-los-derechos-adquiridos-por-las-personas-con-discapacidad-en-costa-rica\/","title":{"rendered":"Sobresaliente para la tesis \u201cGarant\u00eda de los derechos adquiridos por las personas con discapacidad en Costa Rica\u201d"},"content":{"rendered":"<p>Ayer martes tuvo lugar en la Sala de Grados del Edificio 6 la defensa p\u00fablica de la tesis doctoral titulada \u201cGarant\u00eda de los derechos adquiridos por las personas con discapacidad en Costa Rica\u201d, de la que es autora Karla Molina D\u00edaz. Esta tesis doctoral ha sido dirigida por la profesora M\u00f3nica Arribas Le\u00f3n, de la Universidad Pablo de Olavide. La tesis ha obtenido la calificaci\u00f3n de Sobresaliente.<\/p>\n","protected":false},"excerpt":{"rendered":"<p>Ayer martes tuvo lugar en la Sala de Grados del Edificio 6 la defensa p\u00fablica de la tesis doctoral titulada \u201cGarant\u00eda de los derechos adquiridos por las personas con discapacidad en Costa Rica\u201d, de la que es autora Karla Molina D\u00edaz. Esta tesis doctoral ha sido dirigida por la profesora M\u00f3nica Arribas Le\u00f3n, de la Universidad Pablo de Olavide. La tesis ha obtenido la calificaci\u00f3n de Sobresaliente.<\/p>\n","protected":false},"author":13,"featured_media":0,"comment_status":"closed","ping_status":"open","sticky":false,"template":"","format":"standard","meta":{"_monsterinsights_skip_tracking":false,"_monsterinsights_sitenote_active":false,"_monsterinsights_sitenote_note":"","_monsterinsights_sitenote_category":0,"footnotes":""},"categories":[119],"tags":[1695,87,1210],"class_list":["post-12090152","post","type-post","status-publish","format-standard","hentry","category-tesis","tag-costa-rica","tag-derecho","tag-discapacidad"],"_links":{"self":[{"href":"https:\/\/www.upo.es\/diario\/wp-json\/wp\/v2\/posts\/12090152","targetHints":{"allow":["GET"]}}],"collection":[{"href":"https:\/\/www.upo.es\/diario\/wp-json\/wp\/v2\/posts"}],"about":[{"href":"https:\/\/www.upo.es\/diario\/wp-json\/wp\/v2\/types\/post"}],"author":[{"embeddable":true,"href":"https:\/\/www.upo.es\/diario\/wp-json\/wp\/v2\/users\/13"}],"replies":[{"embeddable":true,"href":"https:\/\/www.upo.es\/diario\/wp-json\/wp\/v2\/comments?post=12090152"}],"version-history":[{"count":1,"href":"https:\/\/www.upo.es\/diario\/wp-json\/wp\/v2\/posts\/12090152\/revisions"}],"predecessor-version":[{"id":12090153,"href":"https:\/\/www.upo.es\/diario\/wp-json\/wp\/v2\/posts\/12090152\/revisions\/12090153"}],"wp:attachment":[{"href":"https:\/\/www.upo.es\/diario\/wp-json\/wp\/v2\/media?parent=12090152"}],"wp:term":[{"taxonomy":"category","embeddable":true,"href":"https:\/\/www.upo.es\/diario\/wp-json\/wp\/v2\/categories?post=12090152"},{"taxonomy":"post_tag","embeddable":true,"href":"https:\/\/www.upo.es\/diario\/wp-json\/wp\/v2\/tags?post=12090152"}],"curies":[{"name":"wp","href":"https:\/\/api.w.org\/{rel}","templated":true}]}}