{"id":12101173,"date":"2016-02-11T09:08:39","date_gmt":"2016-02-11T09:08:39","guid":{"rendered":"https:\/\/www.upo.es\/diario\/?p=12101173"},"modified":"2016-02-11T09:08:39","modified_gmt":"2016-02-11T09:08:39","slug":"sobresaliente-cum-laude-para-la-tesis-enfoque-contracturalista-identidad-social-y-capacidad-politica-en-amartya-sen-y-confrontacion-de-estas-y-otras-cuestiones-en-las-perspectivas-de-sen-y","status":"publish","type":"post","link":"https:\/\/www.upo.es\/diario\/tesis\/2016\/02\/sobresaliente-cum-laude-para-la-tesis-enfoque-contracturalista-identidad-social-y-capacidad-politica-en-amartya-sen-y-confrontacion-de-estas-y-otras-cuestiones-en-las-perspectivas-de-sen-y\/","title":{"rendered":"Sobresaliente Cum Laude para la tesis \u201cEnfoque contracturalista, identidad social y capacidad pol\u00edtica en Amartya Sen, y confrontaci\u00f3n de \u00e9stas y otras cuestiones en las perspectivas de Sen y Foucault en democracia\u201d"},"content":{"rendered":"<p>Ayer mi\u00e9rcoles tuvo lugar en la Sala de Vistas del Edificio 6 la defensa p\u00fablica de la tesis doctoral titulada \u201cEnfoque estructuralista, identidad social y capacidad pol\u00edtica en Amartya Sen y confrontaci\u00f3n de \u00e9stas y otras cuestiones en las perspectivas de Sen y Foucault en democracia\u201d, de la que es autora Mar\u00eda Rosario Carvajal Mu\u00f1oz. Esta tesis doctoral ha sido dirigida por el profesor Rafael Rodr\u00edguez Prieto, de la Universidad Pablo de Olavide. La tesis ha obtenido la calificaci\u00f3n de Sobresaliente Cum Laude.<\/p>\n<p>&nbsp;<\/p>\n","protected":false},"excerpt":{"rendered":"<p>Ayer mi\u00e9rcoles tuvo lugar en la Sala de Vistas del Edificio 6 la defensa p\u00fablica de la tesis doctoral titulada \u201cEnfoque estructuralista, identidad social y capacidad pol\u00edtica en Amartya Sen y confrontaci\u00f3n de \u00e9stas y otras cuestiones en las perspectivas de Sen y Foucault en democracia\u201d, de la que es autora Mar\u00eda Rosario Carvajal Mu\u00f1oz. Esta tesis doctoral ha sido dirigida por el profesor Rafael Rodr\u00edguez Prieto, de la Universidad Pablo de Olavide. La tesis ha obtenido la calificaci\u00f3n de Sobresaliente Cum Laude.<\/p>\n","protected":false},"author":13,"featured_media":0,"comment_status":"closed","ping_status":"open","sticky":false,"template":"","format":"standard","meta":{"_monsterinsights_skip_tracking":false,"_monsterinsights_sitenote_active":false,"_monsterinsights_sitenote_note":"","_monsterinsights_sitenote_category":0,"footnotes":""},"categories":[119],"tags":[1683,744,3174,3028,76],"class_list":["post-12101173","post","type-post","status-publish","format-standard","hentry","category-tesis","tag-amartya-sen","tag-democracia","tag-foucault","tag-identidad","tag-politica"],"_links":{"self":[{"href":"https:\/\/www.upo.es\/diario\/wp-json\/wp\/v2\/posts\/12101173","targetHints":{"allow":["GET"]}}],"collection":[{"href":"https:\/\/www.upo.es\/diario\/wp-json\/wp\/v2\/posts"}],"about":[{"href":"https:\/\/www.upo.es\/diario\/wp-json\/wp\/v2\/types\/post"}],"author":[{"embeddable":true,"href":"https:\/\/www.upo.es\/diario\/wp-json\/wp\/v2\/users\/13"}],"replies":[{"embeddable":true,"href":"https:\/\/www.upo.es\/diario\/wp-json\/wp\/v2\/comments?post=12101173"}],"version-history":[{"count":1,"href":"https:\/\/www.upo.es\/diario\/wp-json\/wp\/v2\/posts\/12101173\/revisions"}],"predecessor-version":[{"id":12101174,"href":"https:\/\/www.upo.es\/diario\/wp-json\/wp\/v2\/posts\/12101173\/revisions\/12101174"}],"wp:attachment":[{"href":"https:\/\/www.upo.es\/diario\/wp-json\/wp\/v2\/media?parent=12101173"}],"wp:term":[{"taxonomy":"category","embeddable":true,"href":"https:\/\/www.upo.es\/diario\/wp-json\/wp\/v2\/categories?post=12101173"},{"taxonomy":"post_tag","embeddable":true,"href":"https:\/\/www.upo.es\/diario\/wp-json\/wp\/v2\/tags?post=12101173"}],"curies":[{"name":"wp","href":"https:\/\/api.w.org\/{rel}","templated":true}]}}