{"id":1210404,"date":"2013-07-16T12:04:22","date_gmt":"2013-07-16T12:04:22","guid":{"rendered":"https:\/\/www.upo.es\/diario\/?p=1210404"},"modified":"2013-07-16T12:04:22","modified_gmt":"2013-07-16T12:04:22","slug":"la-universidad-pablo-de-olavide-acogera-en-septiembre-el-xi-congreso-nacional-de-ciencia-politica-bajo-el-lema-politica-en-tiempos-de-incertidumbre","status":"publish","type":"post","link":"https:\/\/www.upo.es\/diario\/institucional\/2013\/07\/la-universidad-pablo-de-olavide-acogera-en-septiembre-el-xi-congreso-nacional-de-ciencia-politica-bajo-el-lema-politica-en-tiempos-de-incertidumbre\/","title":{"rendered":"La Universidad Pablo de Olavide acoger\u00e1 en septiembre el XI Congreso Nacional de Ciencia Pol\u00edtica, bajo el lema \u00abPol\u00edtica en tiempos de incertidumbre\u00bb"},"content":{"rendered":"<figure id=\"attachment_780231\" aria-describedby=\"caption-attachment-780231\" style=\"width: 226px\" class=\"wp-caption alignright\"><a href=\"https:\/\/www.upo.es\/diario\/wp-content\/uploads\/2013\/04\/congresoccpp.jpg\"><img loading=\"lazy\" decoding=\"async\" class=\"size-medium wp-image-780231\" alt=\"Se celebrar\u00e1 del 18 al 20 de septiembre en la UPO\" src=\"https:\/\/www.upo.es\/diario\/wp-content\/uploads\/2013\/04\/congresoccpp-226x320.jpg\" width=\"226\" height=\"320\" srcset=\"https:\/\/www.upo.es\/diario\/wp-content\/uploads\/2013\/04\/congresoccpp-226x320.jpg 226w, https:\/\/www.upo.es\/diario\/wp-content\/uploads\/2013\/04\/congresoccpp-600x848.jpg 600w, https:\/\/www.upo.es\/diario\/wp-content\/uploads\/2013\/04\/congresoccpp.jpg 679w\" sizes=\"auto, (max-width: 226px) 100vw, 226px\" \/><\/a><figcaption id=\"caption-attachment-780231\" class=\"wp-caption-text\">Se celebrar\u00e1 del 18 al 20 de septiembre en la UPO<\/figcaption><\/figure>\n<p style=\"text-align: justify;\">La Universidad Pablo de Olavide y la Asociaci\u00f3n Espa\u00f1ola de Ciencia Pol\u00edtica y de la Administraci\u00f3n <a href=\"http:\/\/www.aecpa.es\/\">(AECPA)<\/a> organizan del 18 al 20 de septiembre el<a href=\"http:\/\/www.aecpa.es\/presentacion\/pages.41\"> XI Congreso Espa\u00f1ol de Ciencia Pol\u00edtica y de la Administraci\u00f3n<\/a> bajo el lema \u201cPol\u00edtica en tiempos de incertidumbre\u201d. La Universidad Pablo de Olavide ser\u00e1 la tercera universidad andaluza que acoja este encuentro, tras haberse consolidado en su oferta acad\u00e9mica el grado en Ciencias Pol\u00edticas y de la Administraci\u00f3n.<\/p>\n<p style=\"text-align: justify;\">Este encuentro, de organizaci\u00f3n espa\u00f1ola pero con vocaci\u00f3n internacional, reunir\u00e1 a expertos, profesores e investigadores para explorar los m\u00faltiples aspectos y enfoques de los estudios politol\u00f3gicos que se abordar\u00e1n durante el congreso, as\u00ed como revisar cr\u00edticamente los instrumentos, m\u00e9todos y evaluar el estado de la cuesti\u00f3n desde el terreno de la teor\u00eda.<\/p>\n<p style=\"text-align: justify;\">El congreso tiene como objetivos difundir los avances cient\u00edficos en el campo de la Ciencias Pol\u00edticas y de la Administraci\u00f3n a nivel nacional e internacional; compartir entre la comunidad cient\u00edfica los diferentes trabajos dentro de la Ciencia Pol\u00edtica espa\u00f1ola; establecer lazos y redes nacionales e internacionales entre investigadores; ofrecer respuestas e interpretaciones cient\u00edficas a los retos sociopol\u00edticos que se plantean en las democracias occidentales; y consolidar los estudios politol\u00f3gicos en Andaluc\u00eda y en Espa\u00f1a con vocaci\u00f3n internacional. Para ello, el congreso se organiza en cinco grupos de trabado, cada uno de ellos coordinado por profesores e investigadores de diferentes universidades espa\u00f1olas, que dedicar\u00e1n su actividad a diversos temas relacionados con la disciplina y con su lema general.<\/p>\n<p style=\"text-align: justify;\">El XI Congreso Espa\u00f1ol de Ciencia Pol\u00edtica y de la Administraci\u00f3n, cuyo comit\u00e9 organizador local del congreso est\u00e1 compuesto por investigadores de diferentes universidades andaluzas y presidido por la profesora del Departamento de Derecho P\u00fablico de la UPO, Carmen Ortega Villodres, pretende ser un nuevo impulso a los estudios pol\u00edticos en Espa\u00f1a, y poder contribuir a la internacionalizaci\u00f3n de los mismos.<\/p>\n<p style=\"text-align: justify;\">\n","protected":false},"excerpt":{"rendered":"<p>La Universidad Pablo de Olavide y la Asociaci\u00f3n Espa\u00f1ola de Ciencia Pol\u00edtica y de la Administraci\u00f3n (AECPA) organizan del 18 al 20 de septiembre el XI Congreso Espa\u00f1ol de Ciencia Pol\u00edtica y de la Administraci\u00f3n bajo el lema \u201cPol\u00edtica en tiempos de incertidumbre\u201d. La Universidad Pablo de Olavide ser\u00e1 la tercera universidad andaluza que acoja este encuentro, tras haberse consolidado en su oferta acad\u00e9mica el grado en Ciencias Pol\u00edticas y de la Administraci\u00f3n.<\/p>\n","protected":false},"author":4,"featured_media":0,"comment_status":"closed","ping_status":"open","sticky":false,"template":"","format":"standard","meta":{"_monsterinsights_skip_tracking":false,"_monsterinsights_sitenote_active":false,"_monsterinsights_sitenote_note":"","_monsterinsights_sitenote_category":0,"footnotes":""},"categories":[6],"tags":[490,801,354,76],"class_list":["post-1210404","post","type-post","status-publish","format-standard","hentry","category-institucional","tag-administracion","tag-aecpa","tag-congreso","tag-politica"],"_links":{"self":[{"href":"https:\/\/www.upo.es\/diario\/wp-json\/wp\/v2\/posts\/1210404","targetHints":{"allow":["GET"]}}],"collection":[{"href":"https:\/\/www.upo.es\/diario\/wp-json\/wp\/v2\/posts"}],"about":[{"href":"https:\/\/www.upo.es\/diario\/wp-json\/wp\/v2\/types\/post"}],"author":[{"embeddable":true,"href":"https:\/\/www.upo.es\/diario\/wp-json\/wp\/v2\/users\/4"}],"replies":[{"embeddable":true,"href":"https:\/\/www.upo.es\/diario\/wp-json\/wp\/v2\/comments?post=1210404"}],"version-history":[{"count":2,"href":"https:\/\/www.upo.es\/diario\/wp-json\/wp\/v2\/posts\/1210404\/revisions"}],"predecessor-version":[{"id":1210406,"href":"https:\/\/www.upo.es\/diario\/wp-json\/wp\/v2\/posts\/1210404\/revisions\/1210406"}],"wp:attachment":[{"href":"https:\/\/www.upo.es\/diario\/wp-json\/wp\/v2\/media?parent=1210404"}],"wp:term":[{"taxonomy":"category","embeddable":true,"href":"https:\/\/www.upo.es\/diario\/wp-json\/wp\/v2\/categories?post=1210404"},{"taxonomy":"post_tag","embeddable":true,"href":"https:\/\/www.upo.es\/diario\/wp-json\/wp\/v2\/tags?post=1210404"}],"curies":[{"name":"wp","href":"https:\/\/api.w.org\/{rel}","templated":true}]}}