{"id":1210412,"date":"2013-07-18T10:23:39","date_gmt":"2013-07-18T10:23:39","guid":{"rendered":"https:\/\/www.upo.es\/diario\/?p=1210412"},"modified":"2013-07-18T11:55:19","modified_gmt":"2013-07-18T11:55:19","slug":"sevilla-aspira-a-organizar-el-xiv-congreso-mundial-de-psicologia-del-deporte-en-2017","status":"publish","type":"post","link":"https:\/\/www.upo.es\/diario\/institucional\/2013\/07\/sevilla-aspira-a-organizar-el-xiv-congreso-mundial-de-psicologia-del-deporte-en-2017\/","title":{"rendered":"Jos\u00e9 Carlos Jaenes defender\u00e1 la candidatura de Sevilla como sede del Congreso Mundial de Psicolog\u00eda del Deporte"},"content":{"rendered":"<figure id=\"attachment_1222464\" aria-describedby=\"caption-attachment-1222464\" style=\"width: 240px\" class=\"wp-caption alignright\"><a href=\"https:\/\/www.upo.es\/diario\/wp-content\/uploads\/2013\/07\/jose-carlos-jaenes.jpg\"><img loading=\"lazy\" decoding=\"async\" class=\"size-medium wp-image-1222464\" alt=\"Jos\u00e9 Carlos Jaenes en las sede del CAMD\" src=\"https:\/\/www.upo.es\/diario\/wp-content\/uploads\/2013\/07\/jose-carlos-jaenes-240x320.jpg\" width=\"240\" height=\"320\" srcset=\"https:\/\/www.upo.es\/diario\/wp-content\/uploads\/2013\/07\/jose-carlos-jaenes-240x320.jpg 240w, https:\/\/www.upo.es\/diario\/wp-content\/uploads\/2013\/07\/jose-carlos-jaenes-768x1024.jpg 768w, https:\/\/www.upo.es\/diario\/wp-content\/uploads\/2013\/07\/jose-carlos-jaenes-600x800.jpg 600w, https:\/\/www.upo.es\/diario\/wp-content\/uploads\/2013\/07\/jose-carlos-jaenes.jpg 1704w\" sizes=\"auto, (max-width: 240px) 100vw, 240px\" \/><\/a><figcaption id=\"caption-attachment-1222464\" class=\"wp-caption-text\">Jos\u00e9 Carlos Jaenes, profesor de la UPO y responsable de la Unidad de Psicolog\u00eda del Deporte del CAMD<\/figcaption><\/figure>\n<p>El pr\u00f3ximo domingo 21 de julio, los miembros de la de la Sociedad Internacional de Psicolog\u00eda del Deporte (ISSP), reunidos en Pek\u00edn con motivo del XIII Congreso Mundial de Psicolog\u00eda del Deporte, decidir\u00e1n d\u00f3nde se celebra la pr\u00f3xima edici\u00f3n de este congreso internacional previsto para 2017. Sevilla aspira a organizar este simposio internacional, cuya candidatura defender\u00e1 Jos\u00e9 Carlos Jaenes, profesor de la Universidad Pablo de Olavide y responsable de la Unidad de Psicolog\u00eda del Deporte del Centro Andaluz de Medicina del Deporte (CAMD).<\/p>\n<p>La candidatura sevillana empez\u00f3 a tomar forma en 2012, cuando Sevilla fue elegida en el\u00a0 XII Congreso Nacional de Psicolog\u00eda del Deporte celebrado en Murcia. Cuenta con el respaldo de la Federaci\u00f3n Espa\u00f1ola de Psicolog\u00eda del Deporte (FEPD), la Consejer\u00eda de Cultura y Deporte de la Junta de Andaluc\u00eda, el Ayuntamiento de Sevilla as\u00ed como del Gobierno espa\u00f1ol y la Comisi\u00f3n Europea, al ser la \u00fanica ciudad europea candidata a la organizaci\u00f3n del Congreso. Jos\u00e9 Carlos Jaenes, responsable de la defensa de la candidatura sevillana en Pek\u00edn, acude con la confianza del trabajo bien hecho, como prueba que el proyecto pas\u00f3 con \u00e9xito una primera criba en Dubai en septiembre pasado.<\/p>\n<p>Caso de resultar elegida Sevilla, est\u00e1 previsto que el congreso se celebre en julio de 2017 en la Universidad de Sevilla, con el apoyo de la Universidad Pablo de Olavide y la Universidad Internacional de Andaluc\u00eda. El evento, que se celebrar\u00eda en Espa\u00f1a por segunda vez, acoger\u00eda a m\u00e1s de 1.200 congresistas de todo el mundo que tratar\u00e1n temas de inter\u00e9s para entrenadores, \u00e1rbitros, directivos y deportistas.<\/p>\n<p>&nbsp;<\/p>\n","protected":false},"excerpt":{"rendered":"<p>El pr\u00f3ximo domingo 21 de julio, los miembros de la de la Sociedad Internacional de Psicolog\u00eda del Deporte (ISSP), reunidos en Pek\u00edn con motivo del XIII Congreso Mundial de Psicolog\u00eda del Deporte, decidir\u00e1n d\u00f3nde se celebra la pr\u00f3xima edici\u00f3n de este congreso internacional previsto para 2017. Sevilla aspira a organizar este evento, cuya candidatura defender\u00e1 Jos\u00e9 Carlos Jaenes, profesor de la Universidad Pablo de Olavide. <\/p>\n","protected":false},"author":6,"featured_media":0,"comment_status":"closed","ping_status":"open","sticky":false,"template":"","format":"standard","meta":{"_monsterinsights_skip_tracking":false,"_monsterinsights_sitenote_active":false,"_monsterinsights_sitenote_note":"","_monsterinsights_sitenote_category":0,"footnotes":""},"categories":[6],"tags":[354,231,142,161],"class_list":["post-1210412","post","type-post","status-publish","format-standard","hentry","category-institucional","tag-congreso","tag-deportes-2","tag-psicologia","tag-sevilla"],"_links":{"self":[{"href":"https:\/\/www.upo.es\/diario\/wp-json\/wp\/v2\/posts\/1210412","targetHints":{"allow":["GET"]}}],"collection":[{"href":"https:\/\/www.upo.es\/diario\/wp-json\/wp\/v2\/posts"}],"about":[{"href":"https:\/\/www.upo.es\/diario\/wp-json\/wp\/v2\/types\/post"}],"author":[{"embeddable":true,"href":"https:\/\/www.upo.es\/diario\/wp-json\/wp\/v2\/users\/6"}],"replies":[{"embeddable":true,"href":"https:\/\/www.upo.es\/diario\/wp-json\/wp\/v2\/comments?post=1210412"}],"version-history":[{"count":5,"href":"https:\/\/www.upo.es\/diario\/wp-json\/wp\/v2\/posts\/1210412\/revisions"}],"predecessor-version":[{"id":1210418,"href":"https:\/\/www.upo.es\/diario\/wp-json\/wp\/v2\/posts\/1210412\/revisions\/1210418"}],"wp:attachment":[{"href":"https:\/\/www.upo.es\/diario\/wp-json\/wp\/v2\/media?parent=1210412"}],"wp:term":[{"taxonomy":"category","embeddable":true,"href":"https:\/\/www.upo.es\/diario\/wp-json\/wp\/v2\/categories?post=1210412"},{"taxonomy":"post_tag","embeddable":true,"href":"https:\/\/www.upo.es\/diario\/wp-json\/wp\/v2\/tags?post=1210412"}],"curies":[{"name":"wp","href":"https:\/\/api.w.org\/{rel}","templated":true}]}}