{"id":1210419,"date":"2013-07-16T12:36:50","date_gmt":"2013-07-16T12:36:50","guid":{"rendered":"https:\/\/www.upo.es\/diario\/?p=1210419"},"modified":"2013-07-16T12:37:20","modified_gmt":"2013-07-16T12:37:20","slug":"maillo-pide-la-dimision-del-presidente-del-gobierno-y-elecciones-anticipadas-ante-el-caso-barcenas","status":"publish","type":"post","link":"https:\/\/www.upo.es\/diario\/cursos-verano\/2013\/07\/maillo-pide-la-dimision-del-presidente-del-gobierno-y-elecciones-anticipadas-ante-el-caso-barcenas\/","title":{"rendered":"Ma\u00edllo pide la dimisi\u00f3n del presidente del Gobierno y elecciones anticipadas ante el \u2018Caso B\u00e1rcenas\u2019"},"content":{"rendered":"<figure id=\"attachment_1210420\" aria-describedby=\"caption-attachment-1210420\" style=\"width: 320px\" class=\"wp-caption alignright\"><a href=\"https:\/\/www.upo.es\/diario\/wp-content\/uploads\/2013\/07\/Antonio-Maillo.jpg\"><img loading=\"lazy\" decoding=\"async\" class=\"size-medium wp-image-1210420\" alt=\"Antonio Ma\u00edllo\" src=\"https:\/\/www.upo.es\/diario\/wp-content\/uploads\/2013\/07\/Antonio-Maillo-320x213.jpg\" width=\"320\" height=\"213\" srcset=\"https:\/\/www.upo.es\/diario\/wp-content\/uploads\/2013\/07\/Antonio-Maillo-320x213.jpg 320w, https:\/\/www.upo.es\/diario\/wp-content\/uploads\/2013\/07\/Antonio-Maillo-1024x682.jpg 1024w, https:\/\/www.upo.es\/diario\/wp-content\/uploads\/2013\/07\/Antonio-Maillo-600x399.jpg 600w\" sizes=\"auto, (max-width: 320px) 100vw, 320px\" \/><\/a><figcaption id=\"caption-attachment-1210420\" class=\"wp-caption-text\">Antonio Ma\u00edllo reclama que se investigue a fondo el caso de los EREs para que los culpables asuman su responsabilidad y devuelvan el dinero robado<\/figcaption><\/figure>\n<p>El coordinador general de Izquierda Unida en Andaluc\u00eda, Antonio Ma\u00edllo, ha pedido hoy la dimisi\u00f3n del presidente del Gobierno y la convocatoria de elecciones generales anticipadas debido a las \u00faltimas revelaciones realizadas por el ex tesorero del Partido Popular, Luis B\u00e1rcenas. \u201cAnte la podredumbre que se vislumbra en todo este proceso de presunta financiaci\u00f3n ilegal del PP y sobresueldos en dinero negro de dirigentes que ahora est\u00e1n en el Ejecutivo estatal, este pa\u00eds est\u00e1 sufriendo una crisis profunda de car\u00e1cter econ\u00f3mico, social y de valores que no tiene otra salida que dar participaci\u00f3n al pueblo. Para ello, no hay mejor mecanismo de participaci\u00f3n que el directo, que se llaman elecciones generales\u201d, asegura.<\/p>\n<p>Ma\u00edllo ha realizado estas manifestaciones durante el seminario \u201cDemocracia participativa y poder local: La construcci\u00f3n de las leyes de participaci\u00f3n ciudadana. Transparencia y autonom\u00eda local (2007-2013)\u201d, que se est\u00e1 celebrando en el marco de los cursos de verano de la Universidad Pablo de Olavide en Carmona.<\/p>\n<p>En relaci\u00f3n a la actitud del presidente del Gobierno ante el \u2018caso B\u00e1rcenas\u2019, manifiesta que el silencio de Rajoy obedece \u201ca que lo ha hecho muy mal, fatal, desprestigi\u00e1ndose m\u00e1s cada d\u00eda que pasa\u201d. Pero reconoce que el problema estriba en que Mariano Rajoy no es en estos momentos un ciudadano normal, sino el presidente del Gobierno de un pa\u00eds que est\u00e1 viviendo una crisis econ\u00f3mica profunda \u201ccon unas pol\u00edticas equivocadas que nos est\u00e1n llevando a la ruina\u201d.<\/p>\n<p>Con respecto al caso de los EREs en Andaluc\u00eda, Antonio Ma\u00edllo ha afirmado que Izquierda Unida tiene una postura: Que se investiguen a fondo caiga quien caiga, pero con celeridad para garantizar la justicia a los imputados del \u00faltimo auto de la jueza Alaya. \u201cCada uno tiene que asumir su responsabilidad, que paguen las culpas quienes la tengan y se devuelva el dinero robado. Y de ah\u00ed no nos vamos a mover un \u00e1pice. Por supuesto, no podr\u00e1 haber inculpados que est\u00e9n procesados en el Gobierno de Andaluc\u00eda\u201d.<\/p>\n<p>Los sondeos recientes publicados apuntan a un ascenso significativo de IU en cuanto a intenci\u00f3n de voto, aunque el l\u00edder de la formaci\u00f3n de izquierdas insta a \u201ctomarse las encuestas con calma\u201d. A su parecer, Izquierda Unida est\u00e1 tomando fuerza porque representa la \u00fanica esperanza de cambio real para muchos ciudadanos, algo para lo que no est\u00e1n legitimados los partidos mayoritarios.<\/p>\n<p>Por otro lado, Antonio Ma\u00edllo ha confirmado que dejar\u00e1 su cargo como director general de Administraci\u00f3n Local de la Junta de Andaluc\u00eda para centrarse en la direcci\u00f3n general de la formaci\u00f3n. \u201cPero la fecha la determinar\u00e1 el cierre de los programas que se desarrollan desde mi direcci\u00f3n general, que son los vinculados al PER, en los que estamos cerrando ya los convenios con las diputaciones provinciales para que empiecen a ejecutarse los diferentes planes, que pueden generar en torno a cien mil empleos en el \u00e1mbito rural. Y como con las cosas de comer no se juega, no quiero que, por irme antes, se puedan ralentizar el desarrollo de estos programas\u201d.<\/p>\n<p>Sobre la posibilidad de que sea el pr\u00f3ximo candidato de IU a la Junta de Andaluc\u00eda, ha declarado que \u201cyo no era el llamado a ser coordinador, pero en un proceso pol\u00edtico ejemplar en nuestra organizaci\u00f3n, se consider\u00f3 que deb\u00eda dirigirla. Somos una organizaci\u00f3n en la que no tenemos que centrar todas las referencias en una sola persona. Lejos de esos personalismos que se producen en otros partidos, somos partidarios de distribuir las responsabilidades. Y lo mismo que yo tengo la responsabilidad de aumentar y mejorar las condiciones de la organizaci\u00f3n, nombraremos a la mejor persona que est\u00e9 en condiciones de representarnos en el \u00e1mbito institucional. Y no tiene por qu\u00e9 ser el coordinador general\u201d, ha finalizado.<\/p>\n","protected":false},"excerpt":{"rendered":"<p>El coordinador general de Izquierda Unida en Andaluc\u00eda, Antonio Ma\u00edllo, ha pedido hoy la dimisi\u00f3n del presidente del Gobierno y la convocatoria de elecciones generales anticipadas debido a las \u00faltimas revelaciones realizadas por el ex tesorero del Partido Popular, Luis B\u00e1rcenas. \u201cAnte la podredumbre que se vislumbra en todo este proceso de presunta financiaci\u00f3n ilegal del PP y sobresueldos en dinero negro de dirigentes que ahora est\u00e1n en el Ejecutivo estatal, este pa\u00eds est\u00e1 sufriendo una crisis profunda de car\u00e1cter econ\u00f3mico, social y de valores que no tiene otra salida que dar participaci\u00f3n al pueblo. Para ello, no hay mejor mecanismo de participaci\u00f3n que el directo, que se llaman elecciones generales\u201d, asegura.<\/p>\n","protected":false},"author":6,"featured_media":1210421,"comment_status":"closed","ping_status":"open","sticky":false,"template":"","format":"standard","meta":{"_monsterinsights_skip_tracking":false,"_monsterinsights_sitenote_active":false,"_monsterinsights_sitenote_note":"","_monsterinsights_sitenote_category":0,"footnotes":""},"categories":[729],"tags":[190,23,22,744,98,519],"class_list":["post-1210419","post","type-post","status-publish","format-standard","has-post-thumbnail","hentry","category-cursos-verano","tag-andalucia","tag-carmona","tag-cursos-de-verano","tag-democracia","tag-ley-andaluza-de-participacion-ciudadana","tag-olavide-en-carmona"],"_links":{"self":[{"href":"https:\/\/www.upo.es\/diario\/wp-json\/wp\/v2\/posts\/1210419","targetHints":{"allow":["GET"]}}],"collection":[{"href":"https:\/\/www.upo.es\/diario\/wp-json\/wp\/v2\/posts"}],"about":[{"href":"https:\/\/www.upo.es\/diario\/wp-json\/wp\/v2\/types\/post"}],"author":[{"embeddable":true,"href":"https:\/\/www.upo.es\/diario\/wp-json\/wp\/v2\/users\/6"}],"replies":[{"embeddable":true,"href":"https:\/\/www.upo.es\/diario\/wp-json\/wp\/v2\/comments?post=1210419"}],"version-history":[{"count":3,"href":"https:\/\/www.upo.es\/diario\/wp-json\/wp\/v2\/posts\/1210419\/revisions"}],"predecessor-version":[{"id":1210424,"href":"https:\/\/www.upo.es\/diario\/wp-json\/wp\/v2\/posts\/1210419\/revisions\/1210424"}],"wp:featuredmedia":[{"embeddable":true,"href":"https:\/\/www.upo.es\/diario\/wp-json\/wp\/v2\/media\/1210421"}],"wp:attachment":[{"href":"https:\/\/www.upo.es\/diario\/wp-json\/wp\/v2\/media?parent=1210419"}],"wp:term":[{"taxonomy":"category","embeddable":true,"href":"https:\/\/www.upo.es\/diario\/wp-json\/wp\/v2\/categories?post=1210419"},{"taxonomy":"post_tag","embeddable":true,"href":"https:\/\/www.upo.es\/diario\/wp-json\/wp\/v2\/tags?post=1210419"}],"curies":[{"name":"wp","href":"https:\/\/api.w.org\/{rel}","templated":true}]}}