{"id":1228233,"date":"2013-07-19T00:43:39","date_gmt":"2013-07-19T00:43:39","guid":{"rendered":"https:\/\/www.upo.es\/diario\/?p=1228233"},"modified":"2013-07-22T11:52:00","modified_gmt":"2013-07-22T11:52:00","slug":"la-accion-psicologica-en-la-asistencia-tecnica-y-en-la-burocracia-forense-a-debate-el-proximo-lunes","status":"publish","type":"post","link":"https:\/\/www.upo.es\/diario\/institucional\/2013\/07\/la-accion-psicologica-en-la-asistencia-tecnica-y-en-la-burocracia-forense-a-debate-el-proximo-lunes\/","title":{"rendered":"La acci\u00f3n psicol\u00f3gica en la asistencia t\u00e9cnica y en la burocracia forense, a debate el pr\u00f3ximo lunes"},"content":{"rendered":"<figure id=\"attachment_1105267\" aria-describedby=\"caption-attachment-1105267\" style=\"width: 320px\" class=\"wp-caption alignright\"><a href=\"https:\/\/www.upo.es\/diario\/wp-content\/uploads\/2013\/06\/CursosdeVerano2013-1.jpg\"><img loading=\"lazy\" decoding=\"async\" class=\"size-medium wp-image-1105267\" alt=\"Cursos de Verano de la UPO 2013, cartel\" src=\"https:\/\/www.upo.es\/diario\/wp-content\/uploads\/2013\/06\/CursosdeVerano2013-1-320x213.jpg\" width=\"320\" height=\"213\" srcset=\"https:\/\/www.upo.es\/diario\/wp-content\/uploads\/2013\/06\/CursosdeVerano2013-1-320x213.jpg 320w, https:\/\/www.upo.es\/diario\/wp-content\/uploads\/2013\/06\/CursosdeVerano2013-1-1024x682.jpg 1024w, https:\/\/www.upo.es\/diario\/wp-content\/uploads\/2013\/06\/CursosdeVerano2013-1-600x399.jpg 600w\" sizes=\"auto, (max-width: 320px) 100vw, 320px\" \/><\/a><figcaption id=\"caption-attachment-1105267\" class=\"wp-caption-text\">Los Cursos de Verano se celebran en la sede universitaria de la UPO en Carmona<\/figcaption><\/figure>\n<p>El pr\u00f3ximo lunes 22 de julio, a las 11.30 horas en la Casa Palacio de Los Briones, en Carmona, Jos\u00e9 Luis Utrera, juez del Juzgado de Familia n \u00ba 5 de M\u00e1laga y especialista en mediaci\u00f3n, participar\u00e1 en el curso de verano <b><a href=\"http:\/\/www.upo.es\/olavideencarmona\/export\/sites\/upo_carmona\/documentos\/2013\/2013cc37.pdf\">\u201cDerecho y psicolog\u00eda: gesti\u00f3n de conflictos\u201d<\/a><\/b>, con la conferencia \u201cLa acci\u00f3n psicol\u00f3gica en la asistencia t\u00e9cnica y en la burocracia forense\u201d.<\/p>\n<p>Este curso, coordinado por los profesores del Departamento de Derecho Privado de la Universidad Pablo de Olavide Eugenio Pizarro Moreno, Lourdes Fonseca Sierra y Juan Pablo P\u00e9rez Vel\u00e1zquez, tiene como objetivo proporcionar al profesional o alumno que lo realice una visi\u00f3n especializada de la Psicolog\u00eda Jur\u00eddica aplicada al Derecho, puesto que la relaci\u00f3n intersubjetiva (o tambi\u00e9n la de los sujetos con la administraci\u00f3n p\u00fablica) genera una suerte de tensi\u00f3n social susceptible de afectar a personas, grupos o colectivos sociales, particularmente en este caso, en el \u00e1mbito jur\u00eddico. La jornada del lunes comenzar\u00e1 a las 11 horas con una introducci\u00f3n al curso a cargo de Eugenio Pizarro Moreno y se cerrar\u00e1 a las 16 horas con el taller \u201cAspectos personales en la asistencia t\u00e9cnica\u201d, impartido por Lourdes Fonseca Sierra.<\/p>\n<p>\u201cTurismo y literatura\u201d, \u201cAlimentaci\u00f3n para cel\u00edacos\u201d, \u201cHabla\u2026bla\u2026blabla. Aprende a hablar mejor: convence y persuade\u201d y \u201cDe la p\u00e1gina al estante: traducci\u00f3n literaria y editorial ingl\u00e9s \u2013 espa\u00f1ol. Teor\u00eda, pr\u00e1ctica, derechos y deberes\u201d son los otros cuatro cursos de verano de la UPO que, junto al seminario \u201cDerecho y psicolog\u00eda: gesti\u00f3n de conflictos\u201d,\u00a0 se celebran a partir del lunes en Carmona y a cuya inauguraci\u00f3n, el pr\u00f3ximo lunes 22 de julio a las 10 horas en la sede de la Universidad Pablo de Olavide en Carmona, Casa Palacio de Los Briones, asistir\u00e1 Miguel \u00c1ngel Gual Font, vicerrector de Postgrado, Formaci\u00f3n Permanente y Empleo de la Universidad Pablo de Olavide; Ram\u00f3n Gavira Gordon, delegado de Cultura y de Patrimonio Hist\u00f3rico y Turismo del Ayuntamiento de Carmona; Mercedes de Pablos, directora gerente de la Fundaci\u00f3n Centro de Estudios Andaluces, as\u00ed como los coordinadores de los cursos.<\/p>\n<p>Isabel Rodr\u00edguez Rodr\u00edguez, gerente de la Ruta B\u00e9tica Romana, coordina el curso <b><a href=\"http:\/\/www.upo.es\/olavideencarmona\/export\/sites\/upo_carmona\/documentos\/2013\/2013cc38.pdf\">\u201cTurismo y literatura\u201d,<\/a><\/b> que se celebra del 22 al 24 de julio en la Casa Palacio de Los Briones. Este seminario tiene como objetivo mostrar dise\u00f1os de productos basados en la literatura y en los itinerarios literarios. A la vez se abordar\u00e1n las posibilidades no explotadas en este sector y la visi\u00f3n del turismo desde la literatura o desde algunos autores contempor\u00e1neos.<\/p>\n<p>As\u00ed, el lunes 22 de julio, a las 10.30 horas en la Casa Palacio de Los Briones, Antonio Mu\u00f1oz Mart\u00ednez, economista y experto en Turismo, hablar\u00e1 sobre \u201cEl turismo en Andaluc\u00eda. Las experiencias con la Literatura\u201d. Por la tarde, a las 16 horas, se celebrar\u00e1 el taller \u201cLibros y viajes\u201d, organizado por Manuel \u00c1ngel Rodr\u00edguez M\u00e1rquez, propietario de la librer\u00eda Ultramar en Sevilla, especializada en narrativa de viajes, mapas y gu\u00edas.<\/p>\n<p>Otro de los cursos que comienza el lunes es <b><a href=\"http:\/\/www.upo.es\/olavideencarmona\/export\/sites\/upo_carmona\/documentos\/2013\/2013cc41.pdf\">\u201cAlimentaci\u00f3n para cel\u00edacos\u201d<\/a><\/b>, coordinado por Griselda Herrero Mart\u00edn, profesora del \u00c1rea de Nutrici\u00f3n y Bromatolog\u00eda del Departamento de Biolog\u00eda Molecular e Ingenier\u00eda Bioqu\u00edmica de la UPO. Este curso, que se celebra del 22 al 24 de julio, tiene como objetivo plantear de forma pr\u00e1ctica y te\u00f3rica los problemas que pueden surgir en la alimentaci\u00f3n y la salud en personas afectadas de enfermedad cel\u00edaca a lo largo de su vida.<\/p>\n<p>As\u00ed, el lunes 22 de julio a las 12 horas en la Casa Palacio de Los Briones, Eduardo Arranz Sanz, presidente de la Sociedad Espa\u00f1ola de Enfermedad Cel\u00edaca (SEEC) e investigador del Instituto de Biolog\u00eda y Gen\u00e9tica Molecular (IBGM), Universidad de Valladolid-CSIC, pronunciar\u00e1 la conferencia \u201cInmunolog\u00eda y gen\u00e9tica en la enfermedad cel\u00edaca\u201d.\u00a0 Previamente, a las 10.30 horas, la profesora Griselda Herrero Mart\u00edn impartir\u00e1 la conferencia \u201cEl gluten, \u00bfamigo o\u00a0 enemigo?\u201d, y a las 11.30 horas se celebrar\u00e1 una degustaci\u00f3n de productos Danone y Central Lechera Asturiana. A las 13.30 horas Gemma Castillejo, gastroenter\u00f3loga pediatra del Hospital Sant Joan de Reus de Barcelona, hablar\u00e1 sobre \u201cTrastornos inducidos por el gluten\u201d y a las 14.45 horas se celebrar\u00e1 un almuerzo con degustaci\u00f3n de productos de Eco-Diet. Por la tarde, a las 16 horas, F\u00e1tima Le\u00f3n Larios, matrona especialista en Obstetricia y Ginecolog\u00eda y profesora de la Universidad de Sevilla, ofrecer\u00e1 la ponencia \u201cAlimentaci\u00f3n en mujeres cel\u00edacas durante el embarazo y la lactancia\u201d. Finalmente, a las 18 horas, Griselda Herrero Mart\u00edn impartir\u00e1 el taller \u00a0\u201cDetecci\u00f3n de gluten en alimentos\u201d.<\/p>\n<p>Por su parte, otro de los cursos que comienza el lunes es<b><a href=\"http:\/\/www.upo.es\/olavideencarmona\/export\/sites\/upo_carmona\/documentos\/2013\/2013cc39.pdf\">\u201cHabla\u2026bla\u2026blabla. Aprende a hablar mejor: convence y persuade\u201d<\/a>, <\/b>coordinado porAntonio Mart\u00edn S\u00e1nchez, director general de la Sociedad Con Acento. Durante el seminario, que se celebra del 22 al 24 de julio, se aplicar\u00e1n de forma pr\u00e1ctica los conceptos y t\u00e9cnicas para alcanzar una comunicaci\u00f3n oral eficaz y atractiva.<\/p>\n<p>Antonio Mart\u00edn S\u00e1nchez ser\u00e1 el encargado de abrir este curso el lunes 22 de julio, a las 10.30 en la Casa Palacio de Los Briones, con la conferencia \u201cConsideraciones b\u00e1sicas sobre oratoria. Conozca qu\u00e9 quiere saber su p\u00fablico: definiendo un objetivo\u201d. A las 11.30 horas se celebrar\u00e1 el taller pr\u00e1ctico \u201cRompiendo el hielo\u201d, coordinado por Zahara Gordillo Campos, artista y adjunta a la direcci\u00f3n de Con Acento, quien a las 12.15 horas pronunciar\u00e1 la conferencia \u201cDel miedo esc\u00e9nico a la pasi\u00f3n esc\u00e9nica. Disfrutar hablando en p\u00fablico\u201d. A las 13 horas se celebrar\u00e1 la conferencia \u201cLenguaje no verbal\u201d, impartida por Alberto Barco Moreno, campe\u00f3n nacional en torneos de debate y socio de Con Acento, y por Antonio Mart\u00edn S\u00e1nchez, director general de Con Acento, y a las 14.30 horas se realizar\u00e1 la presentaci\u00f3n de temas de debate. Por la tarde, a las 16 horas, Zahara Gordillo Campos impartir\u00e1 la conferencia \u201cMant\u00e9n despierta a tu audiencia. Tono, ritmo y silencios como armas m\u00e1s poderosas\u201d, y a las 18 horas se realizar\u00e1 el reparto de equipos y distribuci\u00f3n del trabajo.<\/p>\n<p>Finalmente, <b><a href=\"http:\/\/www.upo.es\/olavideencarmona\/export\/sites\/upo_carmona\/documentos\/2013\/2013cc42.pdf\">\u201cDe la p\u00e1gina al estante: traducci\u00f3n literaria y editorial ingl\u00e9s \u2013 espa\u00f1ol. Teor\u00eda, pr\u00e1ctica, derechos y deberes\u201d<\/a><\/b>, coordinado por Yolanda Morat\u00f3 Agrafojo, profesora del Departamento de Filolog\u00eda y Traducci\u00f3n de la Universidad Pablo de Olavide, es otro de los cursos que se celebrar\u00e1 la pr\u00f3xima semana en Carmona, concretamente del lunes 22 de julio al mi\u00e9rcoles d\u00eda 24. El curso aborda cuestiones de car\u00e1cter interdisciplinar en los mercados de la traducci\u00f3n literaria y editorial, pues se adentra en aspectos tanto de \u00edndole acad\u00e9mica como laboral.<\/p>\n<p>En este sentido, el lunes 22 de julio, a las 11 horas en la Casa Palacio de Los Briones, Juan Bonilla, escritor y director editorial de Zut ediciones, abrir\u00e1 este seminario con la conferencia \u201cRecomendaciones de un editor literario\u201d. A las 15 horas Yolanda Morat\u00f3 Agrafojo impartir\u00e1 el taller \u201cLas herramientas del traductor literario\u201d y a las 16.30 horas el taller \u201cCaso pr\u00e1ctico de aplicaci\u00f3n de herramientas a una\u00a0 traducci\u00f3n de narrativa\u201d.<\/p>\n","protected":false},"excerpt":{"rendered":"<p>El pr\u00f3ximo lunes 22 de julio, a las 11.30 horas en la Casa Palacio de Los Briones, en Carmona, Jos\u00e9 Luis Utrera, juez del Juzgado de Familia n \u00ba 5 de M\u00e1laga y especialista en mediaci\u00f3n, participar\u00e1 en el curso de verano \u201cDerecho y psicolog\u00eda: gesti\u00f3n de conflictos\u201d, con la conferencia \u201cLa acci\u00f3n psicol\u00f3gica en la asistencia t\u00e9cnica y en la burocracia forense\u201d. <\/p>\n","protected":false},"author":2,"featured_media":0,"comment_status":"closed","ping_status":"open","sticky":false,"template":"","format":"standard","meta":{"_monsterinsights_skip_tracking":false,"_monsterinsights_sitenote_active":false,"_monsterinsights_sitenote_note":"","_monsterinsights_sitenote_category":0,"footnotes":""},"categories":[6],"tags":[674,23,141,22,87,401,519,142,812,811],"class_list":["post-1228233","post","type-post","status-publish","format-standard","hentry","category-institucional","tag-alimentacion","tag-carmona","tag-curso","tag-cursos-de-verano","tag-derecho","tag-literatura","tag-olavide-en-carmona","tag-psicologia","tag-traduccion","tag-turismo"],"_links":{"self":[{"href":"https:\/\/www.upo.es\/diario\/wp-json\/wp\/v2\/posts\/1228233","targetHints":{"allow":["GET"]}}],"collection":[{"href":"https:\/\/www.upo.es\/diario\/wp-json\/wp\/v2\/posts"}],"about":[{"href":"https:\/\/www.upo.es\/diario\/wp-json\/wp\/v2\/types\/post"}],"author":[{"embeddable":true,"href":"https:\/\/www.upo.es\/diario\/wp-json\/wp\/v2\/users\/2"}],"replies":[{"embeddable":true,"href":"https:\/\/www.upo.es\/diario\/wp-json\/wp\/v2\/comments?post=1228233"}],"version-history":[{"count":8,"href":"https:\/\/www.upo.es\/diario\/wp-json\/wp\/v2\/posts\/1228233\/revisions"}],"predecessor-version":[{"id":1246711,"href":"https:\/\/www.upo.es\/diario\/wp-json\/wp\/v2\/posts\/1228233\/revisions\/1246711"}],"wp:attachment":[{"href":"https:\/\/www.upo.es\/diario\/wp-json\/wp\/v2\/media?parent=1228233"}],"wp:term":[{"taxonomy":"category","embeddable":true,"href":"https:\/\/www.upo.es\/diario\/wp-json\/wp\/v2\/categories?post=1228233"},{"taxonomy":"post_tag","embeddable":true,"href":"https:\/\/www.upo.es\/diario\/wp-json\/wp\/v2\/tags?post=1228233"}],"curies":[{"name":"wp","href":"https:\/\/api.w.org\/{rel}","templated":true}]}}