{"id":12283974,"date":"2016-02-25T12:58:19","date_gmt":"2016-02-25T11:58:19","guid":{"rendered":"https:\/\/www.upo.es\/diario\/?p=12283974"},"modified":"2020-10-27T16:56:18","modified_gmt":"2020-10-27T15:56:18","slug":"visita-a-la-upo-de-antiguos-alumnos-de-la-promocion-1963-1966-de-la-universidad-laboral-de-sevilla","status":"publish","type":"post","link":"https:\/\/www.upo.es\/diario\/comunidad\/2016\/02\/visita-a-la-upo-de-antiguos-alumnos-de-la-promocion-1963-1966-de-la-universidad-laboral-de-sevilla\/","title":{"rendered":"Visita a la UPO de antiguos alumnos de la promoci\u00f3n 1963-1966 de la Universidad Laboral de Sevilla"},"content":{"rendered":"<figure id=\"attachment_12283975\" aria-describedby=\"caption-attachment-12283975\" style=\"width: 600px\" class=\"wp-caption aligncenter\"><a href=\"https:\/\/www.upo.es\/diario\/wp-content\/uploads\/2016\/02\/VisitaUnivLaboral33.jpg\"><img loading=\"lazy\" decoding=\"async\" class=\"size-large wp-image-12283975\" alt=\"Promoci\u00f3n de Peritos Qu\u00edmicos del 63\/66 de la Universidad Laboral\" src=\"https:\/\/www.upo.es\/diario\/wp-content\/uploads\/2016\/02\/VisitaUnivLaboral33-600x400.jpg\" width=\"600\" height=\"400\" srcset=\"https:\/\/www.upo.es\/diario\/wp-content\/uploads\/2016\/02\/VisitaUnivLaboral33-600x400.jpg 600w, https:\/\/www.upo.es\/diario\/wp-content\/uploads\/2016\/02\/VisitaUnivLaboral33-320x213.jpg 320w\" sizes=\"auto, (max-width: 600px) 100vw, 600px\" \/><\/a><figcaption id=\"caption-attachment-12283975\" class=\"wp-caption-text\">Promoci\u00f3n de Peritos Qu\u00edmicos del 63\/66 de la Universidad Laboral<\/figcaption><\/figure>\n<p>Esta ma\u00f1ana la vicerrectora de Internacionalizaci\u00f3n y Comunicaci\u00f3n en funciones, Pilar Rodr\u00edguez Reina, ha dado la bienvenida a un grupo de antiguos alumnos de la promoci\u00f3n de 1963-1966 de Peritos Qu\u00edmicos de la Universidad Laboral de Sevilla, que han visitado las instalaciones de la Universidad Pablo de Olavide, de Sevilla.<\/p>\n<p>Tras la bienvenida, los antiguos alumnos de la Universidad Laboral han realizado un recorrido por el campus de la Universidad Pablo de Olavide, acompa\u00f1ados por la vicerrectora de Internacionalizaci\u00f3n y Comunicaci\u00f3n junto al ayudante de servicio de la UPO, Luis Bobadilla. Este grupo formado por seis antiguos alumnos, junto con sus parejas, han realizado una visita por el campus universitario, biblioteca, aulas inform\u00e1ticas, instalaciones deportivas y algunos de los edificios que constituyeron el internado donde residieron y estudiaron. Los integrantes del grupo comprobaron de primera mano c\u00f3mo ha cambiado el campus desde entonces.<\/p>\n","protected":false},"excerpt":{"rendered":"<p>Esta ma\u00f1ana la vicerrectora de Internacionalizaci\u00f3n y Comunicaci\u00f3n en funciones, Pilar Rodr\u00edguez Reina, ha dado la bienvenida a un grupo de antiguos alumnos de la promoci\u00f3n de 1963-1966 de Peritos Qu\u00edmicos de la Universidad Laboral de Sevilla, que han visitado las instalaciones de la Universidad Pablo de Olavide, de Sevilla.<\/p>\n","protected":false},"author":4,"featured_media":0,"comment_status":"closed","ping_status":"open","sticky":false,"template":"","format":"standard","meta":{"_monsterinsights_skip_tracking":false,"_monsterinsights_sitenote_active":false,"_monsterinsights_sitenote_note":"","_monsterinsights_sitenote_category":0,"footnotes":""},"categories":[5842],"tags":[153,1261,297],"class_list":["post-12283974","post","type-post","status-publish","format-standard","hentry","category-comunidad","tag-alumni","tag-universidad-laboral","tag-visita"],"_links":{"self":[{"href":"https:\/\/www.upo.es\/diario\/wp-json\/wp\/v2\/posts\/12283974","targetHints":{"allow":["GET"]}}],"collection":[{"href":"https:\/\/www.upo.es\/diario\/wp-json\/wp\/v2\/posts"}],"about":[{"href":"https:\/\/www.upo.es\/diario\/wp-json\/wp\/v2\/types\/post"}],"author":[{"embeddable":true,"href":"https:\/\/www.upo.es\/diario\/wp-json\/wp\/v2\/users\/4"}],"replies":[{"embeddable":true,"href":"https:\/\/www.upo.es\/diario\/wp-json\/wp\/v2\/comments?post=12283974"}],"version-history":[{"count":3,"href":"https:\/\/www.upo.es\/diario\/wp-json\/wp\/v2\/posts\/12283974\/revisions"}],"predecessor-version":[{"id":12283978,"href":"https:\/\/www.upo.es\/diario\/wp-json\/wp\/v2\/posts\/12283974\/revisions\/12283978"}],"wp:attachment":[{"href":"https:\/\/www.upo.es\/diario\/wp-json\/wp\/v2\/media?parent=12283974"}],"wp:term":[{"taxonomy":"category","embeddable":true,"href":"https:\/\/www.upo.es\/diario\/wp-json\/wp\/v2\/categories?post=12283974"},{"taxonomy":"post_tag","embeddable":true,"href":"https:\/\/www.upo.es\/diario\/wp-json\/wp\/v2\/tags?post=12283974"}],"curies":[{"name":"wp","href":"https:\/\/api.w.org\/{rel}","templated":true}]}}