{"id":12296843,"date":"2016-03-02T05:30:15","date_gmt":"2016-03-02T05:30:15","guid":{"rendered":"https:\/\/www.upo.es\/diario\/?p=12296843"},"modified":"2016-03-02T07:56:56","modified_gmt":"2016-03-02T07:56:56","slug":"la-upo-participa-desde-el-martes-en-la-fiesta-de-la-historia-que-se-celebra-en-sevilla-la-proxima-semana","status":"publish","type":"post","link":"https:\/\/www.upo.es\/diario\/institucional\/2016\/03\/la-upo-participa-desde-el-martes-en-la-fiesta-de-la-historia-que-se-celebra-en-sevilla-la-proxima-semana\/","title":{"rendered":"La UPO participa en la Fiesta de la Historia que se celebra en Sevilla esta semana"},"content":{"rendered":"<figure id=\"attachment_12153101\" aria-describedby=\"caption-attachment-12153101\" style=\"width: 320px\" class=\"wp-caption alignright\"><a href=\"https:\/\/www.upo.es\/diario\/wp-content\/uploads\/2016\/02\/fiestahistoria15.jpg\"><img loading=\"lazy\" decoding=\"async\" class=\"size-medium wp-image-12153101\" alt=\"Imagen de la visita a It\u00e1lica, una de las actividades celebradas el pasado a\u00f1o. \" src=\"https:\/\/www.upo.es\/diario\/wp-content\/uploads\/2016\/02\/fiestahistoria15-320x213.jpg\" width=\"320\" height=\"213\" srcset=\"https:\/\/www.upo.es\/diario\/wp-content\/uploads\/2016\/02\/fiestahistoria15-320x213.jpg 320w, https:\/\/www.upo.es\/diario\/wp-content\/uploads\/2016\/02\/fiestahistoria15-600x400.jpg 600w, https:\/\/www.upo.es\/diario\/wp-content\/uploads\/2016\/02\/fiestahistoria15.jpg 960w\" sizes=\"auto, (max-width: 320px) 100vw, 320px\" \/><\/a><figcaption id=\"caption-attachment-12153101\" class=\"wp-caption-text\">Imagen de la visita a It\u00e1lica, una de las actividades celebradas el pasado a\u00f1o.<\/figcaption><\/figure>\n<p>Por segundo a\u00f1o consecutivo, la Universidad Pablo de Olavide participa en la <a href=\"ttps:\/\/fiestadelahistoria.wordpress.com\/\">Fiesta de la Historia<\/a>, que organiza la Asociaci\u00f3n \u2018Historia y Ciudadan\u00eda\u2019, del 29 de Febrero al 6 de marzo, con un variado programa de itinerarios, espect\u00e1culos, talleres y conferencias y que tiene como objetivo principal acercar la historia y el patrimonio cultural a la sociedad.<\/p>\n<p>En el marco de este evento, la profesora Silvia Mar\u00eda P\u00e9rez Gonz\u00e1lez y el colaborador honorario Juan Carlos Arboleda Goldaracena, ambos del \u00c1rea de Historia Medieval de la Universidad Pablo de Olavide, pronunciar\u00e1n la conferencia <a href=\"https:\/\/fiestadelahistoria.wordpress.com\/las-cofradias-a-finales-de-la-edad-media-y-los-origenes-de-la-semana-santa\/\">\u2018Las cofrad\u00edas a finales de la Edad Media y los or\u00edgenes de la Semana Santa\u2019.<\/a> A trav\u00e9s de \u00e9sta ponencia, los conferenciantes har\u00e1n un recorrido en dos etapas, una primera donde se analizar\u00e1 el origen, desarrollo y funcionamiento de las hermandades y cofrad\u00edas andaluzas a finales de la Edad Media (siglos XIII \u2013 XV); y una segunda etapa, en la que se abordar\u00e1 la transformaci\u00f3n de muchas de ellas en las cofrad\u00edas de Semana Santa o Pasi\u00f3n que han llegado hasta nuestros d\u00edas.<\/p>\n<p>El lugar de celebraci\u00f3n ser\u00e1 en la Casa de la Provincia de Sevilla (Plaza del Triunfo s\/n), en horario de 17,30 a 18,30 horas, y tiene entrada libre hasta completar aforo.<\/p>\n<p>Hoy mi\u00e9rcoles 2 de marzo est\u00e1 prevista la visita guiada por el profesor del \u00c1rea de Historia Medieval Jos\u00e9 Mar\u00eda Miura Andrades a <a href=\"https:\/\/fiestadelahistoria.wordpress.com\/visita-a-los-molinos-del-guadaira-2\/\">\u2018Los Molinos del Guada\u00edra\u2019<\/a>, donde se dar\u00e1 a conocer la importancia de la actividad molinera vinculada al cauce del r\u00edo Guada\u00edra durante el per\u00edodo preindustrial. \u00c9sta partir\u00e1 de la Residencia Flora Trist\u00e1n de la UPO a las 11,00 horas.<\/p>\n<p>Completar\u00e1n la jornada del mi\u00e9rcoles, el itinerario <a href=\"https:\/\/fiestadelahistoria.wordpress.com\/del-neolitico-al-s-xxi-un-recorrido-por-el-pasado-en-el-presente-en-el-parque-de-miraflores\/\">\u2018Del Neol\u00edtico al siglo XXI: Un recorrido por el pasado en el presente en el Parque de Miraflores<\/a>\u2019, que dirigir\u00e1 el\u00a0 profesor del \u00c1rea de Geograf\u00eda F\u00edsica de la UPO Ra\u00fal Puente Asuero &#8211; entre\u00a0 las 17,00 y las 20,00 horas-; y el <a href=\"https:\/\/fiestadelahistoria.wordpress.com\/construccion-colectiva-del-patrimonio-cultural\/\">Taller \u2018Construcci\u00f3n Colectiva del Patrimonio Cultural\u2019<\/a>, que guiar\u00e1 el profesor del \u00c1rea de Historia del Arte Marcelo Mart\u00edn Guglielmino. Esta actividad se desarrollar\u00e1 en la Casa de la Provincia, mi\u00e9rcoles 2 y jueves 3, entre las 10,00 y las 14,00 horas.<\/p>\n<p>Para la ma\u00f1ana del jueves 3 de marzo, est\u00e1 prevista \u2013 en horario de 11,00 a 13,00 horas- la visita al Museo Arqueol\u00f3gico de Sevilla<a href=\"https:\/\/fiestadelahistoria.wordpress.com\/tras-las-huellas-de-adriano\/\"> \u2018Tras las huellas de Adriano\u2019<\/a>, que dirigir\u00e1n los profesores del \u00c1rea de Historia Antigua Juan Manuel Cort\u00e9s Copete y Elena Mu\u00f1iz Grijalvo, quienes tambi\u00e9n coordinar\u00e1n la visita al conjunto patrimonial de Santiponce <a href=\"https:\/\/fiestadelahistoria.wordpress.com\/italica-cuna-de-emprendedores-2\/\">\u2018It\u00e1lica, ciudad Adrianea\u2019<\/a>, entre las 11,00 y las 13,00 horas el viernes d\u00eda 4 de marzo.<\/p>\n<p>La UPO pondr\u00e1 el broche final a esta segunda edici\u00f3n de la Fiesta de la Historia, el viernes 4, con el itinerario <a href=\"https:\/\/fiestadelahistoria.wordpress.com\/la-corte-llega-a-sevilla-recreacion-de-la-entrada-de-felipe-v-en-1729\/\">\u2018\u2018La corte llega a Sevilla: Recreaci\u00f3n de la entrada de Felipe V en 1729\u2019<\/a>, con salida desde la Torre del Oro \u2013a las 17,30 horas &#8211; y cuya responsable cient\u00edfica es la profesora de la UPO Cristina Bravo; y la representaci\u00f3n teatral en el Paraninfo de la UPO <a href=\"https:\/\/fiestadelahistoria.wordpress.com\/la-maroma-rudens-de-plauto\/\">\u2018La Maroma (Rudens), de Plauto<\/a>\u2019, dirigidas por las profesoras del \u00c1rea de Filolog\u00eda Latina y Lengua Espa\u00f1ola\u2019 Rosario Moreno Soldevila y Mercedes de la Torre.<\/p>\n<p>La Fiesta de la Historia, que toma como modelo a la Fiesta de la Historia de Bolonia (Italia) con 12 ediciones convocadas, se plantea como una experiencia de participaci\u00f3n ciudadana y de innovaci\u00f3n educativa que pretende involucrar a toda la ciudadan\u00eda, como creadora y difusora de la historia. Los destinatarios son todos los residentes en Sevilla y su entorno metropolitano, as\u00ed como quienes visiten en ese momento la ciudad.<\/p>\n<p><a href=\"http:\/\/www.upo.es\/export\/portal\/com\/bin\/portal\/otri\/eventos\/20160212FiestadelaHistoria\/1455284458014_20160209_programa_upo_fiesta_historia_2016.pdf\">Programa de las actividades de la UPO<\/a> en el marco de la II Fiesta de la Historia de Sevilla.<\/p>\n<p><a href=\"https:\/\/fiestadelahistoria.wordpress.com\/\">Programa completo<\/a> con todas las actividades\u00a0propuestas por las diferentes entidades que han colaborado para la II Edici\u00f3n de la Fiesta de la Historia de Sevilla.<\/p>\n<p>&nbsp;<\/p>\n<p>FUENTE: Oficina de Transferencia de Resultados de Investigaci\u00f3n<\/p>\n","protected":false},"excerpt":{"rendered":"<p>Por segundo a\u00f1o consecutivo, la Universidad Pablo de Olavide participa en la Fiesta de la Historia, que organiza la Asociaci\u00f3n \u2018Historia y Ciudadan\u00eda\u2019, del 29 de Febrero al 6 de marzo, con un variado programa de itinerarios, espect\u00e1culos, talleres y conferencias y que tiene como objetivo principal acercar la historia y el patrimonio cultural a la sociedad.<\/p>\n","protected":false},"author":2,"featured_media":0,"comment_status":"closed","ping_status":"open","sticky":false,"template":"","format":"standard","meta":{"_monsterinsights_skip_tracking":false,"_monsterinsights_sitenote_active":false,"_monsterinsights_sitenote_note":"","_monsterinsights_sitenote_category":0,"footnotes":""},"categories":[6],"tags":[544,3205,150,3204,549],"class_list":["post-12296843","post","type-post","status-publish","format-standard","hentry","category-institucional","tag-conferencias","tag-espectaculos","tag-historia","tag-itinerarios","tag-talleres"],"_links":{"self":[{"href":"https:\/\/www.upo.es\/diario\/wp-json\/wp\/v2\/posts\/12296843","targetHints":{"allow":["GET"]}}],"collection":[{"href":"https:\/\/www.upo.es\/diario\/wp-json\/wp\/v2\/posts"}],"about":[{"href":"https:\/\/www.upo.es\/diario\/wp-json\/wp\/v2\/types\/post"}],"author":[{"embeddable":true,"href":"https:\/\/www.upo.es\/diario\/wp-json\/wp\/v2\/users\/2"}],"replies":[{"embeddable":true,"href":"https:\/\/www.upo.es\/diario\/wp-json\/wp\/v2\/comments?post=12296843"}],"version-history":[{"count":4,"href":"https:\/\/www.upo.es\/diario\/wp-json\/wp\/v2\/posts\/12296843\/revisions"}],"predecessor-version":[{"id":12359169,"href":"https:\/\/www.upo.es\/diario\/wp-json\/wp\/v2\/posts\/12296843\/revisions\/12359169"}],"wp:attachment":[{"href":"https:\/\/www.upo.es\/diario\/wp-json\/wp\/v2\/media?parent=12296843"}],"wp:term":[{"taxonomy":"category","embeddable":true,"href":"https:\/\/www.upo.es\/diario\/wp-json\/wp\/v2\/categories?post=12296843"},{"taxonomy":"post_tag","embeddable":true,"href":"https:\/\/www.upo.es\/diario\/wp-json\/wp\/v2\/tags?post=12296843"}],"curies":[{"name":"wp","href":"https:\/\/api.w.org\/{rel}","templated":true}]}}