{"id":12348785,"date":"2016-03-01T02:47:12","date_gmt":"2016-03-01T02:47:12","guid":{"rendered":"https:\/\/www.upo.es\/diario\/?p=12348785"},"modified":"2016-03-01T13:23:14","modified_gmt":"2016-03-01T13:23:14","slug":"visitas-al-paruqe-miraflores-y-a-los-molinos-del-guadaira-propuestas-de-la-upo-para-manana-en-la-fiesta-de-la-historia","status":"publish","type":"post","link":"https:\/\/www.upo.es\/diario\/institucional\/2016\/03\/visitas-al-paruqe-miraflores-y-a-los-molinos-del-guadaira-propuestas-de-la-upo-para-manana-en-la-fiesta-de-la-historia\/","title":{"rendered":"Visitas al Parque Miraflores y a los Molinos del Guada\u00edra, propuestas de la UPO para ma\u00f1ana en la Fiesta de la Historia"},"content":{"rendered":"<figure id=\"attachment_9041976\" aria-describedby=\"caption-attachment-9041976\" style=\"width: 240px\" class=\"wp-caption alignright\"><a href=\"https:\/\/www.upo.es\/diario\/wp-content\/uploads\/2015\/03\/molinos_guadaira2.jpg\"><img loading=\"lazy\" decoding=\"async\" class=\"size-medium wp-image-9041976\" alt=\"La visita a los Molinos del Guada\u00edra se ha celebrado en la ma\u00f1ana de hoy viernes.\" src=\"https:\/\/www.upo.es\/diario\/wp-content\/uploads\/2015\/03\/molinos_guadaira2-240x320.jpg\" width=\"240\" height=\"320\" srcset=\"https:\/\/www.upo.es\/diario\/wp-content\/uploads\/2015\/03\/molinos_guadaira2-240x320.jpg 240w, https:\/\/www.upo.es\/diario\/wp-content\/uploads\/2015\/03\/molinos_guadaira2-450x600.jpg 450w, https:\/\/www.upo.es\/diario\/wp-content\/uploads\/2015\/03\/molinos_guadaira2-600x800.jpg 600w, https:\/\/www.upo.es\/diario\/wp-content\/uploads\/2015\/03\/molinos_guadaira2.jpg 960w\" sizes=\"auto, (max-width: 240px) 100vw, 240px\" \/><\/a><figcaption id=\"caption-attachment-9041976\" class=\"wp-caption-text\">Imagen de la visita a los Molinos del Guada\u00edra celebrada el pasado a\u00f1o.<\/figcaption><\/figure>\n<p>En el marco de la II edici\u00f3n de la <b>Fiesta de la Historia<\/b>, organizada por la Asociaci\u00f3n \u2018Historia y Ciudadan\u00eda\u2019, la Universidad Pablo de Olavide ha preparado para ma\u00f1ana mi\u00e9rcoles, d\u00eda 2 de marzo, dos itinerarios guiados para conocer parte de los vestigios patrimoniales de Sevilla. Durante la ma\u00f1ana, con salida a las 11,00 horas desde la Residencia Universitaria Flora Trist\u00e1n de la UPO, el profesor del \u00c1rea de Historia Medieval Jos\u00e9 Mar\u00eda Miura Andrades dirigir\u00e1 una visita por <a href=\"https:\/\/fiestadelahistoria.wordpress.com\/visita-a-los-molinos-del-guadaira-2\/\">\u2018Los Molinos del Guada\u00edra\u2019<\/a> para mostrar la importancia que tuvo la actividad molinera en el cauce del r\u00edo Guada\u00edra durante el per\u00edodo preindustrial.<\/p>\n<p>Durante la tarde, en horario entre las 17,00 y las 20,00 horas, est\u00e1 previsto el itinerario <a href=\"https:\/\/fiestadelahistoria.wordpress.com\/del-neolitico-al-s-xxi-un-recorrido-por-el-pasado-en-el-presente-en-el-parque-de-miraflores\/\">\u2018Del Neol\u00edtico al siglo XXI: Un recorrido por el pasado en el presente en el Parque de Miraflores\u2019<\/a>, guiado por el profesor del \u00c1rea de Geograf\u00eda F\u00edsica de la UPO Ra\u00fal Puente Asuero. Los participantes podr\u00e1n conocer restos patrimoniales como un yacimiento Paleol\u00edtico (3.000 a. C), una villa romana del siglo I d.C, pozos, norias, albercas y aljibes del siglo XVIII o un molino de aceite construido por los Jesuitas en el siglo XVIII.<\/p>\n<p>El jueves, d\u00eda 3 de marzo, continuar\u00e1n las actividades de la UPO en la Fiesta de la Historia con la celebraci\u00f3n en la Casa de la Provincia de Sevilla (Plaza del Triunfo s\/n) del taller <a href=\"https:\/\/fiestadelahistoria.wordpress.com\/construccion-colectiva-del-patrimonio-cultural\/\">\u2018Construcci\u00f3n colectiva del patrimonio cultural\u2019<\/a>, en el que a trav\u00e9s de una metodolog\u00eda participativa y l\u00fadica los asistentes tendr\u00e1n ocasi\u00f3n de compartir y debatir sobre lo que para ellos constituye su m\u00e1s \u00edntima percepci\u00f3n del legado cultural. La entrada a este taller, guiado por el profesor del \u00c1rea de Historia del Arte de la UPO Marcelo Mart\u00edn, ser\u00e1 libre hasta completar aforo.<\/p>\n<p>Completar\u00e1 la jornada del jueves, la visita al Museo Arqueol\u00f3gico de Sevilla <a href=\"https:\/\/fiestadelahistoria.wordpress.com\/tras-las-huellas-de-adriano\/\">\u2018Tras las huellas de Adriano\u2019<\/a>. \u00c9sta tendr\u00e1 lugar en horario de 11,00 a 13,00 horas y ser\u00e1 dirigida por los profesores del \u00c1rea de Historia Antigua Juan Manuel Cort\u00e9s Copete y Elena Mu\u00f1iz Grijalvo, quienes tambi\u00e9n coordinar\u00e1n la visita al conjunto patrimonial de Santiponce <a href=\"https:\/\/fiestadelahistoria.wordpress.com\/italica-cuna-de-emprendedores-2\/\">\u2018It\u00e1lica, ciudad Adrianea\u2019<\/a>, entre las 11,00 y las 13,00 horas el viernes d\u00eda 4 de marzo.<\/p>\n<p>La UPO pondr\u00e1 el broche final a esta segunda edici\u00f3n de la Fiesta de la Historia, el viernes 4, con el <a href=\"https:\/\/fiestadelahistoria.wordpress.com\/la-corte-llega-a-sevilla-recreacion-de-la-entrada-de-felipe-v-en-1729\/\">itinerario \u2018La corte llega a Sevilla: Recreaci\u00f3n de la entrada de Felipe V en 1729\u2019<\/a>, con salida desde la Torre del Oro \u2013a las 17,30 horas &#8211; y cuya responsable cient\u00edfica es la profesora de la UPO Cristina Bravo; y con la representaci\u00f3n teatral en el Paraninfo de la UPO <a href=\"https:\/\/fiestadelahistoria.wordpress.com\/la-maroma-rudens-de-plauto\/\">\u2018La Maroma (Rudens), de Plauto\u2019<\/a>, dirigidas por las profesoras del \u00c1rea de Filolog\u00eda Latina y Lengua Espa\u00f1ola\u2019 Rosario Moreno Soldevila y Mercedes de la Torre.<\/p>\n<p><a href=\"http:\/\/www.upo.es\/export\/portal\/com\/bin\/portal\/otri\/eventos\/20160212FiestadelaHistoria\/1455284458014_20160209_programa_upo_fiesta_historia_2016.pdf\">Programa de las actividades de la UPO<\/a> en el marco de la II Fiesta de la Historia de Sevilla.<\/p>\n<p><a href=\"https:\/\/fiestadelahistoria.wordpress.com\/\">Programa completo<\/a> con todas las actividades\u00a0propuestas por las diferentes entidades que han colaborado para la II Edici\u00f3n de la Fiesta de la Historia de Sevilla.<\/p>\n<p>Las actividades organizadas por la UPO est\u00e1n coordinadas por la\u00a0<a href=\"http:\/\/www.upo.es\/otri\/portada\">Oficina de Transferencia de Resultados de Investigaci\u00f3n\u00a0<\/a>de esta universidad.<\/p>\n<p>&nbsp;<\/p>\n<p>FUENTE: Oficina de Transferencia de Resultados de Investigaci\u00f3n<\/p>\n<p>&nbsp;<\/p>\n<p>&nbsp;<\/p>\n<p>&nbsp;<\/p>\n<p>&nbsp;<\/p>\n","protected":false},"excerpt":{"rendered":"<p>En el marco de la II edici\u00f3n de la Fiesta de la Historia, organizada por la Asociaci\u00f3n \u2018Historia y Ciudadan\u00eda\u2019, la Universidad Pablo de Olavide ha preparado para ma\u00f1ana mi\u00e9rcoles, d\u00eda 2 de marzo, dos itinerarios guiados para conocer parte de los vestigios patrimoniales de Sevilla. <\/p>\n","protected":false},"author":2,"featured_media":0,"comment_status":"closed","ping_status":"open","sticky":false,"template":"","format":"standard","meta":{"_monsterinsights_skip_tracking":false,"_monsterinsights_sitenote_active":false,"_monsterinsights_sitenote_note":"","_monsterinsights_sitenote_category":0,"footnotes":""},"categories":[6],"tags":[544,3205,150,3204,549,3214],"class_list":["post-12348785","post","type-post","status-publish","format-standard","hentry","category-institucional","tag-conferencias","tag-espectaculos","tag-historia","tag-itinerarios","tag-talleres","tag-visitas"],"_links":{"self":[{"href":"https:\/\/www.upo.es\/diario\/wp-json\/wp\/v2\/posts\/12348785","targetHints":{"allow":["GET"]}}],"collection":[{"href":"https:\/\/www.upo.es\/diario\/wp-json\/wp\/v2\/posts"}],"about":[{"href":"https:\/\/www.upo.es\/diario\/wp-json\/wp\/v2\/types\/post"}],"author":[{"embeddable":true,"href":"https:\/\/www.upo.es\/diario\/wp-json\/wp\/v2\/users\/2"}],"replies":[{"embeddable":true,"href":"https:\/\/www.upo.es\/diario\/wp-json\/wp\/v2\/comments?post=12348785"}],"version-history":[{"count":5,"href":"https:\/\/www.upo.es\/diario\/wp-json\/wp\/v2\/posts\/12348785\/revisions"}],"predecessor-version":[{"id":12348787,"href":"https:\/\/www.upo.es\/diario\/wp-json\/wp\/v2\/posts\/12348785\/revisions\/12348787"}],"wp:attachment":[{"href":"https:\/\/www.upo.es\/diario\/wp-json\/wp\/v2\/media?parent=12348785"}],"wp:term":[{"taxonomy":"category","embeddable":true,"href":"https:\/\/www.upo.es\/diario\/wp-json\/wp\/v2\/categories?post=12348785"},{"taxonomy":"post_tag","embeddable":true,"href":"https:\/\/www.upo.es\/diario\/wp-json\/wp\/v2\/tags?post=12348785"}],"curies":[{"name":"wp","href":"https:\/\/api.w.org\/{rel}","templated":true}]}}