{"id":12361883,"date":"2016-03-03T05:13:56","date_gmt":"2016-03-03T05:13:56","guid":{"rendered":"https:\/\/www.upo.es\/diario\/?p=12361883"},"modified":"2016-03-03T08:05:07","modified_gmt":"2016-03-03T08:05:07","slug":"pablo-del-rio-loira-abre-manana-el-ciclo-de-charlas-de-doctorados-de-universidades-europeas","status":"publish","type":"post","link":"https:\/\/www.upo.es\/diario\/institucional\/2016\/03\/pablo-del-rio-loira-abre-manana-el-ciclo-de-charlas-de-doctorados-de-universidades-europeas\/","title":{"rendered":"Pablo del R\u00edo Loira abre hoy el ciclo de charlas de doctorandos de universidades europeas"},"content":{"rendered":"<p>Hoy\u00a0<span style=\"text-decoration: underline;\">jueves 3 de marzo, a las 18.30 horas en la sede del LIPPO<\/span>\u00a0(Laboratorio de ideas y Practicas Pol\u00edticas), en el <span style=\"text-decoration: underline;\">edificio 44, primera planta<\/span>\u00a0de la Universidad Pablo de Olavide, comenzar\u00e1 el ciclo de charlas organizado por el LIPPO, que dar\u00e1 comienzo con la ponencia de Pablo del R\u00edo Loira. En estas charlas que se celebrar\u00e1n todos los jueves de cada mes, los doctorandos de universidades europeas compartir\u00e1n con la comunidad universitaria el desarrollo de su investigaci\u00f3n, con el objetivo de apoyar a los j\u00f3venes investigadores y potenciar el debate y el intercambio de conocimiento en la universidad.<\/p>\n<p><b>Pablo del R\u00edo Loira<\/b> es licenciado en Derecho y Ciencias Pol\u00edticas y de la Administraci\u00f3n por la UPO, y M\u00e1ster en Gesti\u00f3n y Pol\u00edticas P\u00fablicas Internacionales por la Erasmus Universiteit Rotterdam, donde actualmente escribe su tesis doctoral. En su \u00e9poca universitaria, se acerc\u00f3 al mundo del debate de competici\u00f3n, donde se proclam\u00f3 campe\u00f3n en competiciones estatales tanto a nivel individual (mejor orador), como por equipos (equipo campe\u00f3n). En esta \u00e9poca cre\u00f3 J\u00f3venes Promesas, un torneo de debate pionero para j\u00f3venes, que le vali\u00f3 el Premio Andaluc\u00eda Joven. En la actualidad, aparte de su labor como analista pol\u00edtico y como docente universitario, es subdirector de <a href=\"http:\/\/conacento.org\/\">Con Acento<\/a>, donde acumula cientos de horas de formaci\u00f3n en oratoria y estrategia discursiva.<\/p>\n<p>El <b><a href=\"http:\/\/lippo.es\/\">Laboratorio de Ideas y Pr\u00e1cticas Pol\u00edticas (LIPPO)<\/a><\/b> es un centro de investigaci\u00f3n y pensamiento (\u2018think tank\u2019) cuyos fines son la promoci\u00f3n de la libertad, la justicia social, la democracia y los derechos humanos. Dirigido por el catedr\u00e1tico de la UPO Ram\u00f3n Luis Soriano y con el profesor Rafael Rodr\u00edguez Prieto como subdirector, la actividad fundamental del LIPPO est\u00e1 centrada en realizar estudios e informes sobre temas pol\u00edticos.<\/p>\n<p>&nbsp;<\/p>\n","protected":false},"excerpt":{"rendered":"<p>Hoy jueves 3 de marzo, a las 18.30 horas en la sede del LIPPO (Laboratorio de ideas y Practicas Pol\u00edticas), en el edificio 44, primera planta de la Universidad Pablo de Olavide, comenzar\u00e1 el ciclo de charlas organizado por el LIPPO, que dar\u00e1 comienzo con la ponencia de Pablo del R\u00edo Loira. <\/p>\n","protected":false},"author":13,"featured_media":0,"comment_status":"closed","ping_status":"open","sticky":false,"template":"","format":"standard","meta":{"_monsterinsights_skip_tracking":false,"_monsterinsights_sitenote_active":false,"_monsterinsights_sitenote_note":"","_monsterinsights_sitenote_category":0,"footnotes":""},"categories":[6],"tags":[1816,56,256,2302],"class_list":["post-12361883","post","type-post","status-publish","format-standard","hentry","category-institucional","tag-doctorados","tag-investigacion","tag-lippo","tag-pensamiento"],"_links":{"self":[{"href":"https:\/\/www.upo.es\/diario\/wp-json\/wp\/v2\/posts\/12361883","targetHints":{"allow":["GET"]}}],"collection":[{"href":"https:\/\/www.upo.es\/diario\/wp-json\/wp\/v2\/posts"}],"about":[{"href":"https:\/\/www.upo.es\/diario\/wp-json\/wp\/v2\/types\/post"}],"author":[{"embeddable":true,"href":"https:\/\/www.upo.es\/diario\/wp-json\/wp\/v2\/users\/13"}],"replies":[{"embeddable":true,"href":"https:\/\/www.upo.es\/diario\/wp-json\/wp\/v2\/comments?post=12361883"}],"version-history":[{"count":5,"href":"https:\/\/www.upo.es\/diario\/wp-json\/wp\/v2\/posts\/12361883\/revisions"}],"predecessor-version":[{"id":12372834,"href":"https:\/\/www.upo.es\/diario\/wp-json\/wp\/v2\/posts\/12361883\/revisions\/12372834"}],"wp:attachment":[{"href":"https:\/\/www.upo.es\/diario\/wp-json\/wp\/v2\/media?parent=12361883"}],"wp:term":[{"taxonomy":"category","embeddable":true,"href":"https:\/\/www.upo.es\/diario\/wp-json\/wp\/v2\/categories?post=12361883"},{"taxonomy":"post_tag","embeddable":true,"href":"https:\/\/www.upo.es\/diario\/wp-json\/wp\/v2\/tags?post=12361883"}],"curies":[{"name":"wp","href":"https:\/\/api.w.org\/{rel}","templated":true}]}}