{"id":12361887,"date":"2016-03-03T05:15:35","date_gmt":"2016-03-03T05:15:35","guid":{"rendered":"https:\/\/www.upo.es\/diario\/?p=12361887"},"modified":"2016-03-03T08:04:00","modified_gmt":"2016-03-03T08:04:00","slug":"la-upo-organiza-manana-una-visita-al-museo-arqueologico-y-un-taller-sobre-patrimonio","status":"publish","type":"post","link":"https:\/\/www.upo.es\/diario\/institucional\/2016\/03\/la-upo-organiza-manana-una-visita-al-museo-arqueologico-y-un-taller-sobre-patrimonio\/","title":{"rendered":"La UPO organiza hoy una visita al Museo Arqueol\u00f3gico y un taller sobre patrimonio"},"content":{"rendered":"<figure id=\"attachment_12361888\" aria-describedby=\"caption-attachment-12361888\" style=\"width: 600px\" class=\"wp-caption aligncenter\"><a href=\"https:\/\/www.upo.es\/diario\/wp-content\/uploads\/2016\/03\/P1020942.jpg\"><img loading=\"lazy\" decoding=\"async\" class=\"size-large wp-image-12361888\" alt=\"Juan Carlos Arboleda Goldaracena y Silvia Mar\u00eda P\u00e9rez Gonz\u00e1lez en la conferencia impartida el martes 1 de marzo.\" src=\"https:\/\/www.upo.es\/diario\/wp-content\/uploads\/2016\/03\/P1020942-600x450.jpg\" width=\"600\" height=\"450\" srcset=\"https:\/\/www.upo.es\/diario\/wp-content\/uploads\/2016\/03\/P1020942-600x450.jpg 600w, https:\/\/www.upo.es\/diario\/wp-content\/uploads\/2016\/03\/P1020942-320x240.jpg 320w, https:\/\/www.upo.es\/diario\/wp-content\/uploads\/2016\/03\/P1020942.jpg 2048w\" sizes=\"auto, (max-width: 600px) 100vw, 600px\" \/><\/a><figcaption id=\"caption-attachment-12361888\" class=\"wp-caption-text\">Juan Carlos Arboleda Goldaracena y Silvia Mar\u00eda P\u00e9rez Gonz\u00e1lez en la conferencia impartida el martes 1 de marzo.<\/figcaption><\/figure>\n<p>La Universidad Pablo de Olavide ha programado para hoy jueves 3 de marzo, en el marco de la II edici\u00f3n de la Fiesta de la Historia, la visita al Museo Arqueol\u00f3gico de Sevilla <a href=\"https:\/\/fiestadelahistoria.wordpress.com\/tras-las-huellas-de-adriano\/\">\u2018Tras las huellas de Adriano\u2019<\/a>, que dirigir\u00e1n los profesores del \u00c1rea de Historia Antigua Juan Manuel Cort\u00e9s Copete y Elena Mu\u00f1iz Grijalvo. \u00c9sta tendr\u00e1 lugar en horario de 11,00 a 13,00 horas. La Fiesta de la Historia es una iniciativa impulsada por la Asociaci\u00f3n \u2018Historia y Ciudadan\u00eda\u2019.<\/p>\n<p>La jornada de hoy se completar\u00e1 con la celebraci\u00f3n del <a href=\"https:\/\/fiestadelahistoria.wordpress.com\/construccion-colectiva-del-patrimonio-cultural\/\">Taller \u2018Construcci\u00f3n colectiva del patrimonio cultural\u2019<\/a>. Se desarrollar\u00e1 en la Casa de la Provincia de Sevilla (Plaza del Triunfo s\/n), en horario de 10,00 a 14,00 horas, y su entrada ser\u00e1 libre hasta completar aforo. Guiada por el profesor del \u00c1rea de Historia del Arte de la UPO Marcelo Mart\u00edn, los asistentes podr\u00e1n construir y compartir lo que para ellos constituye su m\u00e1s \u00edntima percepci\u00f3n del legado y patrimonio cultural.<\/p>\n<p>El viernes, 4 de marzo, entre las 11,00 y las 13,00 horas, los profesores Juan Manuel Cort\u00e9s Copete y Elena Mu\u00f1iz Grijalvo tambi\u00e9n ser\u00e1n los encargados de coordinar la visita al conjunto patrimonial de Santiponce, con la actividad <a href=\"https:\/\/fiestadelahistoria.wordpress.com\/italica-cuna-de-emprendedores-2\/\">\u2018It\u00e1lica, ciudad Adrianea\u2019.<\/a><\/p>\n<p>En la tarde del viernes, la UPO culminar\u00e1 su participaci\u00f3n en esta segunda edici\u00f3n de la Fiesta de la Historia con el itinerario <a href=\"https:\/\/fiestadelahistoria.wordpress.com\/la-corte-llega-a-sevilla-recreacion-de-la-entrada-de-felipe-v-en-1729\/\">\u2018\u2018La corte llega a Sevilla: Recreaci\u00f3n de la entrada de Felipe V en 1729\u2019<\/a>, con salida desde la Torre del Oro \u2013a las 17,30 horas &#8211; y cuya responsable cient\u00edfica es la profesora de la Universidad Pablo de Olavide Cristina Bravo; y con la representaci\u00f3n teatral, a las 18:00 horas en el Paraninfo de la UPO, de <a href=\"https:\/\/fiestadelahistoria.wordpress.com\/la-maroma-rudens-de-plauto\/\">\u2018La Maroma (Rudens), de Plauto<\/a>\u2019, dirigida por las profesoras del \u00c1rea de Filolog\u00eda Latina y Lengua Espa\u00f1ola\u2019 Rosario Moreno Soldevila y Mercedes de la Torre.<\/p>\n<p>La Fiesta de la Historia, que toma como modelo a la Fiesta de la Historia de Bolonia (Italia) con 12 ediciones convocadas, se plantea como una experiencia de participaci\u00f3n ciudadana y de innovaci\u00f3n educativa que pretende involucrar a toda la ciudadan\u00eda, como creadora y difusora de la historia. Los destinatarios son todos los residentes en Sevilla y su entorno metropolitano, as\u00ed como quienes visiten en ese momento la ciudad.<\/p>\n<p>Las actividades organizadas por la UPO est\u00e1n coordinadas por la\u00a0<a href=\"http:\/\/www.upo.es\/otri\/portada\">Oficina de Transferencia de Resultados de Investigaci\u00f3n<\/a>\u00a0de esta universidad.<\/p>\n<p><a href=\"http:\/\/www.upo.es\/export\/portal\/com\/bin\/portal\/otri\/eventos\/20160212FiestadelaHistoria\/1455284458014_20160209_programa_upo_fiesta_historia_2016.pdf\">Programa de las actividades de la UPO<\/a> en el marco de la II Fiesta de la Historia de Sevilla.<\/p>\n<p><a href=\"https:\/\/fiestadelahistoria.wordpress.com\/\">Programa completo<\/a> con todas las actividades\u00a0propuestas por las diferentes entidades que han colaborado para la II Edici\u00f3n de la Fiesta de la Historia de Sevilla.<\/p>\n<p>FUENTE: Oficina de Transferencia de Resultados de Investigaci\u00f3n<\/p>\n","protected":false},"excerpt":{"rendered":"<p>La Universidad Pablo de Olavide ha programado para hoy jueves 3 de marzo, en el marco de la II edici\u00f3n de la Fiesta de la Historia, la visita al Museo Arqueol\u00f3gico de Sevilla \u2018Tras las huellas de Adriano\u2019, que dirigir\u00e1n los profesores del \u00c1rea de Historia Antigua Juan Manuel Cort\u00e9s Copete y Elena Mu\u00f1iz Grijalvo. \u00c9sta tendr\u00e1 lugar en horario de 11,00 a 13,00 horas. La Fiesta de la Historia es una iniciativa impulsada por la Asociaci\u00f3n \u2018Historia y Ciudadan\u00eda\u2019.<\/p>\n","protected":false},"author":2,"featured_media":0,"comment_status":"closed","ping_status":"open","sticky":false,"template":"","format":"standard","meta":{"_monsterinsights_skip_tracking":false,"_monsterinsights_sitenote_active":false,"_monsterinsights_sitenote_note":"","_monsterinsights_sitenote_category":0,"footnotes":""},"categories":[6],"tags":[544,3205,150,3204,549,3214],"class_list":["post-12361887","post","type-post","status-publish","format-standard","hentry","category-institucional","tag-conferencias","tag-espectaculos","tag-historia","tag-itinerarios","tag-talleres","tag-visitas"],"_links":{"self":[{"href":"https:\/\/www.upo.es\/diario\/wp-json\/wp\/v2\/posts\/12361887","targetHints":{"allow":["GET"]}}],"collection":[{"href":"https:\/\/www.upo.es\/diario\/wp-json\/wp\/v2\/posts"}],"about":[{"href":"https:\/\/www.upo.es\/diario\/wp-json\/wp\/v2\/types\/post"}],"author":[{"embeddable":true,"href":"https:\/\/www.upo.es\/diario\/wp-json\/wp\/v2\/users\/2"}],"replies":[{"embeddable":true,"href":"https:\/\/www.upo.es\/diario\/wp-json\/wp\/v2\/comments?post=12361887"}],"version-history":[{"count":3,"href":"https:\/\/www.upo.es\/diario\/wp-json\/wp\/v2\/posts\/12361887\/revisions"}],"predecessor-version":[{"id":12372832,"href":"https:\/\/www.upo.es\/diario\/wp-json\/wp\/v2\/posts\/12361887\/revisions\/12372832"}],"wp:attachment":[{"href":"https:\/\/www.upo.es\/diario\/wp-json\/wp\/v2\/media?parent=12361887"}],"wp:term":[{"taxonomy":"category","embeddable":true,"href":"https:\/\/www.upo.es\/diario\/wp-json\/wp\/v2\/categories?post=12361887"},{"taxonomy":"post_tag","embeddable":true,"href":"https:\/\/www.upo.es\/diario\/wp-json\/wp\/v2\/tags?post=12361887"}],"curies":[{"name":"wp","href":"https:\/\/api.w.org\/{rel}","templated":true}]}}