{"id":12362447,"date":"2016-03-03T05:10:35","date_gmt":"2016-03-03T05:10:35","guid":{"rendered":"https:\/\/www.upo.es\/diario\/?p=12362447"},"modified":"2016-03-03T07:57:11","modified_gmt":"2016-03-03T07:57:11","slug":"presentacion-del-libro-poder-e-internet-un-analisis-critico-de-la-red","status":"publish","type":"post","link":"https:\/\/www.upo.es\/diario\/institucional\/2016\/03\/presentacion-del-libro-poder-e-internet-un-analisis-critico-de-la-red\/","title":{"rendered":"Presentaci\u00f3n del libro \u201cPoder e Internet. Un an\u00e1lisis cr\u00edtico de la Red\u201d"},"content":{"rendered":"<p><a href=\"https:\/\/www.upo.es\/diario\/wp-content\/uploads\/2016\/03\/libro_podereinternet.jpg\"><img loading=\"lazy\" decoding=\"async\" class=\"alignright size-medium wp-image-12362448\" alt=\"libro_podereinternet\" src=\"https:\/\/www.upo.es\/diario\/wp-content\/uploads\/2016\/03\/libro_podereinternet-320x213.jpg\" width=\"320\" height=\"213\" srcset=\"https:\/\/www.upo.es\/diario\/wp-content\/uploads\/2016\/03\/libro_podereinternet-320x213.jpg 320w, https:\/\/www.upo.es\/diario\/wp-content\/uploads\/2016\/03\/libro_podereinternet.jpg 600w\" sizes=\"auto, (max-width: 320px) 100vw, 320px\" \/><\/a>Hoy jueves 3 de marzo, a las 21:00 horas en la Librer\u00eda La Fuga, en la C\/ Conde de Torrej\u00f3n 4, Sevilla, se presentar\u00e1 el libro \u201cPoder e Internet. Un an\u00e1lisis cr\u00edtico de la Red\u201d, a cargo de sus autores Rafael Rodr\u00edguez Prieto y Fernando Mart\u00ednez Cabezudo, ambos profesores de la Universidad Pablo de Olavide.<\/p>\n<p>En el \u00a0libro<b> \u201cPoder e Internet. Un an\u00e1lisis cr\u00edtico de la Red\u201d<\/b> \u00a0(Editorial C\u00e1tedra, 2016) los autores parten de la necesidad de establecer un m\u00e9todo de an\u00e1lisis que comprenda Internet m\u00e1s que como un objeto de estudio pol\u00edtico, como un espacio donde suceden y se reproducen diferentes conflictos. Las cuestiones relacionadas con la Red se han convertido en uno de los temas que m\u00e1s crece dentro de las ciencias sociales, sin embargo, y quiz\u00e1s por este estado incipiente, todav\u00eda no existe una teor\u00eda asentada sobre la cuesti\u00f3n del poder en la misma. Si bien existe una gran cantidad de estudios sobre problemas concretos -desde cuestiones relacionadas con la privacidad y las redes sociales, hasta el ciberactivismo, pasando los derechos de autor &#8211; todav\u00eda no existe un marco conceptual para el an\u00e1lisis. Al contemplar el objeto de estudio \u2013la Red- los autores proponen una reelaboraci\u00f3n del concepto de poder para poder situarlo en este espacio virtual y real. Para ello establecen un binomio de t\u00e9rminos: <i>netpower<\/i> y <i>linkdomination<\/i>, desarrollados en un cap\u00edtulo dedicado al mismo. Sin llegar a una disecci\u00f3n profunda de ambos t\u00e9rminos -la proposici\u00f3n de un <i>netpower<\/i> no va en la direcci\u00f3n de una definici\u00f3n de un poder exclusivo de este \u00e1mbito- proponen un poder en red m\u00e1s que un poder de la Red. Esto es as\u00ed porque en el an\u00e1lisis se priman vectores que escapan del mundo de la pantalla, es decir, el concepto que dibujan no est\u00e1 confinado al mundo que se desarrolla en lo online.<\/p>\n<p><b>Rafael Rodr\u00edguez Prieto<\/b> es profesor titular de Filosof\u00eda del Derecho y Pol\u00edtica de la Universidad Pablo de Olavide de Sevilla. Recientemente ha sido Distinguished Visiting Professor, University Technology Sydney (segundo semestre-curso 2015). Investigador Grupo PAI-SEJ 277 \u201cDerechos Humanos. Teor\u00eda General\u201d. Investigador del RCC James B. Conant Research Group at Harvard University. Doctor Europeo (Universidad de Bolonia, Universidad de Utrecht-tesis presentada en la Universidad Pablo de Olavide). M\u00e1ster en Estudios Latinoamericanos, \u201cTeor\u00edas cr\u00edticas del Derecho y la Democracia en Iberoam\u00e9rica\u201d (UNIA). Licenciado en Filosof\u00eda, en Derecho y en Antropolog\u00eda Social y Cultural (Universidad de Sevilla). Realiz\u00f3 su postdoctorado en la Harvard Law School. Especializado en estudios sobre el Holocausto en Yad Vashem, Center for Holocaust Studies, Jerusal\u00e9n, Israel. Ha sido investigador o profesor visitante en la Universidad de Brandeis (EE.UU.), Instituto Antonio Gramsci (Italia), Instituto Paulo Freire (Argentina), London School of Economics and Political Sciencice (GB), Universidad Aut\u00f3noma del Estado de M\u00e9xico (M\u00e9xico) o la John F. Kennedy School of Government (Universidad de Harvard, EEUU). Ha dictado conferencias en centros como el Massachusetts Institute of Technology (MIT, EEUU), la Universidad Aut\u00f3noma de Baja California (M\u00e9xico) o la Universidad Nacional de Rosario (Argentina). Ha sido en los \u00faltimos a\u00f1os investigador principal de un proyecto I+D sobre internet y derechos fundamentales y actualmente colabora en un proyecto de excelencia sobre el cambio digital. Entre sus libros destacan \u201cCiudadanos Soberanos\u201d (Almuzara, 2005), \u201cConstruyendo democracia\u201d (Aconcagua, 2005), \u201cHolocausto y Cr\u00edmenes contra la Humanidad. Claves y recorridos del antisemitismo\u201d (ed. y contrib. con Jos\u00e9 Cruz, Anthropos, 2009) y \u201cCaos Digital y Medios comunes. Transformaciones de la comunicaci\u00f3n social del siglo XXI\u201d (con Alberto Gonz\u00e1lez, Dykinson, 2014) y \u201c\u00a1Videojuegos!: la explosi\u00f3n digital que est\u00e1 cambiando el mundo\u201d (ed. y contrib., H\u00e9roes de Papel, en prensa). Es subdirector del Laboratorio de Ideas y Pr\u00e1cticas Pol\u00edticas de la UPO (LIPPO).<\/p>\n<p><b>Fernando Mart\u00ednez Cabezudo<\/b> es profesor asociado en el \u00c1rea de Filosof\u00eda del Derecho y Pol\u00edtica del Departamento de Derecho P\u00fablico de la Universidad Pablo de Olavide en Sevilla. Miembro investigador del Grupo PAI-SEJ 277 \u201cDerechos Humanos. Teor\u00eda General\u201d. Miembro investigador y coordinador de la l\u00ednea de Investigaci\u00f3n de Revoluci\u00f3n Digital y Audiovisual y Democracia en el Centro de Estudios Oficial de la Universidad Pablo de Olavide Laboratorio de Ideas y Pr\u00e1cticas Pol\u00edticas. Doctor en Pensemineto Pol\u00edtico, Democracia y Ciudadan\u00eda por la Universidad Pablo de Olavide, con estancia pos doctoral en el Centro de Estudos Sociais de la Universidade de Coimbra. Es licenciado en Derecho y Antropolog\u00eda Social y Cultural\u00a0 por la Universidad de Sevilla. Ha dictado conferencias en universidades internacionales como la University of Britsih Columbia de Vancouver, Canad\u00e1, as\u00ed como en universidades nacionales como la Universitat Politecnica de Valencia o la Universidad de Sevilla. Es autor de diferentes publicaciones entre las que destacan la monograf\u00eda \u201cCopyright y Copyleft. Modelos para la Ecolog\u00eda de los Saberes\u201d; o el art\u00edculo \u201cThe Meanig of Interculturality in Public Sochools in Andalusia(Spain): Discourses and Partices\u201d.<\/p>\n","protected":false},"excerpt":{"rendered":"<p>Hoy jueves 3 de marzo, a las 21:00 horas en la Librer\u00eda La Fuga, en la C\/ Conde de Torrej\u00f3n 4, Sevilla, se presentar\u00e1 el libro \u201cPoder e Internet. Un an\u00e1lisis cr\u00edtico de la Red\u201d, a cargo de sus autores Rafael Rodr\u00edguez Prieto y Fernando Mart\u00ednez Cabezudo, ambos profesores de la Universidad Pablo de Olavide. <\/p>\n","protected":false},"author":2,"featured_media":0,"comment_status":"closed","ping_status":"open","sticky":false,"template":"","format":"standard","meta":{"_monsterinsights_skip_tracking":false,"_monsterinsights_sitenote_active":false,"_monsterinsights_sitenote_note":"","_monsterinsights_sitenote_category":0,"footnotes":""},"categories":[6],"tags":[480,333,504,334,877],"class_list":["post-12362447","post","type-post","status-publish","format-standard","hentry","category-institucional","tag-internet","tag-libro","tag-poder","tag-presentacion","tag-red"],"_links":{"self":[{"href":"https:\/\/www.upo.es\/diario\/wp-json\/wp\/v2\/posts\/12362447","targetHints":{"allow":["GET"]}}],"collection":[{"href":"https:\/\/www.upo.es\/diario\/wp-json\/wp\/v2\/posts"}],"about":[{"href":"https:\/\/www.upo.es\/diario\/wp-json\/wp\/v2\/types\/post"}],"author":[{"embeddable":true,"href":"https:\/\/www.upo.es\/diario\/wp-json\/wp\/v2\/users\/2"}],"replies":[{"embeddable":true,"href":"https:\/\/www.upo.es\/diario\/wp-json\/wp\/v2\/comments?post=12362447"}],"version-history":[{"count":3,"href":"https:\/\/www.upo.es\/diario\/wp-json\/wp\/v2\/posts\/12362447\/revisions"}],"predecessor-version":[{"id":12372829,"href":"https:\/\/www.upo.es\/diario\/wp-json\/wp\/v2\/posts\/12362447\/revisions\/12372829"}],"wp:attachment":[{"href":"https:\/\/www.upo.es\/diario\/wp-json\/wp\/v2\/media?parent=12362447"}],"wp:term":[{"taxonomy":"category","embeddable":true,"href":"https:\/\/www.upo.es\/diario\/wp-json\/wp\/v2\/categories?post=12362447"},{"taxonomy":"post_tag","embeddable":true,"href":"https:\/\/www.upo.es\/diario\/wp-json\/wp\/v2\/tags?post=12362447"}],"curies":[{"name":"wp","href":"https:\/\/api.w.org\/{rel}","templated":true}]}}