{"id":12376702,"date":"2016-03-04T05:04:24","date_gmt":"2016-03-04T05:04:24","guid":{"rendered":"https:\/\/www.upo.es\/diario\/?p=12376702"},"modified":"2016-03-04T07:53:34","modified_gmt":"2016-03-04T07:53:34","slug":"una-visita-a-italica-culmina-la-participacion-de-la-upo-en-la-ii-fiesta-de-la-historia","status":"publish","type":"post","link":"https:\/\/www.upo.es\/diario\/institucional\/2016\/03\/una-visita-a-italica-culmina-la-participacion-de-la-upo-en-la-ii-fiesta-de-la-historia\/","title":{"rendered":"Una visita a It\u00e1lica culmina la participaci\u00f3n de la UPO en la II Fiesta de la Historia"},"content":{"rendered":"<div>\n<figure id=\"attachment_12376703\" aria-describedby=\"caption-attachment-12376703\" style=\"width: 600px\" class=\"wp-caption aligncenter\"><a href=\"https:\/\/www.upo.es\/diario\/wp-content\/uploads\/2016\/03\/molinos_guadaira.jpg\"><img loading=\"lazy\" decoding=\"async\" class=\"size-large wp-image-12376703\" alt=\"En la imagen, visita a los molinos del Guada\u00edra celebrada ayer mi\u00e9rcoles.\" src=\"https:\/\/www.upo.es\/diario\/wp-content\/uploads\/2016\/03\/molinos_guadaira-600x450.jpg\" width=\"600\" height=\"450\" srcset=\"https:\/\/www.upo.es\/diario\/wp-content\/uploads\/2016\/03\/molinos_guadaira-600x450.jpg 600w, https:\/\/www.upo.es\/diario\/wp-content\/uploads\/2016\/03\/molinos_guadaira-320x240.jpg 320w, https:\/\/www.upo.es\/diario\/wp-content\/uploads\/2016\/03\/molinos_guadaira.jpg 2048w\" sizes=\"auto, (max-width: 600px) 100vw, 600px\" \/><\/a><figcaption id=\"caption-attachment-12376703\" class=\"wp-caption-text\">En la imagen, visita a los molinos del Guada\u00edra celebrada ayer mi\u00e9rcoles.<\/figcaption><\/figure>\n<p>La Universidad Pablo de Olavide ha organizado para la ma\u00f1ana de hoy viernes 4 de marzo, en el marco de la II edici\u00f3n de la Fiesta de la Historia que coordina la Asociaci\u00f3n \u2018Historia y Ciudadan\u00eda\u2019, una visita al conjunto patrimonial de Santiponce <a href=\"https:\/\/fiestadelahistoria.wordpress.com\/italica-cuna-de-emprendedores-2\/\">\u2018It\u00e1lica, ciudad Adrianea\u2019<\/a>, que guiar\u00e1n los profesores del \u00c1rea de Historia Antigua Juan Manuel Cort\u00e9s Copete y Elena Mu\u00f1iz Grijalvo y que se desarrollar\u00e1 entre las 11,00 y las 13,00 horas. Los profesores responsables dar\u00e1n una explicaci\u00f3n introductoria para contextualizar a la ciudad de It\u00e1lica en \u00e9poca republicana y detallar\u00e1n las sucesivas fases de construcci\u00f3n de la ciudad, haciendo especial hincapi\u00e9 en el gobierno del emperador Adriano. Durante la visita tambi\u00e9n se analizar\u00e1n los distintos elementos propios de la urban\u00edstica y la arquitectura romana como la arquitectura dom\u00e9stica y de espect\u00e1culos, la red viaria, o el templo de culto imperial.<\/p>\n<p>Por otra parte, la historiadora e investigadora de la Universidad Pablo de Olavide Cristina Bravo ha organizado para este tarde el itinerario <a href=\"https:\/\/fiestadelahistoria.wordpress.com\/la-corte-llega-a-sevilla-recreacion-de-la-entrada-de-felipe-v-en-1729\/\">\u2018\u2018La corte llega a Sevilla: Recreaci\u00f3n de la entrada de Felipe V en 1729\u2019<\/a>. Durante \u00e9ste, que dar\u00e1 comienzo a las 17,30 horas desde la Torre del Oro, los participantes vivir\u00e1n por unas horas c\u00f3mo fue ese pasado de esplendor acaecido en la Sevilla del siglo XVIII, con la entrada del cortejo del rey Felipe V en la capital, y del que han quedado evidencias en plazas, calles o monumentos.<\/p>\n<p>El broche de oro a la participaci\u00f3n de la UPO en esta II Fiesta de la Historia lo pondr\u00e1 el estreno de la comedia cl\u00e1sica <a href=\"https:\/\/fiestadelahistoria.wordpress.com\/la-maroma-rudens-de-plauto\/\">\u2018La Maroma (Rudens)\u2019, de Plauto<\/a>, a cargo del grupo de teatro <i>Furor Bacchicus, <\/i>que dirigen las profesoras del \u00c1rea de Filolog\u00eda Latina y Lengua Espa\u00f1ola de la Universidad Pablo de Olavide Rosario Moreno Soldevila y Mercedes de la Torre.<\/p>\n<p>Como han destacado las profesoras responsables, \u2018La Maroma (Rudens)\u2019 &#8211; una de las obras menos representadas de Plauto &#8211; re\u00fane todos los elementos, situaciones y personajes caracter\u00edsticos de la comedia <i>palliata. <\/i>Durante su puesta en escena, los asistentes podr\u00e1n disfrutar de un reparto coral en el que se vivir\u00e1n todo tipo de situaciones hilarantes y en el que habr\u00e1 malos entendidos, enredos, un naufragio, romanticismo y ambientes prostibularios. Tambi\u00e9n se incluyen varias escenas musicales \u2013algo\u00a0 muy caracter\u00edstico del teatro en la Antig\u00fcedad \u2013 y que, como han resaltado las directoras de la obra,\u00a0 permitir\u00e1n un mayor dinamismo y versatilidad a la obra.<\/p>\n<p>Esta obra de teatro supone el sexto montaje que realiza la compa\u00f1\u00eda Furor Bacchicus. Naci\u00f3 en el a\u00f1o 2012 en el seno de la Facultad de Humanidades de la UPO pero actualmente alberga a un heterog\u00e9neo grupo de estudiantes de diferentes disciplinas y que se encuentra en continuo proceso de renovaci\u00f3n y crecimiento.\u00a0 La obra tendr\u00e1 lugar a las 18,00 horas en el Paraninfo de la Universidad Pablo de Olavide y para asistir deber\u00e1n reservar plaza en el siguiente enlace: <a href=\"https:\/\/docs.google.com\/forms\/d\/1ZNscPE5BRwRYyxW_VlSb7II400GFWmLg0cOo398Hgh8\/viewform\">www.fiestadelahistoria.com<\/a><\/p>\n<p>La Fiesta de la Historia, que toma como modelo a la Fiesta de la Historia de Bolonia (Italia) con 12 ediciones ya celebradas,\u00a0 se plantea como una experiencia de innovaci\u00f3n educativa que tiene como objetivo acercar la historia a la ciudadan\u00eda de forma amena e interactiva. Las actividades enmarcadas en este evento se prolongar\u00e1n hasta el pr\u00f3ximo domingo 6 de marzo.<\/p>\n<p><a href=\"https:\/\/fiestadelahistoria.wordpress.com\/\">Programa completo<\/a>\u00a0con todas las actividades\u00a0propuestas por las diferentes entidades que han colaborado para la II Edici\u00f3n de la Fiesta de la Historia de Sevilla.<\/p>\n<\/div>\n","protected":false},"excerpt":{"rendered":"<p>La Universidad Pablo de Olavide ha organizado para la ma\u00f1ana de hoy viernes 4 de marzo, en el marco de la II edici\u00f3n de la Fiesta de la Historia que coordina la Asociaci\u00f3n \u2018Historia y Ciudadan\u00eda\u2019, una visita al conjunto patrimonial de Santiponce \u2018It\u00e1lica, ciudad Adrianea\u2019, que guiar\u00e1n los profesores del \u00c1rea de Historia Antigua Juan Manuel Cort\u00e9s Copete y Elena Mu\u00f1iz Grijalvo y que se desarrollar\u00e1 entre las 11,00 y las 13,00 horas<\/p>\n","protected":false},"author":2,"featured_media":0,"comment_status":"closed","ping_status":"open","sticky":false,"template":"","format":"standard","meta":{"_monsterinsights_skip_tracking":false,"_monsterinsights_sitenote_active":false,"_monsterinsights_sitenote_note":"","_monsterinsights_sitenote_category":0,"footnotes":""},"categories":[6],"tags":[544,3205,150,3204,549,3214],"class_list":["post-12376702","post","type-post","status-publish","format-standard","hentry","category-institucional","tag-conferencias","tag-espectaculos","tag-historia","tag-itinerarios","tag-talleres","tag-visitas"],"_links":{"self":[{"href":"https:\/\/www.upo.es\/diario\/wp-json\/wp\/v2\/posts\/12376702","targetHints":{"allow":["GET"]}}],"collection":[{"href":"https:\/\/www.upo.es\/diario\/wp-json\/wp\/v2\/posts"}],"about":[{"href":"https:\/\/www.upo.es\/diario\/wp-json\/wp\/v2\/types\/post"}],"author":[{"embeddable":true,"href":"https:\/\/www.upo.es\/diario\/wp-json\/wp\/v2\/users\/2"}],"replies":[{"embeddable":true,"href":"https:\/\/www.upo.es\/diario\/wp-json\/wp\/v2\/comments?post=12376702"}],"version-history":[{"count":3,"href":"https:\/\/www.upo.es\/diario\/wp-json\/wp\/v2\/posts\/12376702\/revisions"}],"predecessor-version":[{"id":12388265,"href":"https:\/\/www.upo.es\/diario\/wp-json\/wp\/v2\/posts\/12376702\/revisions\/12388265"}],"wp:attachment":[{"href":"https:\/\/www.upo.es\/diario\/wp-json\/wp\/v2\/media?parent=12376702"}],"wp:term":[{"taxonomy":"category","embeddable":true,"href":"https:\/\/www.upo.es\/diario\/wp-json\/wp\/v2\/categories?post=12376702"},{"taxonomy":"post_tag","embeddable":true,"href":"https:\/\/www.upo.es\/diario\/wp-json\/wp\/v2\/tags?post=12376702"}],"curies":[{"name":"wp","href":"https:\/\/api.w.org\/{rel}","templated":true}]}}