{"id":12433875,"date":"2016-03-08T05:30:50","date_gmt":"2016-03-08T05:30:50","guid":{"rendered":"https:\/\/www.upo.es\/diario\/?p=12433875"},"modified":"2016-03-08T13:38:02","modified_gmt":"2016-03-08T13:38:02","slug":"la-upo-se-suma-a-la-celebracion-del-dia-internacional-de-las-mujeres-con-numerosas-actividades","status":"publish","type":"post","link":"https:\/\/www.upo.es\/diario\/institucional\/2016\/03\/la-upo-se-suma-a-la-celebracion-del-dia-internacional-de-las-mujeres-con-numerosas-actividades\/","title":{"rendered":"La UPO se suma a la celebraci\u00f3n del D\u00eda Internacional de las Mujeres con numerosas actividades"},"content":{"rendered":"<figure id=\"attachment_12348795\" aria-describedby=\"caption-attachment-12348795\" style=\"width: 320px\" class=\"wp-caption alignright\"><img loading=\"lazy\" decoding=\"async\" class=\"size-medium wp-image-12348795 \" alt=\"8 de marzo, D\u00eda Internacional de la Mujer\" src=\"https:\/\/www.upo.es\/diario\/wp-content\/uploads\/2016\/03\/dia_mujer-320x225.jpg\" width=\"320\" height=\"225\" srcset=\"https:\/\/www.upo.es\/diario\/wp-content\/uploads\/2016\/03\/dia_mujer-320x225.jpg 320w, https:\/\/www.upo.es\/diario\/wp-content\/uploads\/2016\/03\/dia_mujer.jpg 567w\" sizes=\"auto, (max-width: 320px) 100vw, 320px\" \/><figcaption id=\"caption-attachment-12348795\" class=\"wp-caption-text\">8 de marzo: \u00abD\u00eda Internacional de las Mujeres\u00bb<\/figcaption><\/figure>\n<p style=\"text-align: justify;\">Hoy martes en la UPO se celebra el D\u00eda Internacional de las Mujeres con diversas actividades puestas en marcha desde la Oficina para la Igualdad del Vicerrectorado de Estudiantes, Cultura y Compromiso Social de la Universidad Pablo de Olavide, con la <b>Campa\u00f1a 8 de marzo \u201cD\u00eda Internacional de las Mujeres\u201d<\/b>, con el fin de promover actuaciones que permitan la sensibilizaci\u00f3n y formaci\u00f3n de la comunidad universitaria y la sociedad en materia de genero e igualdad, dando cumplimiento al objetivo 1 del I Plan de Igualdad de la UPO, 2013-2015.<\/p>\n<p style=\"text-align: justify;\">Estas actividades que se celebrar\u00e1n en el marco de la campa\u00f1a del D\u00eda Internacional de las Mujeres est\u00e1n promovidas por la Oficina para la Igualdad de la UPO, por la Facultad de Ciencias Sociales, la Facultad de Humanidades, la Residencia Universitaria Flora Trist\u00e1n, el proyecto GENDERCIT, el Aula Abierta de Mayores de la UPO, el Ayuntamiento de Tomares y el CEUPO.<\/p>\n<p style=\"text-align: justify;\">La primera de las actividades que tendr\u00e1 lugar es la Presentaci\u00f3n del Proyecto de Innovaci\u00f3n Docente <b>\u201cMujeres y Ciencia\u201d<\/b> de 12.00 horas hasta las 14.00 horas en el aula de inform\u00e1tica 101 del edificio 24, en el marco de la formaci\u00f3n de traductores y traductoras y desarrollo de contenido multiling\u00fce en Wikipedia, con el objetivo de dar visibilidad a las mujeres que destacan por sus m\u00e9ritos en el \u00e1mbito de las ciencias, las letras o la creaci\u00f3n. En esta actividad, organizada por la Facultad de Humanidades, participan los estudiantes de primero del doble grado de Humanidades y Traducci\u00f3n e Interpretaci\u00f3n de la UPO.<\/p>\n<p style=\"text-align: justify;\">Tambi\u00e9n tendr\u00e1 lugar hoy martes en la Casa de la Provincia, a las 12 horas, la presentaci\u00f3n del informe <b>\u201cEl impacto de la crisis y la austeridad en las mujeres y la igualdad en Andaluc\u00eda desde el contexto post-crisis\u201d<\/b> organizado por <a href=\"http:\/\/genderobservatory.com\/\">el\u00a0 Observatorio de G\u00e9nero sobre Econom\u00eda, Pol\u00edtica y Desarrollo<\/a>. En esta presentaci\u00f3n participar\u00e1n Cristina Garc\u00eda Carrera, secretaria general de la Asociaci\u00f3n de Mujeres Periodistas de Sevilla, Lola Sanju\u00e1n Jurado, empresario y l\u00edder cooperativista, Teresa Garc\u00eda, representante sindical, y Lina G\u00e1lvez y Paula Rodr\u00edguez, profesoras de la UPO y coordinadoras del informe.<\/p>\n<p style=\"text-align: justify;\">De otro lado, desde las 12.00 horas hasta las 20.00 horas en el Pasillo de la Ilustraci\u00f3n de la UPO, se desarrollar\u00e1 el taller participativo <b>\u201cMujeres: construyendo igualdad\u201d<\/b>, organizado por el CEUPO y la Oficina para la igualdad. En este taller se podr\u00e1 escribir en un folio o cartulina los mensajes que los participantes deseen, para as\u00ed construir un camino con frases, dibujos o lemas, que visibilice el papel de las mujeres en las ciencias, la historia y las artes y pegarlos en el suelo del pasaje de la Ilustraci\u00f3n de la universidad.<\/p>\n<p style=\"text-align: justify;\">Este mismo d\u00eda, se inaugurar\u00e1 la exposici\u00f3n digital <b>\u201cMujeres y Ciencia: Catedr\u00e1ticas en la UPO\u201d <\/b>organizado por la Oficina para la Igualdad, que se proyectar\u00e1 del 8 al 9 de marzo de 12.00 a 14.00 horas en las pantallas de la Sala de Entrada a la Unidad de Cultura y Participaci\u00f3n Social en el edificio 18 de la UPO.<\/p>\n<p style=\"text-align: justify;\">Completa la jornada del 8 de marzo, la radio- marat\u00f3n <b>\u201cMujeres en el Pol\u00edgono Sur\u201d<\/b> con un programa en directo, <b>\u201cMural de Sue\u00f1os\u201d<\/b> de las mujeres de los talleres de la Asociaci\u00f3n Entre Amigos, visionado del reportaje del Radio Marat\u00f3n <b>\u201cDistintas voces, un mismo sue\u00f1o\u201d<\/b> y la actuaci\u00f3n musical de Caye Cayetana, todo ello organizado por la Residencia Universitaria Flora Trist\u00e1n. Se celebrar\u00e1 en la residencia universitaria a partir de las 11:00 horas.<\/p>\n<p style=\"text-align: justify;\">Las actividades para conmemorar el D\u00eda de las Mujeres proseguir\u00e1n el mi\u00e9rcoles 9 de marzo. As\u00ed, de 12:00 a 13:00 horas en el aula 5 del edificio 14 de la UPO, se celebrar\u00e1 \u00a0la conferencia <b>\u201cLas voces de la violencia de g\u00e9nero\u201d<\/b> que impartir\u00e1 Carmen Ruiz Repullo, doctora en sociolog\u00eda. Esta actividad cuenta con la colaboraci\u00f3n de la Facultad de Ciencias Sociales, en el marco de la asignatura de Trabajo Social Comunitario del Departamento de Trabajo Social y Servicios Sociales.<\/p>\n<p style=\"text-align: justify;\">\u00a0A las 21:30 horas, en el sal\u00f3n de actos de la Residencia Universitaria Flora Trist\u00e1n, se proyectar\u00e1 el video f\u00f3rum <b>\u201cLas horas\u201d<\/b> de Stephen Daldry. Y a partir de las 17:30 horas habr\u00e1 una emisi\u00f3n en abierto desde la emisora de radio Don Bosco con el programa de radio <b>\u201cEl d\u00eda a d\u00eda muchas mujeres: experiencias compartidas\u201d<\/b>, organizado por alumnos de la Facultad de Ciencias Sociales.<\/p>\n<p style=\"text-align: justify;\">Tambi\u00e9n el d\u00eda 9 de marzo hay una actividad organizada en el marco del Seminario Permanente\u00a0 por el Observatorio de G\u00e9nero sobre Econom\u00eda, Pol\u00edtica y Desarrollo, en coordinaci\u00f3n con el grupo de investigaci\u00f3n EcoEcoFem de la UPO y la ONG Paz con Dignidad Andaluc\u00eda, la conferencia <b>\u201cSostenibilidad de la vida y empresas trasnacionales en El Salvador: un an\u00e1lisis desde la econom\u00eda feminista\u201d<\/b>,que tendr\u00e1 lugar a las 12.00 horas en la sala de grados de la\u00a0 biblioteca de la UPO.<\/p>\n<p><a href=\"https:\/\/www.upo.es\/upsc\/igualdad\/Campana_Dia_Internacional_de_las_Mujeres\/index.jsp\">PROGRAMA D\u00cdA INTERNACIONAL DE LAS MUJERES 2016<\/a><\/p>\n<p>&nbsp;<\/p>\n<p>&nbsp;<\/p>\n<p style=\"text-align: justify;\">\n","protected":false},"excerpt":{"rendered":"<p>Hoy martes en la UPO se celebra el D\u00eda Internacional de las Mujeres con diversas actividades puestas en marcha desde la Oficina para la Igualdad del Vicerrectorado de Estudiantes, Cultura y Compromiso Social de la Universidad Pablo de Olavide, con la Campa\u00f1a 8 de marzo \u201cD\u00eda Internacional de las Mujeres\u201d, con el fin de promover actuaciones que permitan la sensibilizaci\u00f3n y formaci\u00f3n de la comunidad universitaria y la sociedad en materia de genero e igualdad, dando cumplimiento al objetivo 1 del I Plan de Igualdad de la UPO, 2013-2015. <\/p>\n","protected":false},"author":4,"featured_media":0,"comment_status":"closed","ping_status":"open","sticky":false,"template":"","format":"standard","meta":{"_monsterinsights_skip_tracking":false,"_monsterinsights_sitenote_active":false,"_monsterinsights_sitenote_note":"","_monsterinsights_sitenote_category":0,"footnotes":""},"categories":[6],"tags":[52,1344,100,1200,487,96,2407,1053,2209,1064],"class_list":["post-12433875","post","type-post","status-publish","format-standard","hentry","category-institucional","tag-aula-abierta-de-mayores","tag-ayuntamiento-de-tomares","tag-ceupo","tag-dia-internacional-de-las-mujeres","tag-facultad-ciencias-sociales","tag-facultad-de-humanidades","tag-gendercit","tag-mujeres","tag-oficina-para-la-igualdad","tag-residencia-flora-tristan"],"_links":{"self":[{"href":"https:\/\/www.upo.es\/diario\/wp-json\/wp\/v2\/posts\/12433875","targetHints":{"allow":["GET"]}}],"collection":[{"href":"https:\/\/www.upo.es\/diario\/wp-json\/wp\/v2\/posts"}],"about":[{"href":"https:\/\/www.upo.es\/diario\/wp-json\/wp\/v2\/types\/post"}],"author":[{"embeddable":true,"href":"https:\/\/www.upo.es\/diario\/wp-json\/wp\/v2\/users\/4"}],"replies":[{"embeddable":true,"href":"https:\/\/www.upo.es\/diario\/wp-json\/wp\/v2\/comments?post=12433875"}],"version-history":[{"count":7,"href":"https:\/\/www.upo.es\/diario\/wp-json\/wp\/v2\/posts\/12433875\/revisions"}],"predecessor-version":[{"id":12447324,"href":"https:\/\/www.upo.es\/diario\/wp-json\/wp\/v2\/posts\/12433875\/revisions\/12447324"}],"wp:attachment":[{"href":"https:\/\/www.upo.es\/diario\/wp-json\/wp\/v2\/media?parent=12433875"}],"wp:term":[{"taxonomy":"category","embeddable":true,"href":"https:\/\/www.upo.es\/diario\/wp-json\/wp\/v2\/categories?post=12433875"},{"taxonomy":"post_tag","embeddable":true,"href":"https:\/\/www.upo.es\/diario\/wp-json\/wp\/v2\/tags?post=12433875"}],"curies":[{"name":"wp","href":"https:\/\/api.w.org\/{rel}","templated":true}]}}