{"id":12460210,"date":"2016-03-11T05:03:11","date_gmt":"2016-03-11T05:03:11","guid":{"rendered":"https:\/\/www.upo.es\/diario\/?p=12460210"},"modified":"2016-03-11T08:02:03","modified_gmt":"2016-03-11T08:02:03","slug":"manana-jueves-comienzan-en-la-upo-las-jornadas-doctorales-sobre-codigos-y-constitucion","status":"publish","type":"post","link":"https:\/\/www.upo.es\/diario\/institucional\/2016\/03\/manana-jueves-comienzan-en-la-upo-las-jornadas-doctorales-sobre-codigos-y-constitucion\/","title":{"rendered":"Comienzan en la UPO las Jornadas Doctorales sobre C\u00f3digos y  Constituci\u00f3n"},"content":{"rendered":"<figure id=\"attachment_12474405\" aria-describedby=\"caption-attachment-12474405\" style=\"width: 600px\" class=\"wp-caption aligncenter\"><a href=\"https:\/\/www.upo.es\/diario\/wp-content\/uploads\/2016\/03\/IMG_12JORNADAS.jpg\"><img loading=\"lazy\" decoding=\"async\" class=\"size-large wp-image-12474405\" alt=\"De izq. a dcha: Francisco Oliva, M\u00aa Paz Garc\u00eda, Agust\u00edn Madrid, Rafael Lacasa y Francisco Infante\" src=\"https:\/\/www.upo.es\/diario\/wp-content\/uploads\/2016\/03\/IMG_12JORNADAS-600x411.jpg\" width=\"600\" height=\"411\" srcset=\"https:\/\/www.upo.es\/diario\/wp-content\/uploads\/2016\/03\/IMG_12JORNADAS-600x411.jpg 600w, https:\/\/www.upo.es\/diario\/wp-content\/uploads\/2016\/03\/IMG_12JORNADAS-320x219.jpg 320w\" sizes=\"auto, (max-width: 600px) 100vw, 600px\" \/><\/a><figcaption id=\"caption-attachment-12474405\" class=\"wp-caption-text\">De izq. a dcha: Francisco Oliva, M\u00aa Paz Garc\u00eda, Agust\u00edn Madrid, Rafael Lacasa y Francisco Infante<\/figcaption><\/figure>\n<p style=\"text-align: justify;\">Ayer jueves, 10 de marzo, a las 11 horas en el sal\u00f3n de grados de la Biblioteca de la Universidad Pablo de Olavide, \u00a0comenzaron las \u201cJornadas Doctorales sobre C\u00f3digos y Constituci\u00f3n: La recodificaci\u00f3n del Derecho Privado ante el reto de la reforma constitucional\u201d que se insertan en el marco de actividades formativas del Doctorado en Ciencias Jur\u00eddicas y Pol\u00edticas de la UPO. Las jornadas continuar\u00e1n el pr\u00f3ximo martes 15 de marzo, a las 16.30 horas, con una segunda sesi\u00f3n de conferencias. La entrada es libre hasta completar aforo.<\/p>\n<p style=\"text-align: justify;\">El catedr\u00e1tico de Derecho Mercantil y director del m\u00e1ster en Nuevas Tecnolog\u00edas de la UPO, Agust\u00edn Madrid; el profesor de Derecho Civil de la UPO, Francisco Oliva, y el profesor de Derecho Civil y director del programa de doctorado en Ciencias Jur\u00eddicas y Pol\u00edticas de la UPO, Francisco Infante, presentaron ayer jueves las jornadas. A lo largo de la sesi\u00f3n, se cont\u00f3 con la intervenci\u00f3n de Mar\u00eda Paz Garc\u00eda Rubio, catedr\u00e1tica de Derecho Civil de la Universidad de Santiago de Compostela\u00a0 que abord\u00f3 la recodificaci\u00f3n del Derecho Privado, y con Rafael la Casa Garc\u00eda, catedr\u00e1tico de Derecho Mercantil de la Universidad de Sevilla, que habl\u00f3 sobre el anteproyecto de un nuevo C\u00f3digo Mercantil. La sesi\u00f3n finaliz\u00f3 con un debate.<\/p>\n<p style=\"text-align: justify;\">El martes 15 de marzo continuar\u00e1n las Jornadas por la tarde con la conferencia de Agust\u00edn Ru\u00edz Robledo, catedr\u00e1tico de Derecho Constitucional de la Universidad de Granada, que abordar\u00e1 los retos de la Constituci\u00f3n espa\u00f1ola en nuestros d\u00edas. La sesi\u00f3n finalizar\u00e1 con un debate.<\/p>\n<p style=\"text-align: justify;\">Las jornadas est\u00e1n organizadas por la Escuela de Doctorados de la Universidad Pablo de Olavide con la colaboraci\u00f3n de las \u00c1reas de Derecho Mercantil y de Derecho Civil de la UPO.<\/p>\n<p style=\"text-align: justify;\">El <a href=\"https:\/\/www.upo.es\/postgrado\/Doctorado-Ciencias-Juridicas-y-Politicas?opcion=\">doctorado en Ciencias Jur\u00eddicas y Pol\u00edticas de la UPO<\/a>, dirigido por el profesor de Derecho Civil, Francisco Infante, abarca dos grandes sectores de las ciencias sociales, Derecho y Ciencias Pol\u00edticas. En cada de uno de ellos se incluyen l\u00edneas de investigaci\u00f3n muy avanzadas y que responden a un alto grado de excelencia de los grupos de investigaci\u00f3n presentes. Los doctores de investigaci\u00f3n son investigadores de reconocido prestigio y con una amplia experiencia cient\u00edfica. El programa, se enmarca dentro de una experiencia muy consolidada de la Universidad Pablo de Olavide en doctorados jur\u00eddicos y de ciencia pol\u00edtica, de relevancia internacional y prestigio cient\u00edfico, algunos de los cuales han obtenido la menci\u00f3n de excelencia.<\/p>\n<p style=\"text-align: justify;\"><a href=\"https:\/\/www.upo.es\/diario\/wp-content\/uploads\/2016\/03\/Info@Jornadas-Inaugurales-2016-2.pdf\">Programa Jornadas Doctorales<\/a><\/p>\n","protected":false},"excerpt":{"rendered":"<p>Ayer  jueves, 10 de marzo, a las 11 horas en el sal\u00f3n de grados de la Biblioteca de la Universidad Pablo de Olavide, comenzaron las \u201cJornadas Doctorales sobre C\u00f3digos y Constituci\u00f3n: La recodificaci\u00f3n del Derecho Privado ante el reto de la reforma constitucional\u201d que se insertan en el marco de actividades formativas del Doctorado en Ciencias Jur\u00eddicas y Pol\u00edticas de la UPO, y que continuar\u00e1n el pr\u00f3ximo martes, 15.<\/p>\n","protected":false},"author":4,"featured_media":0,"comment_status":"closed","ping_status":"open","sticky":false,"template":"","format":"standard","meta":{"_monsterinsights_skip_tracking":false,"_monsterinsights_sitenote_active":false,"_monsterinsights_sitenote_note":"","_monsterinsights_sitenote_category":0,"footnotes":""},"categories":[6],"tags":[714,2551,1160,84,3236],"class_list":["post-12460210","post","type-post","status-publish","format-standard","hentry","category-institucional","tag-derecho-privado","tag-doctorado-ciencias-juridicas-y-politicas","tag-escuela-de-doctorado","tag-jornadas","tag-reforma-constitucional"],"_links":{"self":[{"href":"https:\/\/www.upo.es\/diario\/wp-json\/wp\/v2\/posts\/12460210","targetHints":{"allow":["GET"]}}],"collection":[{"href":"https:\/\/www.upo.es\/diario\/wp-json\/wp\/v2\/posts"}],"about":[{"href":"https:\/\/www.upo.es\/diario\/wp-json\/wp\/v2\/types\/post"}],"author":[{"embeddable":true,"href":"https:\/\/www.upo.es\/diario\/wp-json\/wp\/v2\/users\/4"}],"replies":[{"embeddable":true,"href":"https:\/\/www.upo.es\/diario\/wp-json\/wp\/v2\/comments?post=12460210"}],"version-history":[{"count":7,"href":"https:\/\/www.upo.es\/diario\/wp-json\/wp\/v2\/posts\/12460210\/revisions"}],"predecessor-version":[{"id":12486893,"href":"https:\/\/www.upo.es\/diario\/wp-json\/wp\/v2\/posts\/12460210\/revisions\/12486893"}],"wp:attachment":[{"href":"https:\/\/www.upo.es\/diario\/wp-json\/wp\/v2\/media?parent=12460210"}],"wp:term":[{"taxonomy":"category","embeddable":true,"href":"https:\/\/www.upo.es\/diario\/wp-json\/wp\/v2\/categories?post=12460210"},{"taxonomy":"post_tag","embeddable":true,"href":"https:\/\/www.upo.es\/diario\/wp-json\/wp\/v2\/tags?post=12460210"}],"curies":[{"name":"wp","href":"https:\/\/api.w.org\/{rel}","templated":true}]}}