{"id":12461363,"date":"2016-03-09T05:04:01","date_gmt":"2016-03-09T05:04:01","guid":{"rendered":"https:\/\/www.upo.es\/diario\/?p=12461363"},"modified":"2016-03-10T13:32:52","modified_gmt":"2016-03-10T13:32:52","slug":"conferencia-de-la-catedratica-julia-evelyn-martinez-con-motivo-del-dia-internacional-de-las-mujeres","status":"publish","type":"post","link":"https:\/\/www.upo.es\/diario\/institucional\/2016\/03\/conferencia-de-la-catedratica-julia-evelyn-martinez-con-motivo-del-dia-internacional-de-las-mujeres\/","title":{"rendered":"Conferencia de la catedr\u00e1tica Julia Evelyn Mart\u00ednez  con motivo del D\u00eda Internacional de las Mujeres"},"content":{"rendered":"<figure id=\"attachment_12461364\" aria-describedby=\"caption-attachment-12461364\" style=\"width: 600px\" class=\"wp-caption aligncenter\"><a href=\"https:\/\/www.upo.es\/diario\/wp-content\/uploads\/2016\/03\/JuliaEvelyn.jpg\"><img loading=\"lazy\" decoding=\"async\" class=\"size-large wp-image-12461364\" alt=\"Julia Evelyn Mart\u00ednez, catedr\u00e1tica e investigadora de la Universidad Centroamericana \u201cJos\u00e9 Sime\u00f3n Ca\u00f1as\u201d.\" src=\"https:\/\/www.upo.es\/diario\/wp-content\/uploads\/2016\/03\/JuliaEvelyn-600x399.jpg\" width=\"600\" height=\"399\" srcset=\"https:\/\/www.upo.es\/diario\/wp-content\/uploads\/2016\/03\/JuliaEvelyn-600x399.jpg 600w, https:\/\/www.upo.es\/diario\/wp-content\/uploads\/2016\/03\/JuliaEvelyn-320x213.jpg 320w, https:\/\/www.upo.es\/diario\/wp-content\/uploads\/2016\/03\/JuliaEvelyn.jpg 2000w\" sizes=\"auto, (max-width: 600px) 100vw, 600px\" \/><\/a><figcaption id=\"caption-attachment-12461364\" class=\"wp-caption-text\">Julia Evelyn Mart\u00ednez, catedr\u00e1tica e investigadora de la Universidad Centroamericana \u201cJos\u00e9 Sime\u00f3n Ca\u00f1as\u201d.<\/figcaption><\/figure>\n<p style=\"text-align: justify;\">Hoy mi\u00e9rcoles se ha celebrado en la Universidad Pablo de Olavide la conferencia <b>\u201cSostenibilidad de la vida y empresas transnacionales en El Salvador: un an\u00e1lisis desde la econom\u00eda feminista\u201d <\/b>a cargo de Julia Evelyn Mart\u00ednez, catedr\u00e1tica e investigadora de la Universidad Centroamericana \u201cJos\u00e9 Sime\u00f3n Ca\u00f1as\u201d (UCA) de El Salvador, y ex directora del Instituto Salvadore\u00f1o para el Desarrollo de la Mujer (ISDEMU). Esta conferencia se enmarca en el Seminario Permanente del Observatorio GEP&amp;DO, en coordinaci\u00f3n con el grupo de investigaci\u00f3n EcoEcoFem de la UPO y la ONG Paz con Dignidad Andaluc\u00eda.<\/p>\n<p style=\"text-align: justify;\">El objetivo de esta ponencia es evidenciar la contradicci\u00f3n existente entre los objetivos del desarrollo sostenible y la actuaci\u00f3n de las empresas transnacionales en El Salvador, a partir de varios casos, entre los cuales se ha destacado el caso de la transnacional SabMiller (due\u00f1a de la marca Coca Cola) que est\u00e1 afectando el acceso al agua de las comunidades de El Salvador y el caso de las transnacionalizaci\u00f3n de las cadenas agroalimentarias en el pa\u00eds.<\/p>\n<p style=\"text-align: justify;\">La celebraci\u00f3n de esta conferencia forma parte del <b>programa 8 de Marzo D\u00eda Internacional de las Mujeres<\/b> que se ha organizado durante este mes de marzo con diversas actividades puestas en marcha desde la Oficina para la Igualdad del Vicerrectorado de Estudiantes, Cultura y Compromiso Social de la Universidad Pablo de Olavide, con el fin de promover actuaciones que permitan la sensibilizaci\u00f3n y formaci\u00f3n de la comunidad universitaria y la sociedad en materia de genero e igualdad.<\/p>\n<p style=\"text-align: justify;\">Las actividades para conmemorar el D\u00eda de las Mujeres prosiguen hoy mi\u00e9rcoles 9 de marzo. As\u00ed, de 12.00 a 13.00 horas en el aula 5 del edificio 14 de la UPO, se ha celebrado \u00a0la conferencia <b>\u201cLas voces de la violencia de g\u00e9nero\u201d<\/b> que ha impartido Carmen Ruiz Repullo, doctora en Sociolog\u00eda. Esta actividad cuenta con la colaboraci\u00f3n de la Facultad de Ciencias Sociales, en el marco de la asignatura de Trabajo Social Comunitario del Departamento de Trabajo Social y Servicios Sociales.<\/p>\n<p style=\"text-align: justify;\">Esta tarde, a las 17.30 horas, habr\u00e1 una emisi\u00f3n en abierto desde la radio Don Bosco con el programa <b>\u201cEl d\u00eda a d\u00eda muchas mujeres: experiencias compartidas\u201d<\/b>, organizado por alumnos de la Facultad de Ciencias Sociales de la UPO. A las 21.30 horas, en el sal\u00f3n de actos de la Residencia Universitaria Flora Trist\u00e1n, se proyectar\u00e1 el video f\u00f3rum <b>\u201cLas horas\u201d<\/b> de Stephen Daldry.<\/p>\n<p style=\"text-align: justify;\">Ma\u00f1ana jueves 10 de marzo, a las 20.00 horas en el sal\u00f3n de actos de la Residencia Universitaria Flora Trist\u00e1n tendr\u00e1 lugar la charla-debate <b>\u201cLa reproducci\u00f3n de los roles de g\u00e9nero en las sexualidades\u201d<\/b>, impartida por la profesora Assumpta Sabuco, de la Universidad de Sevilla.<\/p>\n<p style=\"text-align: justify;\">La campa\u00f1a por el D\u00eda Internacional de las Mujeres finaliza el viernes 11 de marzo, con la conferencia <b>\u201cMujeres, trabajo social y derechos humanos\u201d<\/b> impartida por Lorena Carrera, trabajadora social y presidenta de la Asociaci\u00f3n AMIGA por los derechos humanos de las mujeres, de 12.00 a 13.00 horas en el aula 5 del edificio 13 de la UPO.<\/p>\n<p style=\"text-align: justify;\">Estas actividades est\u00e1n promovidas por la Oficina para la Igualdad de la UPO, por la Facultad de Concias Sociales, la Facultad de Humanidades, la Residencia Universitaria Flora Trist\u00e1n, el proyecto GENDERCIT, el Aula Abierta de Mayores de la UPO, el Ayuntamiento de Tomares y el CEUPO.<\/p>\n<p style=\"text-align: justify;\"><a href=\"https:\/\/www.upo.es\/upsc\/igualdad\/Campana_Dia_Internacional_de_las_Mujeres\/index.jsp\">PROGRAMA 8 DE MARZO D\u00cdA INTERNACIONAL DE LAS MUJERES<\/a><\/p>\n","protected":false},"excerpt":{"rendered":"<p>Hoy mi\u00e9rcoles se ha celebrado en la Universidad Pablo de Olavide la conferencia \u201cSostenibilidad de la vida y empresas transnacionales en El Salvador: un an\u00e1lisis desde la econom\u00eda feminista\u201d a cargo de Julia Evelyn Mart\u00ednez, catedr\u00e1tica e investigadora de la Universidad Centroamericana \u201cJos\u00e9 Sime\u00f3n Ca\u00f1as\u201d (UCA) de El Salvador. Esta conferencia se enmarca en el Seminario Permanente del Observatorio GEP&#038;DO, en coordinaci\u00f3n con el grupo de investigaci\u00f3n EcoEcoFem de la UPO y la ONG Paz con Dignidad Andaluc\u00eda. <\/p>\n","protected":false},"author":4,"featured_media":0,"comment_status":"closed","ping_status":"open","sticky":false,"template":"","format":"standard","meta":{"_monsterinsights_skip_tracking":false,"_monsterinsights_sitenote_active":false,"_monsterinsights_sitenote_note":"","_monsterinsights_sitenote_category":0,"footnotes":""},"categories":[6],"tags":[227,1200,2733,3242,3241],"class_list":["post-12461363","post","type-post","status-publish","format-standard","hentry","category-institucional","tag-conferencia","tag-dia-internacional-de-las-mujeres","tag-ecoecofem","tag-economia-feminista","tag-seminario-permanente-de-observatorio-gepdo"],"_links":{"self":[{"href":"https:\/\/www.upo.es\/diario\/wp-json\/wp\/v2\/posts\/12461363","targetHints":{"allow":["GET"]}}],"collection":[{"href":"https:\/\/www.upo.es\/diario\/wp-json\/wp\/v2\/posts"}],"about":[{"href":"https:\/\/www.upo.es\/diario\/wp-json\/wp\/v2\/types\/post"}],"author":[{"embeddable":true,"href":"https:\/\/www.upo.es\/diario\/wp-json\/wp\/v2\/users\/4"}],"replies":[{"embeddable":true,"href":"https:\/\/www.upo.es\/diario\/wp-json\/wp\/v2\/comments?post=12461363"}],"version-history":[{"count":6,"href":"https:\/\/www.upo.es\/diario\/wp-json\/wp\/v2\/posts\/12461363\/revisions"}],"predecessor-version":[{"id":12475556,"href":"https:\/\/www.upo.es\/diario\/wp-json\/wp\/v2\/posts\/12461363\/revisions\/12475556"}],"wp:attachment":[{"href":"https:\/\/www.upo.es\/diario\/wp-json\/wp\/v2\/media?parent=12461363"}],"wp:term":[{"taxonomy":"category","embeddable":true,"href":"https:\/\/www.upo.es\/diario\/wp-json\/wp\/v2\/categories?post=12461363"},{"taxonomy":"post_tag","embeddable":true,"href":"https:\/\/www.upo.es\/diario\/wp-json\/wp\/v2\/tags?post=12461363"}],"curies":[{"name":"wp","href":"https:\/\/api.w.org\/{rel}","templated":true}]}}