{"id":1246716,"date":"2013-07-22T12:19:32","date_gmt":"2013-07-22T12:19:32","guid":{"rendered":"https:\/\/www.upo.es\/diario\/?p=1246716"},"modified":"2013-07-22T12:19:32","modified_gmt":"2013-07-22T12:19:32","slug":"sobresaliente-cum-laude-para-la-tesis-aportaciones-empiricas-sobre-diferencias-salariales-y-movilidad-geografica-de-trabajadores-nacionales-y-extranjeros-en-el-mercado-de-tr","status":"publish","type":"post","link":"https:\/\/www.upo.es\/diario\/tesis\/2013\/07\/sobresaliente-cum-laude-para-la-tesis-aportaciones-empiricas-sobre-diferencias-salariales-y-movilidad-geografica-de-trabajadores-nacionales-y-extranjeros-en-el-mercado-de-tr\/","title":{"rendered":"Sobresaliente \u201cCum Laude\u201d para la tesis \u201cAportaciones emp\u00edricas sobre diferencias salariales y movilidad geogr\u00e1fica de trabajadores nacionales y extranjeros en el mercado de trabajo espa\u00f1ol\u201d"},"content":{"rendered":"<p>Hoy lunes ha tenido lugar en la sala de grados del edificio 7, la defensa p\u00fablica de la tesis doctoral titulada \u00abAportaciones emp\u00edricas sobre diferencias salariales y movilidad geogr\u00e1fica de trabajadores nacionales y extranjeros en el mercado de trabajo espa\u00f1ol\u201d, de la que es autora Manuela Prieto Rodr\u00edguez. Esta tesis doctoral, dirigida por el profesor doctor Jos\u00e9 Ignacio Garc\u00eda P\u00e9rez, de la Universidad Pablo de Olavide, ha obtenido la calificaci\u00f3n de Sobresaliente \u201cCum Laude\u201d.<\/p>\n","protected":false},"excerpt":{"rendered":"<p>Hoy lunes ha tenido lugar en la sala de grados del edificio 7, la defensa p\u00fablica de la tesis doctoral titulada \u00abAportaciones emp\u00edricas sobre diferencias salariales y movilidad geogr\u00e1fica de trabajadores nacionales y extranjeros en el mercado de trabajo espa\u00f1ol\u201d, de la que es autora Manuela Prieto Rodr\u00edguez. Esta tesis doctoral, dirigida por el profesor doctor Jos\u00e9 Ignacio Garc\u00eda P\u00e9rez, de la Universidad Pablo de Olavide, ha obtenido la calificaci\u00f3n de Sobresaliente \u201cCum Laude\u201d.<\/p>\n","protected":false},"author":5,"featured_media":0,"comment_status":"closed","ping_status":"open","sticky":false,"template":"","format":"standard","meta":{"_monsterinsights_skip_tracking":false,"_monsterinsights_sitenote_active":false,"_monsterinsights_sitenote_note":"","_monsterinsights_sitenote_category":0,"footnotes":""},"categories":[119],"tags":[816,567,817,818],"class_list":["post-1246716","post","type-post","status-publish","format-standard","hentry","category-tesis","tag-diferencias-salariales","tag-mercado-laboral","tag-movilidad-geografica","tag-trabajadores"],"_links":{"self":[{"href":"https:\/\/www.upo.es\/diario\/wp-json\/wp\/v2\/posts\/1246716","targetHints":{"allow":["GET"]}}],"collection":[{"href":"https:\/\/www.upo.es\/diario\/wp-json\/wp\/v2\/posts"}],"about":[{"href":"https:\/\/www.upo.es\/diario\/wp-json\/wp\/v2\/types\/post"}],"author":[{"embeddable":true,"href":"https:\/\/www.upo.es\/diario\/wp-json\/wp\/v2\/users\/5"}],"replies":[{"embeddable":true,"href":"https:\/\/www.upo.es\/diario\/wp-json\/wp\/v2\/comments?post=1246716"}],"version-history":[{"count":1,"href":"https:\/\/www.upo.es\/diario\/wp-json\/wp\/v2\/posts\/1246716\/revisions"}],"predecessor-version":[{"id":1246720,"href":"https:\/\/www.upo.es\/diario\/wp-json\/wp\/v2\/posts\/1246716\/revisions\/1246720"}],"wp:attachment":[{"href":"https:\/\/www.upo.es\/diario\/wp-json\/wp\/v2\/media?parent=1246716"}],"wp:term":[{"taxonomy":"category","embeddable":true,"href":"https:\/\/www.upo.es\/diario\/wp-json\/wp\/v2\/categories?post=1246716"},{"taxonomy":"post_tag","embeddable":true,"href":"https:\/\/www.upo.es\/diario\/wp-json\/wp\/v2\/tags?post=1246716"}],"curies":[{"name":"wp","href":"https:\/\/api.w.org\/{rel}","templated":true}]}}