{"id":12474401,"date":"2016-03-11T05:07:18","date_gmt":"2016-03-11T05:07:18","guid":{"rendered":"https:\/\/www.upo.es\/diario\/?p=12474401"},"modified":"2016-03-11T07:59:32","modified_gmt":"2016-03-11T07:59:32","slug":"manana-segunda-sesion-del-ciclo-de-conferencias-nodo-atlantico-coredexpolycentricstates","status":"publish","type":"post","link":"https:\/\/www.upo.es\/diario\/institucional\/2016\/03\/manana-segunda-sesion-del-ciclo-de-conferencias-nodo-atlantico-coredexpolycentricstates\/","title":{"rendered":"Esta tarde, segunda sesi\u00f3n del ciclo de conferencias \u00abNodo Atl\u00e1ntico-Coredex\/Polycentricstates\u00bb"},"content":{"rendered":"<p><a href=\"https:\/\/www.upo.es\/diario\/wp-content\/uploads\/2016\/03\/Captura1.png\"><img loading=\"lazy\" decoding=\"async\" class=\"alignright size-medium wp-image-12474402\" alt=\"Captura\" src=\"https:\/\/www.upo.es\/diario\/wp-content\/uploads\/2016\/03\/Captura1-227x320.png\" width=\"227\" height=\"320\" srcset=\"https:\/\/www.upo.es\/diario\/wp-content\/uploads\/2016\/03\/Captura1-227x320.png 227w, https:\/\/www.upo.es\/diario\/wp-content\/uploads\/2016\/03\/Captura1-427x600.png 427w, https:\/\/www.upo.es\/diario\/wp-content\/uploads\/2016\/03\/Captura1.png 448w\" sizes=\"auto, (max-width: 227px) 100vw, 227px\" \/><\/a>Hoy\u00a0<span style=\"text-decoration: underline;\">viernes 11 de marzo, a las 16 horas en la en la sala Calder\u00f3n Quijano de la Escuela de Estudios Hispano-Americanos<\/span>\u00a0 (C\/ Alfonso XII, 16) tendr\u00e1 lugar la segunda sesi\u00f3n del <b>ciclo de conferencias \u201cNodo Atl\u00e1ntico-Coredex\/Polycentricstates\u201d<\/b> organizado por el \u00c1rea de Historia Moderna de la UPO con la colaboraci\u00f3n de Universidad de Murcia y la Escuela de Estudios Hispano-Americanos. El ciclo tiene como objetivo discutir sobre m\u00e9todos y nuevas l\u00edneas de investigaci\u00f3n en el \u00e1mbito de la Historia Moderna desde una perspectiva interdisciplinar.<\/p>\n<p>En esta segunda sesi\u00f3n tendr\u00e1 lugar la ponencia de <b>Alistair Malcolm<\/b>, de la Universidad de Limerick (Irlanda) sobre \u201cLa representaci\u00f3n diplom\u00e1tica de Carlos II Estuardo en Madrid: \u00bfuna historia de exilio y frustraci\u00f3n?\u201d. La segunda ponencia ser\u00e1 impartida por <b>Roberto Quir\u00f3s Rosado,<\/b> de la Universidad Aut\u00f3noma de Madrid, en torno a \u00a0\u201cSociedad de corte, patronato regio y geograf\u00edas imaginadas: la embajada del rey de Arda en el Madrid de Felipe IV\u201d. Tras finalizar las conferencias, se abrir\u00e1 un debate moderado por Alberto Rodr\u00edguez Mart\u00ednez, doctorado del \u00e1rea de Historia Moderna de la Universidad Pablo de Olavide.<\/p>\n<p>El ciclo de conferencias \u201cNodo Atl\u00e1ntico-Coredex\/Polycentricstates\u201d est\u00e1 vinculado al <a href=\"https:\/\/www.upo.es\/postgrado\/Doctorado-Historia-y-Estudios-Humanisticos-Europa-America-Arte-y-Lenguas\">doctorado en Historia y Estudios Human\u00edsticos: Europa, Arte y Lenguas<\/a> de la UPO y al Nodo Atl\u00e1ntico de la red de Excelencia Columnaria-Coredex, as\u00ed como al proyecto Polycentricstates. Asimismo, cuenta con la financiaci\u00f3n del Centros de Estudios de Postgrado de la UPO (CEDEP) y la colaboraci\u00f3n de la <a href=\"http:\/\/revistadehistoriaeufrates.blogspot.com.es\/\">revista \u00c9ufrates<\/a>, puesta en marcha por un grupo de egresados del grado de Geograf\u00eda e Historia de la UPO.<\/p>\n","protected":false},"excerpt":{"rendered":"<p>Hoy viernes 11 de marzo, a las 16 horas en la en la sala Calder\u00f3n Quijano de la Escuela de Estudios Hispano-Americanos (C\/ Alfonso XII, 16) tendr\u00e1 lugar la segunda sesi\u00f3n del ciclo de conferencias \u201cNodo Atl\u00e1ntico-Coredex\/Polycentricstates\u201d organizado por el \u00c1rea de Historia Moderna de la UPO con la colaboraci\u00f3n de Universidad de Murcia y la Escuela de Estudios Hispano-Americanos. El ciclo tiene como objetivo discutir sobre m\u00e9todos y nuevas l\u00edneas de investigaci\u00f3n en el \u00e1mbito de la Historia Moderna desde una perspectiva interdisciplinar.<\/p>\n","protected":false},"author":13,"featured_media":0,"comment_status":"closed","ping_status":"open","sticky":false,"template":"","format":"standard","meta":{"_monsterinsights_skip_tracking":false,"_monsterinsights_sitenote_active":false,"_monsterinsights_sitenote_note":"","_monsterinsights_sitenote_category":0,"footnotes":""},"categories":[6],"tags":[1516,1037,2970],"class_list":["post-12474401","post","type-post","status-publish","format-standard","hentry","category-institucional","tag-area-de-historia-moderna","tag-escuela-de-estudios-hispano-americanos","tag-nodo-atlantico"],"_links":{"self":[{"href":"https:\/\/www.upo.es\/diario\/wp-json\/wp\/v2\/posts\/12474401","targetHints":{"allow":["GET"]}}],"collection":[{"href":"https:\/\/www.upo.es\/diario\/wp-json\/wp\/v2\/posts"}],"about":[{"href":"https:\/\/www.upo.es\/diario\/wp-json\/wp\/v2\/types\/post"}],"author":[{"embeddable":true,"href":"https:\/\/www.upo.es\/diario\/wp-json\/wp\/v2\/users\/13"}],"replies":[{"embeddable":true,"href":"https:\/\/www.upo.es\/diario\/wp-json\/wp\/v2\/comments?post=12474401"}],"version-history":[{"count":5,"href":"https:\/\/www.upo.es\/diario\/wp-json\/wp\/v2\/posts\/12474401\/revisions"}],"predecessor-version":[{"id":12486892,"href":"https:\/\/www.upo.es\/diario\/wp-json\/wp\/v2\/posts\/12474401\/revisions\/12486892"}],"wp:attachment":[{"href":"https:\/\/www.upo.es\/diario\/wp-json\/wp\/v2\/media?parent=12474401"}],"wp:term":[{"taxonomy":"category","embeddable":true,"href":"https:\/\/www.upo.es\/diario\/wp-json\/wp\/v2\/categories?post=12474401"},{"taxonomy":"post_tag","embeddable":true,"href":"https:\/\/www.upo.es\/diario\/wp-json\/wp\/v2\/tags?post=12474401"}],"curies":[{"name":"wp","href":"https:\/\/api.w.org\/{rel}","templated":true}]}}