{"id":12489186,"date":"2016-03-11T12:18:09","date_gmt":"2016-03-11T12:18:09","guid":{"rendered":"https:\/\/www.upo.es\/diario\/?p=12489186"},"modified":"2016-03-14T13:04:15","modified_gmt":"2016-03-14T13:04:15","slug":"tres-estudiantes-de-la-upo-becados-en-la-iii-edicion-de-talentage-de-la-fundacion-cruzcampo","status":"publish","type":"post","link":"https:\/\/www.upo.es\/diario\/institucional\/2016\/03\/tres-estudiantes-de-la-upo-becados-en-la-iii-edicion-de-talentage-de-la-fundacion-cruzcampo\/","title":{"rendered":"Tres estudiantes de la UPO, becados en la III Edici\u00f3n de #talentage de la Fundaci\u00f3n Cruzcampo"},"content":{"rendered":"<figure id=\"attachment_12489187\" aria-describedby=\"caption-attachment-12489187\" style=\"width: 600px\" class=\"wp-caption aligncenter\"><a href=\"https:\/\/www.upo.es\/diario\/wp-content\/uploads\/2016\/03\/premiados_talentage.jpg\"><img loading=\"lazy\" decoding=\"async\" class=\"size-large wp-image-12489187\" alt=\"Los galardonados posan con el presidente de Heineken Espa\u00f1a, Richard Weissend, el consejero de Empleo, Empresa y Comercio, Jos\u00e9 S\u00e1nchez Maldonado y el director de Relaciones Corporativas de Heineken Espa\u00f1a, Jorge Paradela.\" src=\"https:\/\/www.upo.es\/diario\/wp-content\/uploads\/2016\/03\/premiados_talentage-600x457.jpg\" width=\"600\" height=\"457\" srcset=\"https:\/\/www.upo.es\/diario\/wp-content\/uploads\/2016\/03\/premiados_talentage-600x457.jpg 600w, https:\/\/www.upo.es\/diario\/wp-content\/uploads\/2016\/03\/premiados_talentage-320x243.jpg 320w, https:\/\/www.upo.es\/diario\/wp-content\/uploads\/2016\/03\/premiados_talentage.jpg 926w\" sizes=\"auto, (max-width: 600px) 100vw, 600px\" \/><\/a><figcaption id=\"caption-attachment-12489187\" class=\"wp-caption-text\">Los galardonados posan con el presidente de Heineken Espa\u00f1a, Richard Weissend, el consejero de Empleo, Empresa y Comercio, Jos\u00e9 S\u00e1nchez Maldonado y el director de Relaciones Corporativas de Heineken Espa\u00f1a, Jorge Paradela.<\/figcaption><\/figure>\n<p>Los estudiantes de la Universidad Pablo de Olavide Pablo Garc\u00eda M\u00e1rquez, Isabel Garc\u00eda de la Pe\u00f1a y Javier Mart\u00ednez, que actualmente cursan el Doble Grado de Administraci\u00f3n y Direcci\u00f3n de Empresas y Derecho, han sido tres de los catorce seleccionados en la <b>III Edici\u00f3n de #talentage<\/b>, programa de capacitaci\u00f3n profesional de la <a href=\"http:\/\/fundacioncruzcampo.com\/\">Fundaci\u00f3n Cruzcampo<\/a> cuyo objetivo es fomentar e impulsar el desarrollo del talento para favorecer la inserci\u00f3n laboral de los j\u00f3venes andaluces.<\/p>\n<figure id=\"attachment_12489188\" aria-describedby=\"caption-attachment-12489188\" style=\"width: 320px\" class=\"wp-caption alignright\"><a href=\"https:\/\/www.upo.es\/diario\/wp-content\/uploads\/2016\/03\/premiados_talentage1.jpg\"><img loading=\"lazy\" decoding=\"async\" class=\"size-medium wp-image-12489188\" alt=\"De izquierda a derecha, Pablo Garc\u00eda M\u00e1rquez, Isabel Garc\u00eda de la Pe\u00f1a y Javier Mart\u00ednez junto a otros galardonados. \" src=\"https:\/\/www.upo.es\/diario\/wp-content\/uploads\/2016\/03\/premiados_talentage1-320x234.jpg\" width=\"320\" height=\"234\" srcset=\"https:\/\/www.upo.es\/diario\/wp-content\/uploads\/2016\/03\/premiados_talentage1-320x234.jpg 320w, https:\/\/www.upo.es\/diario\/wp-content\/uploads\/2016\/03\/premiados_talentage1-600x440.jpg 600w, https:\/\/www.upo.es\/diario\/wp-content\/uploads\/2016\/03\/premiados_talentage1.jpg 1024w\" sizes=\"auto, (max-width: 320px) 100vw, 320px\" \/><\/a><figcaption id=\"caption-attachment-12489188\" class=\"wp-caption-text\">De izquierda a derecha, Pablo Garc\u00eda M\u00e1rquez, Isabel Garc\u00eda de la Pe\u00f1a y Javier Mart\u00ednez junto a otras galardonadas.<\/figcaption><\/figure>\n<p>El acto de entrega de estas becas se celebr\u00f3 ayer jueves y cont\u00f3 con la presencia del presidente de Heineken Espa\u00f1a, Richard Weissend, y del consejero de Empleo, Empresa y Comercio de la Junta de Andaluc\u00eda, Jos\u00e9 S\u00e1nchez Maldonado, as\u00ed como con la asistencia de los j\u00f3venes premiados, escogidos entre un total de 1.300 candidatos de toda la comunidad aut\u00f3noma.<\/p>\n<p>Este programa de identificaci\u00f3n y capacitaci\u00f3n reconoce adem\u00e1s del desempe\u00f1o acad\u00e9mico, habilidades como el pensamiento cr\u00edtico, la creatividad y la proactividad, altamente valoradas en el \u00e1mbito de los recursos humanos y de la cultura corporativa de las empresas.<\/p>\n<p>Adem\u00e1s del reconocimiento, los ganadores obtienen unas becas de pr\u00e1cticas remuneradas, de entre 6 meses y un a\u00f1o de duraci\u00f3n, en las tres compa\u00f1\u00edas l\u00edderes adheridas al programa, Heineken Espa\u00f1a, Pers\u00e1n y Supermercados Mas. De esta manera, los tres estudiantes del Doble Grado de Administraci\u00f3n y Direcci\u00f3n de Empresas y Derecho de la UPO se incorporar\u00e1n en las pr\u00f3ximas semanas a dos de estas tres grandes compa\u00f1\u00edas: Heineken Espa\u00f1a acoger\u00e1 a Pablo Garc\u00eda M\u00e1rquez (24 a\u00f1os) e Isabel Garc\u00eda de la Pe\u00f1a (22 a\u00f1os),\u00a0 mientras que Javier Mart\u00ednez (22 a\u00f1os) realizar\u00e1 sus pr\u00e1cticas en Supermercados MAS.<\/p>\n","protected":false},"excerpt":{"rendered":"<p>Los estudiantes de la Universidad Pablo de Olavide Pablo Garc\u00eda M\u00e1rquez, Isabel Garc\u00eda de la Pe\u00f1a y Javier Mart\u00ednez, que actualmente cursan el Doble Grado de Administraci\u00f3n y Direcci\u00f3n de Empresas y Derecho, han sido tres de los catorce seleccionados en la III Edici\u00f3n de #talentage, programa de capacitaci\u00f3n profesional de la Fundaci\u00f3n Cruzcampo cuyo objetivo es fomentar e impulsar el desarrollo del talento para favorecer la inserci\u00f3n laboral de los j\u00f3venes andaluces. <\/p>\n","protected":false},"author":2,"featured_media":0,"comment_status":"closed","ping_status":"open","sticky":false,"template":"","format":"standard","meta":{"_monsterinsights_skip_tracking":false,"_monsterinsights_sitenote_active":false,"_monsterinsights_sitenote_note":"","_monsterinsights_sitenote_category":0,"footnotes":""},"categories":[6],"tags":[2500,21,3243,1243],"class_list":["post-12489186","post","type-post","status-publish","format-standard","hentry","category-institucional","tag-beca","tag-estudiantes","tag-fundacion-cruzcampo","tag-insercion-laboral"],"_links":{"self":[{"href":"https:\/\/www.upo.es\/diario\/wp-json\/wp\/v2\/posts\/12489186","targetHints":{"allow":["GET"]}}],"collection":[{"href":"https:\/\/www.upo.es\/diario\/wp-json\/wp\/v2\/posts"}],"about":[{"href":"https:\/\/www.upo.es\/diario\/wp-json\/wp\/v2\/types\/post"}],"author":[{"embeddable":true,"href":"https:\/\/www.upo.es\/diario\/wp-json\/wp\/v2\/users\/2"}],"replies":[{"embeddable":true,"href":"https:\/\/www.upo.es\/diario\/wp-json\/wp\/v2\/comments?post=12489186"}],"version-history":[{"count":3,"href":"https:\/\/www.upo.es\/diario\/wp-json\/wp\/v2\/posts\/12489186\/revisions"}],"predecessor-version":[{"id":12489190,"href":"https:\/\/www.upo.es\/diario\/wp-json\/wp\/v2\/posts\/12489186\/revisions\/12489190"}],"wp:attachment":[{"href":"https:\/\/www.upo.es\/diario\/wp-json\/wp\/v2\/media?parent=12489186"}],"wp:term":[{"taxonomy":"category","embeddable":true,"href":"https:\/\/www.upo.es\/diario\/wp-json\/wp\/v2\/categories?post=12489186"},{"taxonomy":"post_tag","embeddable":true,"href":"https:\/\/www.upo.es\/diario\/wp-json\/wp\/v2\/tags?post=12489186"}],"curies":[{"name":"wp","href":"https:\/\/api.w.org\/{rel}","templated":true}]}}