{"id":12489768,"date":"2016-03-11T13:24:32","date_gmt":"2016-03-11T13:24:32","guid":{"rendered":"https:\/\/www.upo.es\/diario\/?p=12489768"},"modified":"2016-03-11T13:30:56","modified_gmt":"2016-03-11T13:30:56","slug":"la-upo-participa-en-el-seguimiento-para-la-conservacion-restauracion-de-la-virgen-del-rosario-de-montesion","status":"publish","type":"post","link":"https:\/\/www.upo.es\/diario\/ciencia\/2016\/03\/la-upo-participa-en-el-seguimiento-para-la-conservacion-restauracion-de-la-virgen-del-rosario-de-montesion\/","title":{"rendered":"La UPO participa en el seguimiento para la conservaci\u00f3n-restauraci\u00f3n de la Virgen del Rosario de Montesi\u00f3n"},"content":{"rendered":"<figure id=\"attachment_12489769\" aria-describedby=\"caption-attachment-12489769\" style=\"width: 600px\" class=\"wp-caption aligncenter\"><a href=\"https:\/\/www.upo.es\/diario\/wp-content\/uploads\/2016\/03\/pilar-ortiz.jpg\"><img loading=\"lazy\" decoding=\"async\" class=\"size-large wp-image-12489769\" alt=\"Pilar Ortiz\" src=\"https:\/\/www.upo.es\/diario\/wp-content\/uploads\/2016\/03\/pilar-ortiz-600x412.jpg\" width=\"600\" height=\"412\" srcset=\"https:\/\/www.upo.es\/diario\/wp-content\/uploads\/2016\/03\/pilar-ortiz-600x412.jpg 600w, https:\/\/www.upo.es\/diario\/wp-content\/uploads\/2016\/03\/pilar-ortiz-320x220.jpg 320w\" sizes=\"auto, (max-width: 600px) 100vw, 600px\" \/><\/a><figcaption id=\"caption-attachment-12489769\" class=\"wp-caption-text\">La investigadora Pilar Ortiz Calder\u00f3n ha llevado a cabo un an\u00e1lisis termohigrom\u00e9trico en el entorno de la talla procesional para evaluar los riesgos a los que se ve sometida por la humedad y la temperatura<\/figcaption><\/figure>\n<p>La investigadora de la Universidad Pablo de Olavide, Pilar Ortiz Calder\u00f3n, participa en la<strong> Comisi\u00f3n de Seguimiento para la Conservaci\u00f3n y Restauraci\u00f3n de la Sant\u00edsima Virgen del Rosario en sus Misterios Dolorosos<\/strong>, con un proyecto de control microclim\u00e1tico de esta talla procesional, con el fin evaluar los riesgos a los que se ven sometidas las im\u00e1genes por acci\u00f3n de los cambios de humedad relativa y temperatura.<\/p>\n<p>El pasado d\u00eda 6 de marzo de 2014 se constituy\u00f3 la Ponencia T\u00e9cnica de Proyecto de Conservaci\u00f3n-Restauraci\u00f3n de la Virgen del Rosario de Montesi\u00f3n, mediante una comisi\u00f3n mixta de seguimiento entre miembros de la actual Junta de Gobierno de la Hermandad y t\u00e9cnicos cient\u00edficos especialista en bienes patrimoniales.\u00a0 La Comisi\u00f3n, presidida por Fernando Garc\u00eda Guti\u00e9rrez, delegado diocesano del Patrimonio de la archidi\u00f3cesis de Sevilla, y el Hermano Mayor Manuel Soto D\u00edaz, ha estado formada por Mar\u00eda Dom\u00ednguez y Dom\u00ednguez-Adame, ex jefa del taller de Conservaci\u00f3n-Restauraci\u00f3n del Museo de Bellas Artes de Sevilla;Emilio G\u00f3mez Pi\u00f1ol, catedr\u00e1tico de Historia del Arte de la Universidad de Sevilla; Juan Miguel Gonz\u00e1lez G\u00f3mez, catedr\u00e1tico de Historia del Arte de la Universidad de Sevilla; Jos\u00e9 Miguel S\u00e1nchez Pe\u00f1a, ex jefe del taller de Conservaci\u00f3n-Restauraci\u00f3n del Museo de Bellas Artes de C\u00e1diz; Pilar Ortiz Calder\u00f3n, doctora en Qu\u00edmica y profesora de la Universidad Pablo de Olavide de Sevilla, especialista en t\u00e9cnicas\u00a0 no destructivas de diagn\u00f3stico; Jos\u00e9 Luis Romero Torres, historiador del Arte de la Direcci\u00f3n General de Bienes Culturales de la Consejer\u00eda de Educaci\u00f3n, Cultura y Deporte de la Junta de Andaluc\u00eda; Fernando Guerra Librero, arquitecto y licenciado en Conservaci\u00f3n-Restauraci\u00f3n, especialista en retabl\u00edstica y maderas, y Gabriel Ferreras Romero, historiador del Arte del Instituto Andaluz del Patrimonio Hist\u00f3rico. Por parte de la junta de gobierno, han integrado tambi\u00e9n esta comisi\u00f3n Miguel \u00c1ngel Mart\u00ednez Gonz\u00e1lez, mayordomo primero; Carlos Alberto Escudero Moya, mayordomo segundo, y Jos\u00e9 Ram\u00f3n Paleteiro Beller\u00edn, prioste primero.<\/p>\n<figure id=\"attachment_12489774\" aria-describedby=\"caption-attachment-12489774\" style=\"width: 600px\" class=\"wp-caption aligncenter\"><a href=\"https:\/\/www.upo.es\/diario\/wp-content\/uploads\/2016\/03\/grafico_virgen-montesion.png\"><img loading=\"lazy\" decoding=\"async\" class=\"size-large wp-image-12489774\" alt=\"Registro de humedad relativa, temperatura y punto de roc\u00edo. Entre las se\u00f1ales verticales se encuentran los datos de correspondientes a la salida procesional. Los datos se registran cada hora.\" src=\"https:\/\/www.upo.es\/diario\/wp-content\/uploads\/2016\/03\/grafico_virgen-montesion-600x392.png\" width=\"600\" height=\"392\" srcset=\"https:\/\/www.upo.es\/diario\/wp-content\/uploads\/2016\/03\/grafico_virgen-montesion-600x392.png 600w, https:\/\/www.upo.es\/diario\/wp-content\/uploads\/2016\/03\/grafico_virgen-montesion-320x209.png 320w, https:\/\/www.upo.es\/diario\/wp-content\/uploads\/2016\/03\/grafico_virgen-montesion.png 976w\" sizes=\"auto, (max-width: 600px) 100vw, 600px\" \/><\/a><figcaption id=\"caption-attachment-12489774\" class=\"wp-caption-text\">Registro de humedad relativa, temperatura y punto de roc\u00edo. Entre las se\u00f1ales verticales se encuentran los datos de correspondientes a la salida procesional.<\/figcaption><\/figure>\n<p><strong>Para la investigadora Pilar Ortiz, el diagn\u00f3stico del estado de conservaci\u00f3n de los bienes de inter\u00e9s hist\u00f3rico-art\u00edstico requiere del trabajo de un equipo multidisciplinar<\/strong>, en el que se analicen la documentaci\u00f3n hist\u00f3rica, los materiales, las patolog\u00edas y el entorno con el fin de establecer las medidas de protecci\u00f3n y conservaci\u00f3n a llevar a cabo. \u201cEn este caso, la comisi\u00f3n y los estudios preliminares han sido un claro ejemplo de este enfoque\u201d, se\u00f1ala la profesora de la UPO.<\/p>\n<p>La comisi\u00f3n de seguimiento decidi\u00f3 que antes de intervenir en la imagen de Nuestra Se\u00f1ora del Rosario se realizaran\u00a0 varios estudios y an\u00e1lisis preventivos, para conocer mejor el estado de conservaci\u00f3n y patolog\u00edas de la imagen. \u201cHacer un diagn\u00f3stico del estado de conservaci\u00f3n de una obra del patrimonio hist\u00f3rico es conocer las patolog\u00edas que afectan a ese bien. Al igual que los m\u00e9dicos con sus pacientes, nosotros analizamos los s\u00edntomas que afectan a las obras de arte, intentamos conocer la enfermedad que ha causado esos da\u00f1os y se proponen las mejores soluciones posibles\u201d, afirma Pilar Ortiz.<\/p>\n<p>En octubre de 2012 se emiti\u00f3 por parte del Instituto Andaluz del Patrimonio Hist\u00f3rico un informe diagn\u00f3stico donde se recog\u00eda el estado de conservaci\u00f3n\u00a0 de la imagen, despu\u00e9s de 17 a\u00f1os de la restauraci\u00f3n llevada a cabo por esta instituci\u00f3n patrimonial. Posteriormente, en diciembre de 2013, se le solicit\u00f3 al conservador-restaurador Pedro Manzano Beltr\u00e1n un informe del estado de la imagen, pues se hab\u00edan observado algunos levantamientos en la policrom\u00eda en la cara. A petici\u00f3n del restaurador se le realiz\u00f3 a la talla un Estudio Tomogr\u00e1fico Axial computarizado (TAC) en la Cl\u00ednica Nisa Aljarafe, dirigida por el doctor Manuel Rodr\u00edguez Navarro y un equipo de doctores y f\u00edsicos donde se pudo evaluar el estado de conservaci\u00f3n de la estructura de madera de la imagen y su grado de deterioro. Para conocer las patolog\u00edas y realizar un seguimiento de las mismas se\u00a0 han llevado a cabo, entre otras t\u00e9cnicas, macrofotograf\u00eda y fotograf\u00eda rasante, y escaneo 3D.<\/p>\n<p>En el caso de la influencia del medioambiente, la investigadora de la UPO ha realizado un an\u00e1lisis termohigrom\u00e9trico en la salida procesional y en la capilla con el fin de conocer c\u00f3mo pod\u00eda afectar los cambios de humedad y temperatura a las maderas y a la policrom\u00eda de la imagen. \u201cPara tomar una decisi\u00f3n de intervenci\u00f3n es necesario conocer las patolog\u00edas y el medio en el que van a evolucionar\u201d, comenta Pilar Ortiz, para quien \u201clos estudios termohigrom\u00e9tricos permiten evaluar los riesgos a los que se ven sometidas las im\u00e1genes por acci\u00f3n de los cambios de humedad relativa y temperatura\u201d.<\/p>\n<p>En el caso de la imaginer\u00eda sevillana, la mayor\u00eda de madera policromadas, sufre los cambios de humedad relativa y temperatura, que generan fen\u00f3menos de dilataci\u00f3n y contracci\u00f3n que dependen de los materiales: tipo de madera y orientaci\u00f3n de las mismas, clavos, policrom\u00edas, etc\u2026 y que pueden causar da\u00f1os en la parte m\u00e1s exterior, la capa pict\u00f3rica.<\/p>\n<figure id=\"attachment_12489771\" aria-describedby=\"caption-attachment-12489771\" style=\"width: 320px\" class=\"wp-caption alignright\"><a href=\"https:\/\/www.upo.es\/diario\/wp-content\/uploads\/2016\/03\/inves_virgenmontesion.jpg\"><img loading=\"lazy\" decoding=\"async\" class=\"size-medium wp-image-12489771\" alt=\"Sensor de humedad y temperatura.\" src=\"https:\/\/www.upo.es\/diario\/wp-content\/uploads\/2016\/03\/inves_virgenmontesion-320x239.jpg\" width=\"320\" height=\"239\" srcset=\"https:\/\/www.upo.es\/diario\/wp-content\/uploads\/2016\/03\/inves_virgenmontesion-320x239.jpg 320w, https:\/\/www.upo.es\/diario\/wp-content\/uploads\/2016\/03\/inves_virgenmontesion-600x449.jpg 600w\" sizes=\"auto, (max-width: 320px) 100vw, 320px\" \/><\/a><figcaption id=\"caption-attachment-12489771\" class=\"wp-caption-text\">Sensor de humedad y temperatura.<\/figcaption><\/figure>\n<p>El avance de la <strong>tecnolog\u00eda medioambiental<\/strong>, y en especial de los equipos de registros \u201cin situ\u201d, ha permitido un an\u00e1lisis m\u00e1s directo de las correlaciones entre las formas de alteraci\u00f3n y sus causas. Por ello, y con el fin de evaluar la influencia de los par\u00e1metros ambientales del entorno y de las condiciones microclim\u00e1ticas en la Virgen del Rosario, se han realizado tres periodos de medida: la salida procesional, el \u00a0registro clim\u00e1tico en la capilla de junio a noviembre, y un segundo registro en su capilla de abril a septiembre.<\/p>\n<p>El estudio ha constatado que los gradientes y las oscilaciones de temperatura registrados no implican frecuentes cambios bruscos que generen dilataciones y contracciones r\u00e1pidas en las maderas, aunque su efecto continuo a lo largo de los a\u00f1os son la causa inevitable de sus alteraciones, por lo que se debe intentar controlar en la capilla, donde se puede estabilizar. En cuanto a la humedad relativa, s\u00ed tiene mayores cambios, aunque es un par\u00e1metro m\u00e1s dif\u00edcil de control al depender de las condiciones meteorol\u00f3gicas en el exterior del templo y en las salidas procesionales.<\/p>\n<p>La investigadora <b>Pilar Ortiz Calder\u00f3n<\/b> ha abierto l\u00edneas punteras de trabajo \u00a0en Diagn\u00f3stico aplicado al estudio del Patrimonio Hist\u00f3rico, como la aplicaci\u00f3n de t\u00e9cnicas l\u00e1seres en materiales del Patrimonio Hist\u00f3rico convenios de colaboraci\u00f3n con IAPH y ENEA (Italia) y los mapas de riegos y vulnerabilidad para los Centros\u00a0 Hist\u00f3ricos y monumentos, proyectos RIVUPH y ART-RISK. Este \u00faltimo proyecto de Inteligencia artificial aplicada a la conservaci\u00f3n preventiva de edificios patrimoniales tiene como objetivo principal investigar para crear una herramienta informatizada para\u00a0 la conservaci\u00f3n preventiva del patrimonio en los centros urbanos basada en modelos de inteligencia artificial y ponerla a disposici\u00f3n de los organismos y empresas dedicados a la restauraci\u00f3n y rehabilitaci\u00f3n.<\/p>\n","protected":false},"excerpt":{"rendered":"<p>La investigadora de la Universidad Pablo de Olavide, Pilar Ortiz Calder\u00f3n, participa en la Comisi\u00f3n de Seguimiento para la Conservaci\u00f3n y Restauraci\u00f3n de la Sant\u00edsima Virgen del Rosario en sus Misterios Dolorosos, con un proyecto de control microclim\u00e1tico de esta talla procesional, con el fin evaluar los riesgos a los que se ven sometidas las im\u00e1genes por acci\u00f3n de los cambios de humedad relativa y temperatura.<\/p>\n","protected":false},"author":6,"featured_media":0,"comment_status":"closed","ping_status":"open","sticky":false,"template":"","format":"standard","meta":{"_monsterinsights_skip_tracking":false,"_monsterinsights_sitenote_active":false,"_monsterinsights_sitenote_note":"","_monsterinsights_sitenote_category":0,"footnotes":""},"categories":[3],"tags":[2008,1146,3067,259,129,1161,161],"class_list":["post-12489768","post","type-post","status-publish","format-standard","hentry","category-ciencia","tag-area-de-quimica-fisica","tag-conservacion","tag-hermandades","tag-area-de-historia-del-arte","tag-patrimonio","tag-patrimonio-cultural","tag-sevilla"],"_links":{"self":[{"href":"https:\/\/www.upo.es\/diario\/wp-json\/wp\/v2\/posts\/12489768","targetHints":{"allow":["GET"]}}],"collection":[{"href":"https:\/\/www.upo.es\/diario\/wp-json\/wp\/v2\/posts"}],"about":[{"href":"https:\/\/www.upo.es\/diario\/wp-json\/wp\/v2\/types\/post"}],"author":[{"embeddable":true,"href":"https:\/\/www.upo.es\/diario\/wp-json\/wp\/v2\/users\/6"}],"replies":[{"embeddable":true,"href":"https:\/\/www.upo.es\/diario\/wp-json\/wp\/v2\/comments?post=12489768"}],"version-history":[{"count":5,"href":"https:\/\/www.upo.es\/diario\/wp-json\/wp\/v2\/posts\/12489768\/revisions"}],"predecessor-version":[{"id":12489777,"href":"https:\/\/www.upo.es\/diario\/wp-json\/wp\/v2\/posts\/12489768\/revisions\/12489777"}],"wp:attachment":[{"href":"https:\/\/www.upo.es\/diario\/wp-json\/wp\/v2\/media?parent=12489768"}],"wp:term":[{"taxonomy":"category","embeddable":true,"href":"https:\/\/www.upo.es\/diario\/wp-json\/wp\/v2\/categories?post=12489768"},{"taxonomy":"post_tag","embeddable":true,"href":"https:\/\/www.upo.es\/diario\/wp-json\/wp\/v2\/tags?post=12489768"}],"curies":[{"name":"wp","href":"https:\/\/api.w.org\/{rel}","templated":true}]}}