{"id":1252775,"date":"2013-07-23T00:03:12","date_gmt":"2013-07-23T00:03:12","guid":{"rendered":"https:\/\/www.upo.es\/diario\/?p=1252775"},"modified":"2013-07-24T12:01:12","modified_gmt":"2013-07-24T12:01:12","slug":"el-periodista-antonio-salvador-cierra-curso-sobre-turismo-y-literatura-con-la-conferencia-del-libro-de-viajes-al-blog","status":"publish","type":"post","link":"https:\/\/www.upo.es\/diario\/institucional\/2013\/07\/el-periodista-antonio-salvador-cierra-curso-sobre-turismo-y-literatura-con-la-conferencia-del-libro-de-viajes-al-blog\/","title":{"rendered":"El periodista Antonio Salvador cierra el curso sobre turismo y literatura con la conferencia \u00abDel libro de viajes al blog\u00bb"},"content":{"rendered":"<figure id=\"attachment_1105267\" aria-describedby=\"caption-attachment-1105267\" style=\"width: 320px\" class=\"wp-caption alignright\"><a href=\"https:\/\/www.upo.es\/diario\/wp-content\/uploads\/2013\/06\/CursosdeVerano2013-1.jpg\"><img loading=\"lazy\" decoding=\"async\" class=\"size-medium wp-image-1105267\" alt=\"Cursos de Verano de la UPO 2013, cartel\" src=\"https:\/\/www.upo.es\/diario\/wp-content\/uploads\/2013\/06\/CursosdeVerano2013-1-320x213.jpg\" width=\"320\" height=\"213\" srcset=\"https:\/\/www.upo.es\/diario\/wp-content\/uploads\/2013\/06\/CursosdeVerano2013-1-320x213.jpg 320w, https:\/\/www.upo.es\/diario\/wp-content\/uploads\/2013\/06\/CursosdeVerano2013-1-1024x682.jpg 1024w, https:\/\/www.upo.es\/diario\/wp-content\/uploads\/2013\/06\/CursosdeVerano2013-1-600x399.jpg 600w\" sizes=\"auto, (max-width: 320px) 100vw, 320px\" \/><\/a><figcaption id=\"caption-attachment-1105267\" class=\"wp-caption-text\">Los Cursos de Verano se celebran en la sede universitaria de la UPO en Carmona<\/figcaption><\/figure>\n<p>Ma\u00f1ana mi\u00e9rcoles 24 de julio, a las 12 horas en la Casa Palacio de Los Briones, el periodista de El Mundo Andaluc\u00eda Antonio Salvador Ruiz clausurar\u00e1 el curso de verano <b><a href=\"http:\/\/www.upo.es\/olavideencarmona\/export\/sites\/upo_carmona\/documentos\/2013\/2013cc38.pdf\">\u201cTurismo y literatura\u201d<\/a><\/b> con la conferencia \u201cDel libro de viajes al blog: Romanticismo 2.0\u201d. Previamente, a las 10 horas, Manuel Mateo P\u00e9rez, editor, periodista y director de suplementos de viajes, ofrecer\u00e1 la ponencia \u201cLa mirada desatada, un recorrido por el valor literario y peri\u00f3dico que el viaje ha tenido en el \u00faltimo siglo\u201d.<\/p>\n<p>Respecto al curso <b><a href=\"http:\/\/www.upo.es\/olavideencarmona\/export\/sites\/upo_carmona\/documentos\/2013\/2013cc41.pdf\">\u201cAlimentaci\u00f3n para cel\u00edacos\u201d<\/a>, <\/b>que tambi\u00e9n finaliza ma\u00f1ana mi\u00e9rcoles, acoger\u00e1 en su \u00faltima jornada la celebraci\u00f3n del taller \u201cCocinar sin gluten\u201d, que se celebrar\u00e1 a las 9.30 horas en Laboratorio de Nutrici\u00f3n del edificio 23 de la Universidad Pablo de Olavide, y que ser\u00e1 impartido por el chef Enrique S\u00e1nchez. Por la tarde, el curso se trasladar\u00e1 a la Casa Palacio de Los Briones, donde, a las 16 horas, Yolanda Sanz Herranz, investigadora del Instituto de Agroqu\u00edmica y Tecnolog\u00eda de Alimentos (CSIC), ofrecer\u00e1 la ponencia \u201cPrevenci\u00f3n y nuevas terapias en la enfermedad cel\u00edaca\u201d. A las 17.30 horas se celebrar\u00e1 una degustaci\u00f3n de productos Danone y Central Lechera Asturiana y a las 18 horas David Manrique Vergara, licenciado en Farmacia y project manager en Pharmexx International, pronunciar\u00e1 la conferencia \u201c\u00bfFacilita la ley la vida de los cel\u00edacos?\u201d.<\/p>\n<p>Por su parte, el curso <b><a href=\"http:\/\/www.upo.es\/olavideencarmona\/export\/sites\/upo_carmona\/documentos\/2013\/2013cc39.pdf\">\u201cHabla\u2026bla\u2026blabla. Aprende a hablar mejor: convence y persuade\u201d<\/a> <\/b>que tambi\u00e9n finaliza ma\u00f1ana mi\u00e9rcoles, celebrar\u00e1 a las 9 horas en la Casa Palacio de Los Briones, la final del torneo de debate. Despu\u00e9s, a las 11 horas, Luis Mart\u00edn Rubio, director de Negocio de Ernst &amp; Young, hablar\u00e1 sobre \u201cEl sentido com\u00fan en la comunicaci\u00f3n\u201d. Finalmente, a las 12.30 horas, Antonio Mart\u00edn S\u00e1nchez, director general de Con Acento, impartir\u00e1 la conferencia \u201cLa palabra al servicio de la acci\u00f3n. Lidera y emociona\u201d.<\/p>\n<p>Otro de los cursos que termina ma\u00f1ana mi\u00e9rcoles es <b><a href=\"http:\/\/www.upo.es\/olavideencarmona\/export\/sites\/upo_carmona\/documentos\/2013\/2013cc42.pdf\">\u201cDe la p\u00e1gina al estante: traducci\u00f3n literaria y editorial ingl\u00e9s \u2013 espa\u00f1ol. Teor\u00eda, pr\u00e1ctica, derechos y deberes\u201d<\/a>. <\/b>A las 9.30 horas, Yolanda Morat\u00f3, profesora del Departamento de Filolog\u00eda y Traducci\u00f3n de la Universidad Pablo de Olavide, impartir\u00e1 la conferencia \u201cEmpleabilidad y traducci\u00f3n literaria\u201d, y a las 11.30 horas, Juan Bonilla, director editorial de Zut Ediciones, hablar\u00e1 sobre \u201cEl proceso de correcci\u00f3n editorial\u201d. Finalmente, a las 15 horas, Yolanda Morat\u00f3 y Juan Bonilla participar\u00e1n en la mesa redonda \u201cAspectos profesionales de la traducci\u00f3n editorial\u201d.<\/p>\n<p>Por su parte, el curso <b><a href=\"http:\/\/www.upo.es\/olavideencarmona\/export\/sites\/upo_carmona\/documentos\/2013\/2013cc37.pdf\">\u201cDerecho y psicolog\u00eda: gesti\u00f3n de conflictos\u201d<\/a> <\/b>contin\u00faa ma\u00f1ana mi\u00e9rcoles con la conferencia, a las 10 horas en la Casa Palacio de Los Briones, de la psic\u00f3loga y mediadora Virginia Foronda sobre \u201cPsicolog\u00eda Jur\u00eddica aplicada a las crisis familiares I: Conflicto familiar y desbloqueo de emociones\u201d. A las 12 horas, Juan Pablo P\u00e9rez Vel\u00e1zquez, profesor del Departamento de Derecho Privado de la UPO, hablar\u00e1 sobre \u201cLa planificaci\u00f3n sucesoria. La partici\u00f3n convencional de la herencia. Otros mecanismos de resoluci\u00f3n de conflictos\u201d. Por la tarde, a las 16 horas, Lourdes Fonseca Sierra, psic\u00f3loga y profesora del Departamento de Derecho Privado de la UPO, impartir\u00e1 el taller \u201cDe sensibilizaci\u00f3n para profesionales que trabajan con mujeres v\u00edctimas de violencia de g\u00e9nero\u201d.<\/p>\n","protected":false},"excerpt":{"rendered":"<p>Ma\u00f1ana mi\u00e9rcoles 24 de julio, a las 12 horas en la Casa Palacio de Los Briones, el periodista de El Mundo Andaluc\u00eda Antonio Salvador Ruiz clausurar\u00e1 el curso de verano \u201cTurismo y literatura\u201d con la conferencia \u201cDel libro de viajes al blog: Romanticismo 2.0\u201d. Previamente, a las 10 horas, Manuel Mateo P\u00e9rez, editor, periodista y director de suplementos de viajes, ofrecer\u00e1 la ponencia \u201cLa mirada desatada, un recorrido por el valor literario y peri\u00f3dico que el viaje ha tenido en el \u00faltimo siglo\u201d.<\/p>\n","protected":false},"author":2,"featured_media":0,"comment_status":"closed","ping_status":"open","sticky":false,"template":"","format":"standard","meta":{"_monsterinsights_skip_tracking":false,"_monsterinsights_sitenote_active":false,"_monsterinsights_sitenote_note":"","_monsterinsights_sitenote_category":0,"footnotes":""},"categories":[6],"tags":[674,23,141,22,87,401,519,142,812,811],"class_list":["post-1252775","post","type-post","status-publish","format-standard","hentry","category-institucional","tag-alimentacion","tag-carmona","tag-curso","tag-cursos-de-verano","tag-derecho","tag-literatura","tag-olavide-en-carmona","tag-psicologia","tag-traduccion","tag-turismo"],"_links":{"self":[{"href":"https:\/\/www.upo.es\/diario\/wp-json\/wp\/v2\/posts\/1252775","targetHints":{"allow":["GET"]}}],"collection":[{"href":"https:\/\/www.upo.es\/diario\/wp-json\/wp\/v2\/posts"}],"about":[{"href":"https:\/\/www.upo.es\/diario\/wp-json\/wp\/v2\/types\/post"}],"author":[{"embeddable":true,"href":"https:\/\/www.upo.es\/diario\/wp-json\/wp\/v2\/users\/2"}],"replies":[{"embeddable":true,"href":"https:\/\/www.upo.es\/diario\/wp-json\/wp\/v2\/comments?post=1252775"}],"version-history":[{"count":6,"href":"https:\/\/www.upo.es\/diario\/wp-json\/wp\/v2\/posts\/1252775\/revisions"}],"predecessor-version":[{"id":1252783,"href":"https:\/\/www.upo.es\/diario\/wp-json\/wp\/v2\/posts\/1252775\/revisions\/1252783"}],"wp:attachment":[{"href":"https:\/\/www.upo.es\/diario\/wp-json\/wp\/v2\/media?parent=1252775"}],"wp:term":[{"taxonomy":"category","embeddable":true,"href":"https:\/\/www.upo.es\/diario\/wp-json\/wp\/v2\/categories?post=1252775"},{"taxonomy":"post_tag","embeddable":true,"href":"https:\/\/www.upo.es\/diario\/wp-json\/wp\/v2\/tags?post=1252775"}],"curies":[{"name":"wp","href":"https:\/\/api.w.org\/{rel}","templated":true}]}}