{"id":12530786,"date":"2016-03-15T22:22:11","date_gmt":"2016-03-15T22:22:11","guid":{"rendered":"https:\/\/www.upo.es\/diario\/?p=12530786"},"modified":"2016-03-16T08:26:46","modified_gmt":"2016-03-16T08:26:46","slug":"manana-en-la-upo-conferencia-de-enrique-viguera-sobre-el-acceso-a-la-carrera-diplomatica","status":"publish","type":"post","link":"https:\/\/www.upo.es\/diario\/institucional\/2016\/03\/manana-en-la-upo-conferencia-de-enrique-viguera-sobre-el-acceso-a-la-carrera-diplomatica\/","title":{"rendered":"Conferencia de Enrique Viguera sobre el acceso a la carrera diplom\u00e1tica"},"content":{"rendered":"<figure id=\"attachment_125552\" aria-describedby=\"caption-attachment-125552\" style=\"width: 600px\" class=\"wp-caption aligncenter\"><a href=\"https:\/\/www.upo.es\/diario\/wp-content\/uploads\/2016\/03\/20160315_172301.jpg\"><img loading=\"lazy\" decoding=\"async\" class=\"size-large wp-image-12555240\" alt=\"20160315_172301\" src=\"https:\/\/www.upo.es\/diario\/wp-content\/uploads\/2016\/03\/20160315_172301-600x360.jpg\" width=\"600\" height=\"360\" srcset=\"https:\/\/www.upo.es\/diario\/wp-content\/uploads\/2016\/03\/20160315_172301-600x360.jpg 600w, https:\/\/www.upo.es\/diario\/wp-content\/uploads\/2016\/03\/20160315_172301-320x192.jpg 320w\" sizes=\"auto, (max-width: 600px) 100vw, 600px\" \/><\/a><figcaption id=\"caption-attachment-125552\" class=\"wp-caption-text\">Enrique Viguera (derecha) junto a Eugenio Fedriani<\/figcaption><\/figure>\n<p><strong>Enrique Viguera<\/strong>, <strong>embajador-director de la Escuela Diplom\u00e1tica de Espa\u00f1a<\/strong>, ha ofrecido en la Universidad Pablo de Olavide la <strong>conferencia \u201cAcceso a la Carrera Diplom\u00e1tica. Perspectivas personales y profesionales de un diplom\u00e1tico\u201d<\/strong>. El acto fue presentado por el \u00a0vicerrector de Planificaci\u00f3n Docente del a UPO, Eugenio Manuel Fedriani Martel.<\/p>\n<p><b>Enrique Viguera<\/b> es embajador-director de la Escuela Diplom\u00e1tica de Espa\u00f1a desde julio de 2015. Previamente fue embajador de Espa\u00f1a en la Commonwealth de Australia (2011-2015) y en el Reino de Suecia (2006-2010). Con anterioridad fue director general de Integraci\u00f3n y Coordinaci\u00f3n de Asuntos Generales y Econ\u00f3micos de la Uni\u00f3n Europea (2004-2006), director general de Coordinaci\u00f3n de Asuntos Generales y T\u00e9cnicos de la Uni\u00f3n Europea (2000-2004) y subdirector general de Coordinaci\u00f3n de Asuntos Generales de la Uni\u00f3n Europea en la Secretar\u00eda de Estado para la Uni\u00f3n Europea (1998-2000) del Ministerio de Asuntos Exteriores. Estuvo destinado asimismo en la Embajada de Espa\u00f1a en Canad\u00e1 (1996-1998) y en la Representaci\u00f3n Permanente de Espa\u00f1a ante la UE (1990-1996). Es diplom\u00e1tico de carrera desde 1982.<\/p>\n","protected":false},"excerpt":{"rendered":"<p>Enrique Viguera, embajador-director de la Escuela Diplom\u00e1tica de Espa\u00f1a, ha ofrecido en la Universidad Pablo de Olavide la conferencia \u201cAcceso a la Carrera Diplom\u00e1tica. Perspectivas personales y profesionales de un diplom\u00e1tico\u201d. <\/p>\n","protected":false},"author":6,"featured_media":0,"comment_status":"closed","ping_status":"open","sticky":false,"template":"","format":"standard","meta":{"_monsterinsights_skip_tracking":false,"_monsterinsights_sitenote_active":false,"_monsterinsights_sitenote_note":"","_monsterinsights_sitenote_category":0,"footnotes":""},"categories":[6],"tags":[227,3250,1487,446,171],"class_list":["post-12530786","post","type-post","status-publish","format-standard","hentry","category-institucional","tag-conferencia","tag-diplomacia","tag-embajada","tag-internacional","tag-relaciones-internacionales"],"_links":{"self":[{"href":"https:\/\/www.upo.es\/diario\/wp-json\/wp\/v2\/posts\/12530786","targetHints":{"allow":["GET"]}}],"collection":[{"href":"https:\/\/www.upo.es\/diario\/wp-json\/wp\/v2\/posts"}],"about":[{"href":"https:\/\/www.upo.es\/diario\/wp-json\/wp\/v2\/types\/post"}],"author":[{"embeddable":true,"href":"https:\/\/www.upo.es\/diario\/wp-json\/wp\/v2\/users\/6"}],"replies":[{"embeddable":true,"href":"https:\/\/www.upo.es\/diario\/wp-json\/wp\/v2\/comments?post=12530786"}],"version-history":[{"count":9,"href":"https:\/\/www.upo.es\/diario\/wp-json\/wp\/v2\/posts\/12530786\/revisions"}],"predecessor-version":[{"id":12555242,"href":"https:\/\/www.upo.es\/diario\/wp-json\/wp\/v2\/posts\/12530786\/revisions\/12555242"}],"wp:attachment":[{"href":"https:\/\/www.upo.es\/diario\/wp-json\/wp\/v2\/media?parent=12530786"}],"wp:term":[{"taxonomy":"category","embeddable":true,"href":"https:\/\/www.upo.es\/diario\/wp-json\/wp\/v2\/categories?post=12530786"},{"taxonomy":"post_tag","embeddable":true,"href":"https:\/\/www.upo.es\/diario\/wp-json\/wp\/v2\/tags?post=12530786"}],"curies":[{"name":"wp","href":"https:\/\/api.w.org\/{rel}","templated":true}]}}