{"id":12531964,"date":"2016-03-15T21:56:06","date_gmt":"2016-03-15T21:56:06","guid":{"rendered":"https:\/\/www.upo.es\/diario\/?p=12531964"},"modified":"2016-04-21T10:07:05","modified_gmt":"2016-04-21T10:07:05","slug":"manana-presentacion-del-libro-la-economia-de-los-cuidados-dirigido-por-la-catedratica-de-la-upo-lina-galvez","status":"publish","type":"post","link":"https:\/\/www.upo.es\/diario\/libros\/2016\/03\/manana-presentacion-del-libro-la-economia-de-los-cuidados-dirigido-por-la-catedratica-de-la-upo-lina-galvez\/","title":{"rendered":"Presentaci\u00f3n del libro \u201cLa econom\u00eda de los cuidados\u201d, dirigido por la catedr\u00e1tica de la UPO Lina G\u00e1lvez"},"content":{"rendered":"<figure id=\"attachment_12555243\" aria-describedby=\"caption-attachment-12555243\" style=\"width: 600px\" class=\"wp-caption aligncenter\"><a href=\"https:\/\/www.upo.es\/diario\/wp-content\/uploads\/2016\/03\/IMG-20160315-WA0020.jpg\"><img loading=\"lazy\" decoding=\"async\" class=\"size-large wp-image-12555243\" alt=\"Lina G\u00e1lvez, segunda por la derecha, es la directora de la publicaci\u00f3n\" src=\"https:\/\/www.upo.es\/diario\/wp-content\/uploads\/2016\/03\/IMG-20160315-WA0020-600x450.jpg\" width=\"600\" height=\"450\" srcset=\"https:\/\/www.upo.es\/diario\/wp-content\/uploads\/2016\/03\/IMG-20160315-WA0020-600x450.jpg 600w, https:\/\/www.upo.es\/diario\/wp-content\/uploads\/2016\/03\/IMG-20160315-WA0020-320x240.jpg 320w, https:\/\/www.upo.es\/diario\/wp-content\/uploads\/2016\/03\/IMG-20160315-WA0020.jpg 1600w\" sizes=\"auto, (max-width: 600px) 100vw, 600px\" \/><\/a><figcaption id=\"caption-attachment-12555243\" class=\"wp-caption-text\">Lina G\u00e1lvez, segunda por la derecha, es la directora de la publicaci\u00f3n<\/figcaption><\/figure>\n<p style=\"text-align: justify;\">El <strong>libro \u201cLa econom\u00eda de los cuidados\u201d, editado por Deculturas y dirigido por Lina G\u00e1lvez Mu\u00f1oz<\/strong>, ha sido presentado en la tarde de hoy,\u00a0\u00a0en el Cuarto del Almirante del Real Alc\u00e1zar de Sevilla,\u00a0por el consejero de Econom\u00eda y Conocimiento, Antonio Ram\u00edrez de Arellano.<\/p>\n<p style=\"text-align: justify;\">En la elaboraci\u00f3n del libro<strong> han participado, adem\u00e1s de Lina G\u00e1lvez, Astrid Agenjo Calder\u00f3n, Carmen Castro Garc\u00eda, Luc\u00eda del Moral Esp\u00edn, M\u00f3nica Dom\u00ednguez Serrano, Mauricio Matus-L\u00f3pez, Oscar David Marcerano Guti\u00e9rrez, Paula Rodr\u00edguez Modro\u00f1o y Margarita Vega Rap\u00fan<\/strong>, componentes del <a href=\"http:\/\/genderobservatory.com\/\">Observatorio GEP&amp;Do de G\u00e9nero, Econom\u00eda, Pol\u00edtica y Desarrollo<\/a> y el grupo de investigaci\u00f3n EcoEcoFem (Econom\u00eda Ecol\u00f3gica, Feminista y Desarrollo) de la Universidad Pablo de Olavide de Sevilla.<\/p>\n<p style=\"text-align: justify;\"><a href=\"https:\/\/www.upo.es\/diario\/wp-content\/uploads\/2016\/03\/IMG-20160315-WA0022.jpg\"><img loading=\"lazy\" decoding=\"async\" class=\"alignright size-medium wp-image-12555824\" alt=\"IMG-20160315-WA0022\" src=\"https:\/\/www.upo.es\/diario\/wp-content\/uploads\/2016\/03\/IMG-20160315-WA0022-179x320.jpg\" width=\"179\" height=\"320\" srcset=\"https:\/\/www.upo.es\/diario\/wp-content\/uploads\/2016\/03\/IMG-20160315-WA0022-179x320.jpg 179w, https:\/\/www.upo.es\/diario\/wp-content\/uploads\/2016\/03\/IMG-20160315-WA0022-337x600.jpg 337w\" sizes=\"auto, (max-width: 179px) 100vw, 179px\" \/><\/a>En este libro se realizan aportaciones te\u00f3ricas y emp\u00edricas al an\u00e1lisis econ\u00f3mico de los cuidados. Como consecuencia de cambios sociales y pol\u00edticos y la irrupci\u00f3n de los paradigmas feministas en las ciencias sociales, el cuidado ha dejado de considerarse un asunto natural, inmutable asociado a las mujeres y por tanto, alejado del an\u00e1lisis cient\u00edfico social, a ser un fruct\u00edfero campo de estudio que a\u00fan est\u00e1 desarroll\u00e1ndose y en el que se ubica este estudio.<\/p>\n<p style=\"text-align: justify;\">En los distintos cap\u00edtulos de este libro, los cuidados se reconocen como una dimensi\u00f3n de la vida humana que tambi\u00e9n es econ\u00f3mica, en la medida en que comporta el uso de recursos escasos, materiales e inmateriales, de energ\u00eda y tiempo, con costes directos o indirectos evidentes, y la realizaci\u00f3n de un aut\u00e9ntico trabajo que satisface las necesidades humanas b\u00e1sicas, y no s\u00f3lo. Igualmente, los cuidados se reconocen y analizan como parte esencial de los problemas sociales, las pol\u00edticas p\u00fablicas o el an\u00e1lisis econ\u00f3mico<\/p>\n<p style=\"text-align: justify;\"><b>Lina G\u00e1lvez Mu\u00f1oz <\/b>es doctora por el Instituto Universitario Europeo de Florencia y catedr\u00e1tica de Historia e Instituciones Econ\u00f3micas de la Universidad Pablo de Olavide, donde tambi\u00e9n dirige los masters universitarios en G\u00e9nero e Igualdad y el de Derechos Humanos, Interculturalidad y Desarrollo.<\/p>\n<p style=\"text-align: justify;\">Ha sido profesora en varias universidades europeas, dirigido y participado en numerosos proyectos de investigaci\u00f3n y realizado un centenar de publicaciones cient\u00edficas sobre los an\u00e1lisis de las desigualdades de g\u00e9nero, su construcci\u00f3n hist\u00f3rica, su cuantificaci\u00f3n especialmente vinculada con los cuidados y los usos del tiempo, y su vinculaci\u00f3n con el bienestar. Recientemente, ha publicado diversos estudios sobre el impacto diferenciado de las crisis econ\u00f3micas y las medidas de austeridad en mujeres y hombres.<\/p>\n<p style=\"text-align: justify;\">Lina G\u00e1lvez Mu\u00f1oz ha recibido los premios Ram\u00f3n Carande (1999), Meridiana (2011) y Emilio Castelar en la defensa de las libertades (2014). Igualmente es acad\u00e9mica de la Real Academia de Antequera, consejera del Consejo Estad\u00edstico de Andaluc\u00eda y del Consejo Econ\u00f3mico y Social de Sevilla, vocal de la Junta Directiva de AMIT (Asociaci\u00f3n de Mujeres Investigadoras y Tecn\u00f3logas), y vicepresidenta de la Asociaci\u00f3n de Econom\u00eda Cr\u00edtica.<\/p>\n<p>&nbsp;<\/p>\n","protected":false},"excerpt":{"rendered":"<p>El libro \u201cLa econom\u00eda de los cuidados\u201d, editado por Deculturas y dirigido por Lina G\u00e1lvez Mu\u00f1oz, ha sido presentado en la tarde de hoy,  en el Cuarto del Almirante del Real Alc\u00e1zar de Sevilla, por el consejero de Econom\u00eda y Conocimiento, Antonio Ram\u00edrez de Arellano. En la elaboraci\u00f3n del libro han participado, adem\u00e1s de Lina G\u00e1lvez, Astrid Agenjo Calder\u00f3n, Carmen Castro Garc\u00eda, Luc\u00eda del Moral Esp\u00edn, M\u00f3nica Dom\u00ednguez Serrano, Mauricio Matus-L\u00f3pez, Oscar David Marcerano Guti\u00e9rrez, Paula Rodr\u00edguez Modro\u00f1o y Margarita Vega Rap\u00fan, componentes del Observatorio GEP&#038;Do y el grupo de investigaci\u00f3n EcoEcoFem de la Universidad Pablo de Olavide.<\/p>\n","protected":false},"author":4,"featured_media":0,"comment_status":"closed","ping_status":"open","sticky":false,"template":"","format":"standard","meta":{"_monsterinsights_skip_tracking":false,"_monsterinsights_sitenote_active":false,"_monsterinsights_sitenote_note":"","_monsterinsights_sitenote_category":0,"footnotes":""},"categories":[77],"tags":[2733,63,336,333,898,2929,334,1845,1046],"class_list":["post-12531964","post","type-post","status-publish","format-standard","hentry","category-libros","tag-ecoecofem","tag-economia","tag-genero","tag-libro","tag-lina-galvez","tag-observatorio-gepdo","tag-presentacion","tag-real-alcazar-de-sevilla","tag-servicios-sociales"],"_links":{"self":[{"href":"https:\/\/www.upo.es\/diario\/wp-json\/wp\/v2\/posts\/12531964","targetHints":{"allow":["GET"]}}],"collection":[{"href":"https:\/\/www.upo.es\/diario\/wp-json\/wp\/v2\/posts"}],"about":[{"href":"https:\/\/www.upo.es\/diario\/wp-json\/wp\/v2\/types\/post"}],"author":[{"embeddable":true,"href":"https:\/\/www.upo.es\/diario\/wp-json\/wp\/v2\/users\/4"}],"replies":[{"embeddable":true,"href":"https:\/\/www.upo.es\/diario\/wp-json\/wp\/v2\/comments?post=12531964"}],"version-history":[{"count":9,"href":"https:\/\/www.upo.es\/diario\/wp-json\/wp\/v2\/posts\/12531964\/revisions"}],"predecessor-version":[{"id":13055406,"href":"https:\/\/www.upo.es\/diario\/wp-json\/wp\/v2\/posts\/12531964\/revisions\/13055406"}],"wp:attachment":[{"href":"https:\/\/www.upo.es\/diario\/wp-json\/wp\/v2\/media?parent=12531964"}],"wp:term":[{"taxonomy":"category","embeddable":true,"href":"https:\/\/www.upo.es\/diario\/wp-json\/wp\/v2\/categories?post=12531964"},{"taxonomy":"post_tag","embeddable":true,"href":"https:\/\/www.upo.es\/diario\/wp-json\/wp\/v2\/tags?post=12531964"}],"curies":[{"name":"wp","href":"https:\/\/api.w.org\/{rel}","templated":true}]}}