{"id":12557572,"date":"2016-03-16T12:19:30","date_gmt":"2016-03-16T12:19:30","guid":{"rendered":"https:\/\/www.upo.es\/diario\/?p=12557572"},"modified":"2016-03-16T12:23:30","modified_gmt":"2016-03-16T12:23:30","slug":"homenaje-al-profesor-andres-rodriguez-benot-por-sus-ocho-anos-como-decano-de-derecho-de-la-upo","status":"publish","type":"post","link":"https:\/\/www.upo.es\/diario\/institucional\/2016\/03\/homenaje-al-profesor-andres-rodriguez-benot-por-sus-ocho-anos-como-decano-de-derecho-de-la-upo\/","title":{"rendered":"Homenaje al profesor Andr\u00e9s Rodr\u00edguez Benot por sus ocho a\u00f1os como decano de Derecho de la UPO"},"content":{"rendered":"<figure id=\"attachment_12557575\" aria-describedby=\"caption-attachment-12557575\" style=\"width: 600px\" class=\"wp-caption alignright\"><a href=\"https:\/\/www.upo.es\/diario\/wp-content\/uploads\/2016\/03\/homenaje_rodriguezbenot2.jpg\"><img loading=\"lazy\" decoding=\"async\" class=\"size-large wp-image-12557575\" alt=\"El homenaje congreg\u00f3 a m\u00e1s de cien personas entre colegas, familiares y amigos del catedr\u00e1tico\" src=\"https:\/\/www.upo.es\/diario\/wp-content\/uploads\/2016\/03\/homenaje_rodriguezbenot2-600x339.jpg\" width=\"600\" height=\"339\" srcset=\"https:\/\/www.upo.es\/diario\/wp-content\/uploads\/2016\/03\/homenaje_rodriguezbenot2-600x339.jpg 600w, https:\/\/www.upo.es\/diario\/wp-content\/uploads\/2016\/03\/homenaje_rodriguezbenot2-320x180.jpg 320w\" sizes=\"auto, (max-width: 600px) 100vw, 600px\" \/><\/a><figcaption id=\"caption-attachment-12557575\" class=\"wp-caption-text\">El homenaje congreg\u00f3 a m\u00e1s de cien personas entre colegas, familiares y amigos del catedr\u00e1tico<\/figcaption><\/figure>\n<p>El pasado viernes 11 de marzo, en las instalaciones del Real Club de Golf de Sevilla, tuvo lugar un almuerzo en homenaje al profesor Andr\u00e9s Rodr\u00edguez Benot, catedr\u00e1tico de Derecho internacional privado de la Universidad Pablo de Olavide, de Sevilla, en reconocimiento a sus ocho a\u00f1os como decano de la Facultad de Derecho.<\/p>\n<p>El homenaje congreg\u00f3 a m\u00e1s de cien personas entre colegas, familiares y amigos del homenajeado. Destac\u00f3 la presencia de representantes de algunas de las instituciones con las que la Facultad de Derecho ha colaborado estrechamente en este per\u00edodo; entre otros, asistieron Alfonso de Castro S\u00e1enz, decano de la Facultad de Derecho de la Universidad de Sevilla; Rafael Hidalgo Romero, presidente del Colegio Oficial de Graduados Sociales de Sevilla, o Juan Jos\u00e9 Pretel Serrano, decano territorial de Andaluc\u00eda occidental del Colegio de Registradores de la Propiedad y Mercantiles.<\/p>\n<figure id=\"attachment_12557576\" aria-describedby=\"caption-attachment-12557576\" style=\"width: 320px\" class=\"wp-caption alignright\"><a href=\"https:\/\/www.upo.es\/diario\/wp-content\/uploads\/2016\/03\/homenaje_rodriguezbenot11.jpg\"><img loading=\"lazy\" decoding=\"async\" class=\"size-medium wp-image-12557576\" alt=\"Momento de una intervenci\u00f3n durante el homenaje\" src=\"https:\/\/www.upo.es\/diario\/wp-content\/uploads\/2016\/03\/homenaje_rodriguezbenot11-320x182.jpg\" width=\"320\" height=\"182\" srcset=\"https:\/\/www.upo.es\/diario\/wp-content\/uploads\/2016\/03\/homenaje_rodriguezbenot11-320x182.jpg 320w, https:\/\/www.upo.es\/diario\/wp-content\/uploads\/2016\/03\/homenaje_rodriguezbenot11-600x341.jpg 600w\" sizes=\"auto, (max-width: 320px) 100vw, 320px\" \/><\/a><figcaption id=\"caption-attachment-12557576\" class=\"wp-caption-text\">Momento de una intervenci\u00f3n durante el homenaje<\/figcaption><\/figure>\n<p>Tomaron la palabra el profesor Alfonso Ybarra Bores, en nombre de los integrantes de los equipos decanales que han trabajado con el homenajeado a lo largo de estos a\u00f1os, y la profesora Mar\u00eda Serrano Fern\u00e1ndez, su sucesora en el cargo como decana de la Facultad de Derecho. Como colof\u00f3n, intervino el profesor Rodr\u00edguez Benot para agradecer el acto, las muestras de afecto recibidas y en especial la labor de cuantos le hab\u00edan acompa\u00f1ado durante sus dos mandatos al frente del centro. \u201cNuestra Facultad asumi\u00f3 -dijo Rodr\u00edguez Benot en su discurso de agradecimiento- desde un primer momento una impronta y una manera de hacer que le han granjeado el reconocimiento general del mundo acad\u00e9mico y profesional. Un \u00e9xito cimentado en dos pilares: por un lado, un profesorado joven de esp\u00edritu, sanamente ambicioso, profundamente formado y comprometido con su universidad; por otra parte unos alumnos extraordinarios, sencillamente los mejores, que son simpar embajada por todo el mundo de la formaci\u00f3n que en nuestras aulas queremos impartir. Hoy me conjuro a t\u00edtulo personal ante todos y con todos vosotros para seguir aportando modestamente en esta l\u00ednea, para seguir haciendo una Olavide cada vez m\u00e1s grande\u201d.<\/p>\n","protected":false},"excerpt":{"rendered":"<p>El pasado viernes 11 de marzo, en las instalaciones del Real Club de Golf de Sevilla, tuvo lugar un almuerzo en homenaje al profesor Andr\u00e9s Rodr\u00edguez Benot, catedr\u00e1tico de Derecho internacional privado de la Universidad Pablo de Olavide, de Sevilla, en reconocimiento a sus ocho a\u00f1os como decano de la Facultad de Derecho. <\/p>\n","protected":false},"author":13,"featured_media":0,"comment_status":"closed","ping_status":"open","sticky":false,"template":"","format":"standard","meta":{"_monsterinsights_skip_tracking":false,"_monsterinsights_sitenote_active":false,"_monsterinsights_sitenote_note":"","_monsterinsights_sitenote_category":0,"footnotes":""},"categories":[6],"tags":[1950,87,81,308],"class_list":["post-12557572","post","type-post","status-publish","format-standard","hentry","category-institucional","tag-decano","tag-derecho","tag-facultad-de-derecho","tag-homenaje"],"_links":{"self":[{"href":"https:\/\/www.upo.es\/diario\/wp-json\/wp\/v2\/posts\/12557572","targetHints":{"allow":["GET"]}}],"collection":[{"href":"https:\/\/www.upo.es\/diario\/wp-json\/wp\/v2\/posts"}],"about":[{"href":"https:\/\/www.upo.es\/diario\/wp-json\/wp\/v2\/types\/post"}],"author":[{"embeddable":true,"href":"https:\/\/www.upo.es\/diario\/wp-json\/wp\/v2\/users\/13"}],"replies":[{"embeddable":true,"href":"https:\/\/www.upo.es\/diario\/wp-json\/wp\/v2\/comments?post=12557572"}],"version-history":[{"count":3,"href":"https:\/\/www.upo.es\/diario\/wp-json\/wp\/v2\/posts\/12557572\/revisions"}],"predecessor-version":[{"id":12557578,"href":"https:\/\/www.upo.es\/diario\/wp-json\/wp\/v2\/posts\/12557572\/revisions\/12557578"}],"wp:attachment":[{"href":"https:\/\/www.upo.es\/diario\/wp-json\/wp\/v2\/media?parent=12557572"}],"wp:term":[{"taxonomy":"category","embeddable":true,"href":"https:\/\/www.upo.es\/diario\/wp-json\/wp\/v2\/categories?post=12557572"},{"taxonomy":"post_tag","embeddable":true,"href":"https:\/\/www.upo.es\/diario\/wp-json\/wp\/v2\/tags?post=12557572"}],"curies":[{"name":"wp","href":"https:\/\/api.w.org\/{rel}","templated":true}]}}