{"id":12571459,"date":"2016-03-17T13:46:42","date_gmt":"2016-03-17T13:46:42","guid":{"rendered":"https:\/\/www.upo.es\/diario\/?p=12571459"},"modified":"2016-03-17T13:46:38","modified_gmt":"2016-03-17T13:46:38","slug":"conmemoracion-de-la-semana-del-cerebro-en-dos-centros-educativos-de-la-provincia-de-sevilla","status":"publish","type":"post","link":"https:\/\/www.upo.es\/diario\/institucional\/2016\/03\/conmemoracion-de-la-semana-del-cerebro-en-dos-centros-educativos-de-la-provincia-de-sevilla\/","title":{"rendered":"Conmemoraci\u00f3n de la Semana del Cerebro en dos centros educativos de la provincia de Sevilla"},"content":{"rendered":"<figure id=\"attachment_12571460\" aria-describedby=\"caption-attachment-12571460\" style=\"width: 600px\" class=\"wp-caption aligncenter\"><a href=\"https:\/\/www.upo.es\/diario\/wp-content\/uploads\/2016\/03\/IES-Aguilar-Cano-Estepa.jpg\"><img loading=\"lazy\" decoding=\"async\" class=\"size-large wp-image-12571460\" alt=\"Agn\u00e8s Gruart y Roc\u00edo Caro, de la Divisi\u00f3n de Neurociencias, con los estudiantes del IES Aguilar y Cano, de Estepa\" src=\"https:\/\/www.upo.es\/diario\/wp-content\/uploads\/2016\/03\/IES-Aguilar-Cano-Estepa-600x450.jpg\" width=\"600\" height=\"450\" srcset=\"https:\/\/www.upo.es\/diario\/wp-content\/uploads\/2016\/03\/IES-Aguilar-Cano-Estepa-600x450.jpg 600w, https:\/\/www.upo.es\/diario\/wp-content\/uploads\/2016\/03\/IES-Aguilar-Cano-Estepa-320x240.jpg 320w\" sizes=\"auto, (max-width: 600px) 100vw, 600px\" \/><\/a><figcaption id=\"caption-attachment-12571460\" class=\"wp-caption-text\">Agn\u00e8s Gruart y Roc\u00edo Caro, de la Divisi\u00f3n de Neurociencias, con los estudiantes del IES Aguilar y Cano, de Estepa<\/figcaption><\/figure>\n<p>Desde hace varios a\u00f1os, a mediados del mes de marzo se llevan a cabo en todo el mundo diversos <strong>actos para difundir los conocimientos actuales del funcionamiento del cerebro<\/strong> en muy diversos estamentos y organismos sociales. Dichos actos se incluyen en la denominad<strong>a Semana del Cerebro (Brain Awareness Week) auspiciada por la DANA Foundation<\/strong>.<\/p>\n<p>La Fundaci\u00f3n DANA es una entidad sin \u00e1nimo de lucro que se especializa en la difusi\u00f3n e informaci\u00f3n acerca del cerebro y de sus patolog\u00edas y est\u00e1 formada por neurocient\u00edficos de reconocido prestigio de centros de investigaci\u00f3n internacionales, entre los que se incluyen los profesores Agn\u00e8s Gruart y Jos\u00e9 Mar\u00eda Delgado Garc\u00eda, de la Universidad Pablo de Olavide.<\/p>\n<p>Para este a\u00f1o, la <strong>Divisi\u00f3n de Neurociencias de la UPO<\/strong>, dirigida por ambos profesores, ha organizado sendos actos, uno orientado a alumnos y alumnas de 2\u00ba de ESO del Instituto de Educaci\u00f3n Secundaria Aguilar y Cano de Estepa, y otro para ni\u00f1os y ni\u00f1as de 4\u00ba y 5\u00ba de Educaci\u00f3n Primaria del CEIP Pr\u00edncipe Felipe de Umbrete.<\/p>\n<p>En ambas ocasiones, los alumnos han tenido ocasi\u00f3n de participar en demostraciones experimentales, seminarios divulgativos y otras varias experiencias relacionados con la fisiolog\u00eda cerebral. En esta ocasi\u00f3n las actividades programadas han sido coordinadas por la profesora Gruart, con la participaci\u00f3n de otros profesores, doctorandos y t\u00e9cnicos de la Divisi\u00f3n de Neurociencias de la UPO.<\/p>\n<p>La Semana del Cerebro es una campa\u00f1a global para incrementar el conocimiento sobre el funcionamiento cerebral y de los beneficios que eso conocimiento puede reportar sobre el mejor funcionamiento de las sociedades actuales. Este a\u00f1o, las actividades programadas tienen lugar en todo el mundo a lo largo de la semana del 14 al 20 de Marzo y va dirigida a todas las edades, desde ni\u00f1os a personas de la tercera edad.<\/p>\n","protected":false},"excerpt":{"rendered":"<p>Desde hace varios a\u00f1os, a mediados del mes de marzo se llevan a cabo en todo el mundo diversos actos para difundir los conocimientos actuales del funcionamiento del cerebro en muy diversos estamentos y organismos sociales. Dichos actos se incluyen en la denominada Semana del Cerebro (Brain Awareness Week) auspiciada por la DANA Foundation.<\/p>\n","protected":false},"author":6,"featured_media":0,"comment_status":"closed","ping_status":"open","sticky":false,"template":"","format":"standard","meta":{"_monsterinsights_skip_tracking":false,"_monsterinsights_sitenote_active":false,"_monsterinsights_sitenote_note":"","_monsterinsights_sitenote_category":0,"footnotes":""},"categories":[6],"tags":[525,2413,970,2051,21,923,592,114,1382,161],"class_list":["post-12571459","post","type-post","status-publish","format-standard","hentry","category-institucional","tag-agnes-gruart-i-masso","tag-cerebro","tag-divulgacion","tag-educacion-secundaria","tag-estudiantes","tag-fisiologia","tag-jose-maria-delgado","tag-neurociencia","tag-secundaria","tag-sevilla"],"_links":{"self":[{"href":"https:\/\/www.upo.es\/diario\/wp-json\/wp\/v2\/posts\/12571459","targetHints":{"allow":["GET"]}}],"collection":[{"href":"https:\/\/www.upo.es\/diario\/wp-json\/wp\/v2\/posts"}],"about":[{"href":"https:\/\/www.upo.es\/diario\/wp-json\/wp\/v2\/types\/post"}],"author":[{"embeddable":true,"href":"https:\/\/www.upo.es\/diario\/wp-json\/wp\/v2\/users\/6"}],"replies":[{"embeddable":true,"href":"https:\/\/www.upo.es\/diario\/wp-json\/wp\/v2\/comments?post=12571459"}],"version-history":[{"count":2,"href":"https:\/\/www.upo.es\/diario\/wp-json\/wp\/v2\/posts\/12571459\/revisions"}],"predecessor-version":[{"id":12572644,"href":"https:\/\/www.upo.es\/diario\/wp-json\/wp\/v2\/posts\/12571459\/revisions\/12572644"}],"wp:attachment":[{"href":"https:\/\/www.upo.es\/diario\/wp-json\/wp\/v2\/media?parent=12571459"}],"wp:term":[{"taxonomy":"category","embeddable":true,"href":"https:\/\/www.upo.es\/diario\/wp-json\/wp\/v2\/categories?post=12571459"},{"taxonomy":"post_tag","embeddable":true,"href":"https:\/\/www.upo.es\/diario\/wp-json\/wp\/v2\/tags?post=12571459"}],"curies":[{"name":"wp","href":"https:\/\/api.w.org\/{rel}","templated":true}]}}