{"id":12572648,"date":"2016-03-17T13:01:38","date_gmt":"2016-03-17T13:01:38","guid":{"rendered":"https:\/\/www.upo.es\/diario\/?p=12572648"},"modified":"2016-03-17T14:07:39","modified_gmt":"2016-03-17T14:07:39","slug":"presentado-el-congreso-mundial-de-psicologia-deportiva-sevilla-2017","status":"publish","type":"post","link":"https:\/\/www.upo.es\/diario\/institucional\/2016\/03\/presentado-el-congreso-mundial-de-psicologia-deportiva-sevilla-2017\/","title":{"rendered":"Presentado el Congreso Mundial de Psicolog\u00eda Deportiva Sevilla 2017"},"content":{"rendered":"<figure id=\"attachment_12572649\" aria-describedby=\"caption-attachment-12572649\" style=\"width: 320px\" class=\"wp-caption alignright\"><a href=\"https:\/\/www.upo.es\/diario\/wp-content\/uploads\/2016\/03\/presen_congre_psicologiadeportiva.jpg\"><img loading=\"lazy\" decoding=\"async\" class=\"size-medium wp-image-12572649\" alt=\"Presentaci\u00f3n oficial del Congreso Mundial de la Sociedad Internacional de Psicolog\u00eda del Deporte (ISSP).\" src=\"https:\/\/www.upo.es\/diario\/wp-content\/uploads\/2016\/03\/presen_congre_psicologiadeportiva-320x224.jpg\" width=\"320\" height=\"224\" srcset=\"https:\/\/www.upo.es\/diario\/wp-content\/uploads\/2016\/03\/presen_congre_psicologiadeportiva-320x224.jpg 320w, https:\/\/www.upo.es\/diario\/wp-content\/uploads\/2016\/03\/presen_congre_psicologiadeportiva-600x421.jpg 600w\" sizes=\"auto, (max-width: 320px) 100vw, 320px\" \/><\/a><figcaption id=\"caption-attachment-12572649\" class=\"wp-caption-text\">Presentaci\u00f3n oficial del Congreso Mundial de la Sociedad Internacional de Psicolog\u00eda del Deporte (ISSP).<\/figcaption><\/figure>\n<p style=\"text-align: justify;\">Hoy ha tenido lugar en la Facultad de Ciencias de la Educaci\u00f3n de la Universidad de Sevilla la presentaci\u00f3n oficial del Congreso Mundial de la Sociedad Internacional de Psicolog\u00eda del Deporte (ISSP) que tendr\u00e1 lugar en Sevilla del 10-14 de julio de 2017 y que reunir\u00e1 en Andaluc\u00eda a m\u00e1s de 1.000 participantes de m\u00e1s de 50 pa\u00edses que presentar\u00e1n comunicaciones, posters y participar\u00e1n en conferencias y debates sobre Psicolog\u00eda Deportiva. Ser\u00e1 un Congreso Mundial de una gran relevancia cient\u00edfica.<\/p>\n<p style=\"text-align: justify;\">La candidatura de la sede de Sevilla fue elegida en 2013 por la Federaci\u00f3n Internacional de Psicolog\u00eda del Deporte (ISSP) en Pek\u00edn, por unanimidad, y hoy se ha presentado oficialmente de la mano de las principales instituciones locales y regionales junto a los dirigentes de la ISSP. En el acto han participado el decano de Ciencias de la Educaci\u00f3n de la Universidad de Sevilla, <b>Juan de Pablos Pons,<\/b> el secretario de la Federaci\u00f3n Internacional de Psicolog\u00eda Deportiva, <b>Alex Garc\u00eda, <\/b>elsecretario general de Deporte de la Junta de Andaluc\u00eda, <b>Antonio Fern\u00e1ndez<\/b>, el delegado de Deportes del Ayuntamiento de Sevilla <b>David Guevara<\/b> y el decano de la Facultad de Psicolog\u00eda, <b>Francisco Jos\u00e9 Medina.<\/b><\/p>\n<p style=\"text-align: justify;\">Este fin de semana, y dentro del marco del Congreso Mundial Sevilla 2017, la Universidad Pablo de Olavide organiza un seminario Internacional sobre Psicolog\u00eda del Deporte, que supone el inicio de las actividades programadas hasta julio del a\u00f1o que viene, conocidas como \u2018Road to Sevilla\u2019.<\/p>\n<p style=\"text-align: justify;\"><a href=\"https:\/\/www.upo.es\/diario\/wp-content\/uploads\/2016\/03\/presen_congre_psicologiadeportiva1.jpg\"><img loading=\"lazy\" decoding=\"async\" class=\"alignleft size-medium wp-image-12572650\" alt=\"presen_congre_psicologiadeportiva1\" src=\"https:\/\/www.upo.es\/diario\/wp-content\/uploads\/2016\/03\/presen_congre_psicologiadeportiva1-320x240.jpg\" width=\"320\" height=\"240\" srcset=\"https:\/\/www.upo.es\/diario\/wp-content\/uploads\/2016\/03\/presen_congre_psicologiadeportiva1-320x240.jpg 320w, https:\/\/www.upo.es\/diario\/wp-content\/uploads\/2016\/03\/presen_congre_psicologiadeportiva1-600x450.jpg 600w\" sizes=\"auto, (max-width: 320px) 100vw, 320px\" \/><\/a>La candidatura sevillana, encabezada por el profesor Jos\u00e9 Carlos Jaenes, empez\u00f3 a tomar forma en 2012, cuando Sevilla fue elegida candidata en el\u00a0 XII Congreso Nacional de Psicolog\u00eda del Deporte celebrado en Murcia. Ha contado con el respaldo de la Federaci\u00f3n Espa\u00f1ola de Psicolog\u00eda del Deporte (FEPD), la Consejer\u00eda de Cultura y Deporte de la Junta de Andaluc\u00eda, el Ayuntamiento de Sevilla as\u00ed como del Gobierno espa\u00f1ol y la Comisi\u00f3n Europea, al ser la \u00fanica ciudad europea candidata a la organizaci\u00f3n del Congreso.<\/p>\n<p style=\"text-align: justify;\">El Congreso se celebrar\u00e1 entre los d\u00edas 10 y 14 de julio de 2017 en la Universidad de Sevilla, y contar\u00e1 con el apoyo de la Universidad Pablo de Olavide. El evento, que se celebrar\u00e1 en Espa\u00f1a por segunda vez en la historia, acoger\u00e1 a m\u00e1s de 1.000 congresistas de todo el mundo que tratar\u00e1n temas de inter\u00e9s para psic\u00f3logos deportivos, profesionales del \u00e1mbito cient\u00edfico del deporte, entrenadores, \u00e1rbitros, directivos y deportistas.<\/p>\n<p style=\"text-align: justify;\">Adem\u00e1s del Seminario de la UPO de ma\u00f1ana viernes, desde Sevilla tambi\u00e9n se lidera un proyecto cient\u00edfico de gran nivel denominado \u201cPsyTool\u201d que aspira a educar a los j\u00f3venes deportistas en valores, erradicar la violencia y fomentar el <i>fair play<\/i> en el mundo del deporte gracias a la psicolog\u00eda del deporte y la formaci\u00f3n. Las conclusiones y resultados de este proyecto europeo ser\u00e1n presentados en el Congreso Mundial de Psicolog\u00eda Deportiva Sevilla 2017. \u201cPsyTool Sport Psychology as a strategic tool for prevention and training on grassroots sports\u201d ser\u00e1 una herramienta digital formativa que tendr\u00e1 como fin promover el respecto, la igualdad, no discriminaci\u00f3n y luchar contra el racismo, la desigualdad y las malas pr\u00e1cticas en el deporte de base.<\/p>\n<p style=\"text-align: justify;\">Para <b>Alex Garc\u00eda, <\/b>secretario de la Federaci\u00f3n Internacional de Psicolog\u00eda Deportiva<b>, <\/b>\u201ceste congreso tiene que reprensentar los valores de la psicolog\u00eda para luchar contra la desigualdad en todos los \u00e1mbitos: cient\u00edfica, de valores, sociales&#8230; Tiene que ser una primera piedra en el camino para consolidar la ciencia del deporte en Andaluc\u00eda, no s\u00f3lo la psicolog\u00eda. Es un Congreso muy abierto, va mucho m\u00e1s all\u00e1 de la psicolog\u00eda y de la actividad f\u00edsica y el deporte. El programa cient\u00edfico estar\u00e1 compuesto por <i>Keynotes Speakers<\/i> de primer nivel, simposios y posters\u201d.<\/p>\n<p style=\"text-align: justify;\">Por su parte,<b> Antonio Fern\u00e1ndez,<\/b> secretario general de Deporte de la Junta de Andaluc\u00eda, ha se\u00f1alado que \u201cAndaluc\u00eda va a ser exponente internacional en el \u00e1mbito cient\u00edfico y del deporte. Este es el fruto del trabajo y de un esfuerzo colaborativo del comit\u00e9 organizador y de muchas instituciones, y desde la Junta haremos una apuesta decidida para que nuestra tierra lidere este Congreso Mundial tan trascendental\u201d.<\/p>\n<p style=\"text-align: justify;\">Asimismo,<b> David Guevara,<\/b> delegado de Deportes del Ayuntamiento de Sevilla, ha afirmado que \u201cpara el Ayuntamiento de Sevilla es un honor que nuestra ciudad acoja este Congreso el a\u00f1o que viene. Entendemos que este Congreso tendr\u00e1 una trascendencia real en la vida de todos los deportistas. Queremos dar la bienvenida en nombre del Ayuntamiento a todas las personas que vendr\u00e1n al congreso, situando a Sevilla en el epicentro cient\u00edfico de la psicolog\u00eda deportiva. Servir\u00e1 para situar a la ciudad en un lugar estrat\u00e9gico en el mundo de la ciencia y del deporte, un referente mundial\u201d.<\/p>\n<p style=\"text-align: justify;\">De otro lado,en opini\u00f3n de<b> Francisco Jos\u00e9 Medina<\/b>, decano Facultad de Psicolog\u00eda, \u201cel slogan del Congreso es un gran acierto. La psicolog\u00eda del deporte debe tender puentes para romper las barreras de las desigualdades, sociales, de g\u00e9nero, cient\u00edficas\u2026 Tenemos que trabajar desde nuestro \u00e1mbito para romper desigualdades. Este debe ser un objetivo de la psicolog\u00eda, siempre\u201d.<\/p>\n<p style=\"text-align: justify;\">Finalmente,<b> Jos\u00e9 Carlos Jaenes,<\/b> presidente del Congreso y profesor de la Universidad Pablo de Olavide, ha afirmado que \u201cabrimos una ventana a todo el profesorado del mundo, con participantes de m\u00e1s de 50 pa\u00edses para que presenten sus trabajos y, adem\u00e1s, la psicolog\u00eda del deporte es una parte m\u00e1s de la preparaci\u00f3n de los deportistas profesionales. Ma\u00f1ana arrancamos el \u2018Road to Sevilla\u2019 con el IX Seminario Internacional de Psicolog\u00eda del Deporte en la Pablo de Olavide con m\u00e1s de 150 alumnos. Hoy arrancamos el camino previo hacia el Congreso en 2017\u201d.<\/p>\n<p style=\"text-align: justify;\"><a href=\"http:\/\/www.issp2017.com\/\">www.issp2017.com<\/a><\/p>\n","protected":false},"excerpt":{"rendered":"<p>Hoy ha tenido lugar en la Facultad de Ciencias de la Educaci\u00f3n de la Universidad de Sevilla la presentaci\u00f3n oficial del Congreso Mundial de la Sociedad Internacional de Psicolog\u00eda del Deporte (ISSP) que tendr\u00e1 lugar en Sevilla del 10-14 de julio de 2017 y que reunir\u00e1 en Andaluc\u00eda a m\u00e1s de 1.000 participantes de m\u00e1s de 50 pa\u00edses.<\/p>\n","protected":false},"author":4,"featured_media":0,"comment_status":"closed","ping_status":"open","sticky":false,"template":"","format":"standard","meta":{"_monsterinsights_skip_tracking":false,"_monsterinsights_sitenote_active":false,"_monsterinsights_sitenote_note":"","_monsterinsights_sitenote_category":0,"footnotes":""},"categories":[6],"tags":[354,2323,884,1163,1657],"class_list":["post-12572648","post","type-post","status-publish","format-standard","hentry","category-institucional","tag-congreso","tag-jose-carlos-jaenes","tag-psicologia-del-deporte","tag-universidad-de-sevilla","tag-universidad-pablo-de-olavide"],"_links":{"self":[{"href":"https:\/\/www.upo.es\/diario\/wp-json\/wp\/v2\/posts\/12572648","targetHints":{"allow":["GET"]}}],"collection":[{"href":"https:\/\/www.upo.es\/diario\/wp-json\/wp\/v2\/posts"}],"about":[{"href":"https:\/\/www.upo.es\/diario\/wp-json\/wp\/v2\/types\/post"}],"author":[{"embeddable":true,"href":"https:\/\/www.upo.es\/diario\/wp-json\/wp\/v2\/users\/4"}],"replies":[{"embeddable":true,"href":"https:\/\/www.upo.es\/diario\/wp-json\/wp\/v2\/comments?post=12572648"}],"version-history":[{"count":4,"href":"https:\/\/www.upo.es\/diario\/wp-json\/wp\/v2\/posts\/12572648\/revisions"}],"predecessor-version":[{"id":12572654,"href":"https:\/\/www.upo.es\/diario\/wp-json\/wp\/v2\/posts\/12572648\/revisions\/12572654"}],"wp:attachment":[{"href":"https:\/\/www.upo.es\/diario\/wp-json\/wp\/v2\/media?parent=12572648"}],"wp:term":[{"taxonomy":"category","embeddable":true,"href":"https:\/\/www.upo.es\/diario\/wp-json\/wp\/v2\/categories?post=12572648"},{"taxonomy":"post_tag","embeddable":true,"href":"https:\/\/www.upo.es\/diario\/wp-json\/wp\/v2\/tags?post=12572648"}],"curies":[{"name":"wp","href":"https:\/\/api.w.org\/{rel}","templated":true}]}}