{"id":12585978,"date":"2016-03-18T11:52:23","date_gmt":"2016-03-18T11:52:23","guid":{"rendered":"https:\/\/www.upo.es\/diario\/?p=12585978"},"modified":"2016-03-18T11:54:59","modified_gmt":"2016-03-18T11:54:59","slug":"la-upo-participa-en-la-puesta-en-marcha-del-plan-de-fomento-de-la-lectura-promovido-por-el-ayuntamiento-de-sevilla","status":"publish","type":"post","link":"https:\/\/www.upo.es\/diario\/institucional\/2016\/03\/la-upo-participa-en-la-puesta-en-marcha-del-plan-de-fomento-de-la-lectura-promovido-por-el-ayuntamiento-de-sevilla\/","title":{"rendered":"La UPO participa en la puesta en marcha del plan de fomento de la lectura promovido por el Ayuntamiento de Sevilla"},"content":{"rendered":"<figure id=\"attachment_12585979\" aria-describedby=\"caption-attachment-12585979\" style=\"width: 600px\" class=\"wp-caption aligncenter\"><a href=\"https:\/\/www.upo.es\/diario\/wp-content\/uploads\/2016\/03\/encuentro_ayto_cultura.jpg\"><img loading=\"lazy\" decoding=\"async\" class=\"size-large wp-image-12585979\" alt=\"grupo de trabajo\" src=\"https:\/\/www.upo.es\/diario\/wp-content\/uploads\/2016\/03\/encuentro_ayto_cultura-600x400.jpg\" width=\"600\" height=\"400\" srcset=\"https:\/\/www.upo.es\/diario\/wp-content\/uploads\/2016\/03\/encuentro_ayto_cultura-600x400.jpg 600w, https:\/\/www.upo.es\/diario\/wp-content\/uploads\/2016\/03\/encuentro_ayto_cultura-320x213.jpg 320w\" sizes=\"auto, (max-width: 600px) 100vw, 600px\" \/><\/a><figcaption id=\"caption-attachment-12585979\" class=\"wp-caption-text\">El primer encuentro ha servido para crear una red de trabajo estable<\/figcaption><\/figure>\n<p>Esta semana se han dado los <strong>primeros pasos para constituir el grupo de trabajo que desarrollar\u00e1 el primer Plan Integral de Fomento de la Lectura de Sevilla<\/strong>. El Ayuntamiento ha invitado a representantes de las cinco universidades, p\u00fablicas y privadas, presentes en la ciudad, entre ellas la Universidad Pablo de Olavide; a la Feria del Libro, a la Fundaci\u00f3n Lara y a responsables de las bibliotecas municipales y de la biblioteca Infanta Elena.<\/p>\n<p>En esta primera toma de contacto se han expuesto los principales problemas que se detectan en la ciudad en relaci\u00f3n a los bajos \u00edndices de lectura en la poblaci\u00f3n media. Asimismo cada instituci\u00f3n presente ha puesto encima de la mesa las iniciativas que ya desarrollan en sus respectivos campos de trabajo para impulsar el fomento de la lectura.<\/p>\n<p>En el transcurso de la reuni\u00f3n se ha puesto de manifiesto la necesidad de incorporar a otros agentes para desarrollar una estrategia integral, como el Centro Andaluz de las Letras, las \u00e1reas de Educaci\u00f3n municipales y de la Junta de Andaluc\u00eda, as\u00ed como otros colectivos o asociaciones y empresas privadas que est\u00e1n trabajando en esta l\u00ednea.<\/p>\n<p>La Universidad de Sevilla ha planteado como uno de los objetivos la consecuci\u00f3n de la Capitalidad del Libro para Sevilla, otorgada por la UNESCO, para, m\u00e1s all\u00e1 del reconocimiento, trabajar en unos objetivos comunes y en un proyecto de ciudad que d\u00e9 como frutos el incremento de los \u00edndices de lectura y el desarrollo del nivel educativo de la ciudad.<\/p>\n<p>Esta primera reuni\u00f3n ha servido para establecer sinergias y poner en contacto distintos agentes, creando una red de trabajo estable donde se puedan compartir recursos para una gesti\u00f3n m\u00e1s eficaz y eficiente.<\/p>\n","protected":false},"excerpt":{"rendered":"<p>Esta semana se han dado los primeros pasos para constituir el grupo de trabajo que desarrollar\u00e1 el primer Plan Integral de Fomento de la Lectura de Sevilla. El Ayuntamiento ha invitado a representantes de las cinco universidades, p\u00fablicas y privadas, presentes en la ciudad, entre ellas la Universidad Pablo de Olavide; a la Feria del Libro, a la Fundaci\u00f3n Lara y a responsables de las bibliotecas municipales y de la biblioteca Infanta Elena.<\/p>\n","protected":false},"author":6,"featured_media":0,"comment_status":"closed","ping_status":"open","sticky":false,"template":"","format":"standard","meta":{"_monsterinsights_skip_tracking":false,"_monsterinsights_sitenote_active":false,"_monsterinsights_sitenote_note":"","_monsterinsights_sitenote_category":0,"footnotes":""},"categories":[6],"tags":[621,1413,5835,161,1163,39],"class_list":["post-12585978","post","type-post","status-publish","format-standard","hentry","category-institucional","tag-ayuntamiento-de-sevilla","tag-feria-del-libro","tag-libros","tag-sevilla","tag-universidad-de-sevilla","tag-universidades"],"_links":{"self":[{"href":"https:\/\/www.upo.es\/diario\/wp-json\/wp\/v2\/posts\/12585978","targetHints":{"allow":["GET"]}}],"collection":[{"href":"https:\/\/www.upo.es\/diario\/wp-json\/wp\/v2\/posts"}],"about":[{"href":"https:\/\/www.upo.es\/diario\/wp-json\/wp\/v2\/types\/post"}],"author":[{"embeddable":true,"href":"https:\/\/www.upo.es\/diario\/wp-json\/wp\/v2\/users\/6"}],"replies":[{"embeddable":true,"href":"https:\/\/www.upo.es\/diario\/wp-json\/wp\/v2\/comments?post=12585978"}],"version-history":[{"count":6,"href":"https:\/\/www.upo.es\/diario\/wp-json\/wp\/v2\/posts\/12585978\/revisions"}],"predecessor-version":[{"id":12585985,"href":"https:\/\/www.upo.es\/diario\/wp-json\/wp\/v2\/posts\/12585978\/revisions\/12585985"}],"wp:attachment":[{"href":"https:\/\/www.upo.es\/diario\/wp-json\/wp\/v2\/media?parent=12585978"}],"wp:term":[{"taxonomy":"category","embeddable":true,"href":"https:\/\/www.upo.es\/diario\/wp-json\/wp\/v2\/categories?post=12585978"},{"taxonomy":"post_tag","embeddable":true,"href":"https:\/\/www.upo.es\/diario\/wp-json\/wp\/v2\/tags?post=12585978"}],"curies":[{"name":"wp","href":"https:\/\/api.w.org\/{rel}","templated":true}]}}