{"id":12585988,"date":"2016-03-18T06:29:51","date_gmt":"2016-03-18T06:29:51","guid":{"rendered":"https:\/\/www.upo.es\/diario\/?p=12585988"},"modified":"2016-03-22T12:43:33","modified_gmt":"2016-03-22T12:43:33","slug":"la-universidad-pablo-de-olavide-celebra-las-ix-jornadas-internacionales-de-psicologia-del-deporte","status":"publish","type":"post","link":"https:\/\/www.upo.es\/diario\/institucional\/2016\/03\/la-universidad-pablo-de-olavide-celebra-las-ix-jornadas-internacionales-de-psicologia-del-deporte\/","title":{"rendered":"La Universidad Pablo de Olavide celebra las IX Jornadas Internacionales de Psicolog\u00eda del Deporte"},"content":{"rendered":"<figure id=\"attachment_12585989\" aria-describedby=\"caption-attachment-12585989\" style=\"width: 600px\" class=\"wp-caption aligncenter\"><a href=\"https:\/\/www.upo.es\/diario\/wp-content\/uploads\/2016\/03\/jorn-int-psicologia-deporte.jpg\"><img loading=\"lazy\" decoding=\"async\" class=\"size-large wp-image-12585989\" alt=\"Paraninfo, donde tienen lugar las IX Jornadas\" src=\"https:\/\/www.upo.es\/diario\/wp-content\/uploads\/2016\/03\/jorn-int-psicologia-deporte-600x293.jpg\" width=\"600\" height=\"293\" srcset=\"https:\/\/www.upo.es\/diario\/wp-content\/uploads\/2016\/03\/jorn-int-psicologia-deporte-600x293.jpg 600w, https:\/\/www.upo.es\/diario\/wp-content\/uploads\/2016\/03\/jorn-int-psicologia-deporte-320x156.jpg 320w\" sizes=\"auto, (max-width: 600px) 100vw, 600px\" \/><\/a><figcaption id=\"caption-attachment-12585989\" class=\"wp-caption-text\">En esta IX edici\u00f3n de las Jornadas participan figuras internacionales de esta disciplina y \u00a0asisten 150 personas<\/figcaption><\/figure>\n<p>Esta ma\u00f1ana se han inaugurado en la Universidad Pablo de Olavide las<strong> IX Jornadas Internacionales de Psicolog\u00eda del Deporte<\/strong> bajo el t\u00edtulo <strong>\u201cActividad f\u00edsica, integridad, salud y deporte\u201d<\/strong>. Un acto presidido por el <strong>presidente de la Sociedad Internacional de Psicolog\u00eda del Deporte, Gangyan Si<\/strong>; el vicedecano de Ordenaci\u00f3n de la Facultad de Ciencias del Deporte, Javier G\u00e1lvez; la directora general del Centro de Medicina del Deporte, Leocricia Jim\u00e9nez, y el director del seminario, Jos\u00e9 Carlos Jaenes.<\/p>\n<p>Previamente a este acto ha tenido lugar la conferencia inaugural titulada \u201cEl trabajo multidisciplinar en Ciencias del Deporte y Salud\u201d, impartida por Juan de Dios Beas Jim\u00e9nez, jefe de secci\u00f3n medicina deportiva del Centro Andaluz de Medicina del Deporte de la Junta de Andaluc\u00eda y presidente de SAMEDE (Sociedad Andaluza de Medicina del Deporte).<\/p>\n<figure id=\"attachment_12585990\" aria-describedby=\"caption-attachment-12585990\" style=\"width: 320px\" class=\"wp-caption alignright\"><a href=\"https:\/\/www.upo.es\/diario\/wp-content\/uploads\/2016\/03\/s_psicologiadeporte1.jpg\"><img loading=\"lazy\" decoding=\"async\" class=\"size-medium wp-image-12585990\" alt=\" los organizadores del seminario junto al presidente de la Sociedad Internacional de Psicolog\u00eda del Deporte, Gangyan Si\" src=\"https:\/\/www.upo.es\/diario\/wp-content\/uploads\/2016\/03\/s_psicologiadeporte1-320x213.jpg\" width=\"320\" height=\"213\" srcset=\"https:\/\/www.upo.es\/diario\/wp-content\/uploads\/2016\/03\/s_psicologiadeporte1-320x213.jpg 320w, https:\/\/www.upo.es\/diario\/wp-content\/uploads\/2016\/03\/s_psicologiadeporte1-600x400.jpg 600w\" sizes=\"auto, (max-width: 320px) 100vw, 320px\" \/><\/a><figcaption id=\"caption-attachment-12585990\" class=\"wp-caption-text\">Los organizadores del seminario junto al presidente de la Sociedad Internacional de Psicolog\u00eda del Deporte, Gangyan Si<\/figcaption><\/figure>\n<p><strong>Estas jornadas, en las que participan figuras internacionales de esta disciplina y a las que asisten 150 personas, se enmarcan en los actos previos a la organizaci\u00f3n del XIV Congreso Mundial de Psicolog\u00eda del Deporte que se celebrar\u00e1 en 2017 en Sevilla<\/strong> organizado por la International Society of Sport Psychology (ISSP).<\/p>\n<p>Tras el acto de inauguraci\u00f3n se han celebrado tres talleres pr\u00e1cticos entre los que los asistentes han elegido uno de ellos. El primero sobre \u201cCarga mental y manejo del estr\u00e9s e informaci\u00f3n en deporte\u201d, impartido por el profesor David C\u00e1rdenas V\u00e9lez de la Universidad de Granada; el segundo titulado \u201cTrastornos de conducta alimentaria, danza y deporte. Prevenci\u00f3n e intervenci\u00f3n\u201d a cargo de Ana Garc\u00eda Dantas, psic\u00f3loga y M\u00e1ster en Cienciasde la Danza y Laura Baras Pastor, psiquiatra, y el tercer taller en el que se ha abordado la \u201cPrescripci\u00f3n de ejercicio en personas con patolog\u00eda diversa\u201d dirigido por Manuel Moya Ram\u00f3n profesor de Ciencias del Deporte en la Universidad Miguel Hern\u00e1ndez de Elche.<\/p>\n<p>La sesi\u00f3n de tarde se iniciar\u00e1 a partir de las 16,00 horas con la presentaci\u00f3n \u201cDoping use in sport: the underlying social cognitive processes\u201d que estar\u00e1 a cargo de Fabio Lucidi, psic\u00f3logo de la Universidad de la Sapienza en Roma y continuar\u00e1 a las 17,40 horas con la conferencia \u201cEstr\u00e9s, ansiedad y excitaci\u00f3n: la compleja relaci\u00f3n entre activaci\u00f3n y rendimiento deportivo\u201d impartida por Alex Garc\u00eda M\u00e1s, psic\u00f3logo de la Universidad de las Islas Baleares y secretario general de la International Society of Sport Psychology (ISPP).<\/p>\n<p>Finalmente, a las 18,40 horas, antes de la clausura de las jornadas, tendr\u00e1 lugar la ponencia \u201cMindfulness, culture and performance\u201d que ser\u00e1 impartida por Gangyan Si, del Institute of Education de Hong Kong y presidente de la International Society of Sport Psychology (ISPP) y a la que seguir\u00e1 una mesa redonda en la que participar\u00e1n varios de los ponentes que han intervenido durante toda la jornada.<\/p>\n<p>Estas Jornadas, cuyo objetivo principal es compartir conocimientos y experiencias y analizar nuevas tendencias entre expertos y estudiantes del sector de la Psicolog\u00eda del Deporte, son un encuentro previo, al que seguir\u00e1n otros en los pr\u00f3ximos meses, en los que Sevilla se sit\u00faa en la primera l\u00ednea mundial de la Psicolog\u00eda del Deporte.<\/p>\n","protected":false},"excerpt":{"rendered":"<p>En estas jornadas, bajo el t\u00edtulo \u201cActividad f\u00edsica, integridad, salud y deporte\u201d,  participan figuras internacionales de esta disciplina y se enmarcan en los actos previos a la organizaci\u00f3n del XIV Congreso Mundial de Psicolog\u00eda del Deporte que se celebrar\u00e1 en 2017 en Sevilla organizado por la International Society of Sport Psychology (ISSP).<\/p>\n","protected":false},"author":6,"featured_media":0,"comment_status":"closed","ping_status":"open","sticky":false,"template":"","format":"standard","meta":{"_monsterinsights_skip_tracking":false,"_monsterinsights_sitenote_active":false,"_monsterinsights_sitenote_note":"","_monsterinsights_sitenote_category":0,"footnotes":""},"categories":[6],"tags":[1990,541,84,2323,142,884,218],"class_list":["post-12585988","post","type-post","status-publish","format-standard","hentry","category-institucional","tag-ciencias-del-deporte","tag-deporte","tag-jornadas","tag-jose-carlos-jaenes","tag-psicologia","tag-psicologia-del-deporte","tag-salud"],"_links":{"self":[{"href":"https:\/\/www.upo.es\/diario\/wp-json\/wp\/v2\/posts\/12585988","targetHints":{"allow":["GET"]}}],"collection":[{"href":"https:\/\/www.upo.es\/diario\/wp-json\/wp\/v2\/posts"}],"about":[{"href":"https:\/\/www.upo.es\/diario\/wp-json\/wp\/v2\/types\/post"}],"author":[{"embeddable":true,"href":"https:\/\/www.upo.es\/diario\/wp-json\/wp\/v2\/users\/6"}],"replies":[{"embeddable":true,"href":"https:\/\/www.upo.es\/diario\/wp-json\/wp\/v2\/comments?post=12585988"}],"version-history":[{"count":3,"href":"https:\/\/www.upo.es\/diario\/wp-json\/wp\/v2\/posts\/12585988\/revisions"}],"predecessor-version":[{"id":12643185,"href":"https:\/\/www.upo.es\/diario\/wp-json\/wp\/v2\/posts\/12585988\/revisions\/12643185"}],"wp:attachment":[{"href":"https:\/\/www.upo.es\/diario\/wp-json\/wp\/v2\/media?parent=12585988"}],"wp:term":[{"taxonomy":"category","embeddable":true,"href":"https:\/\/www.upo.es\/diario\/wp-json\/wp\/v2\/categories?post=12585988"},{"taxonomy":"post_tag","embeddable":true,"href":"https:\/\/www.upo.es\/diario\/wp-json\/wp\/v2\/tags?post=12585988"}],"curies":[{"name":"wp","href":"https:\/\/api.w.org\/{rel}","templated":true}]}}