{"id":12628151,"date":"2016-03-21T12:01:33","date_gmt":"2016-03-21T12:01:33","guid":{"rendered":"https:\/\/www.upo.es\/diario\/?p=12628151"},"modified":"2016-03-21T12:16:52","modified_gmt":"2016-03-21T12:16:52","slug":"comunicado-de-condolencia-por-los-fallecidos-en-el-accidente-de-autobus-de-tarragona","status":"publish","type":"post","link":"https:\/\/www.upo.es\/diario\/institucional\/2016\/03\/comunicado-de-condolencia-por-los-fallecidos-en-el-accidente-de-autobus-de-tarragona\/","title":{"rendered":"Comunicado de condolencia por los fallecidos en el accidente de autob\u00fas de Tarragona"},"content":{"rendered":"<p><strong><img loading=\"lazy\" decoding=\"async\" class=\"alignright size-thumbnail wp-image-12628159\" alt=\"lazo negro\" src=\"https:\/\/www.upo.es\/diario\/wp-content\/uploads\/2016\/03\/lazo-negro-150x150.jpg\" width=\"150\" height=\"150\" srcset=\"https:\/\/www.upo.es\/diario\/wp-content\/uploads\/2016\/03\/lazo-negro-150x150.jpg 150w, https:\/\/www.upo.es\/diario\/wp-content\/uploads\/2016\/03\/lazo-negro-320x320.jpg 320w, https:\/\/www.upo.es\/diario\/wp-content\/uploads\/2016\/03\/lazo-negro.jpg 482w\" sizes=\"auto, (max-width: 150px) 100vw, 150px\" \/>La Universidad Pablo de Olavide se adhiere al comunicado de CRUE Universidades Espa\u00f1olas, expresando su pesar por el fallecimiento de 13 estudiantes universitarias Erasmus en el accidente de Tarragona.<\/strong><\/p>\n<p><strong><img loading=\"lazy\" decoding=\"async\" class=\"alignright size-full wp-image-12628153\" alt=\"CRUE Universidades Espa\u00f1olas\" src=\"https:\/\/www.upo.es\/diario\/wp-content\/uploads\/2016\/03\/Crue_Secun_Horiz_17.jpg\" width=\"300\" height=\"43\" \/>Comunicado de \u00a0CRUE Universidades Espa\u00f1olas de condolencia por las v\u00edctimas del accidente de Tarragona<\/strong><\/p>\n<p>Crue Universidades Espa\u00f1olas desea transmitir su m\u00e1s profundo pesar por el fallecimiento de 13 personas en Tarragona, como consecuencia de un accidente de autob\u00fas en el que viajaban estudiantes de Erasmus, y que tambi\u00e9n ha dejado m\u00faltiples heridos de diversa consideraci\u00f3n.<\/p>\n<p>Asimismo, desea trasladar sus condolencias y mensajes de apoyo y cari\u00f1o a las familias y amigos de las v\u00edctimas y hacer extensivo este p\u00e9same a toda la comunidad universitaria.<\/p>\n","protected":false},"excerpt":{"rendered":"<p>La Universidad Pablo de Olavide se adhiere al comunicado de CRUE Universidades Espa\u00f1olas, expresando su pesar por el fallecimiento de 13 estudiantes universitarias Erasmus en el accidente de Tarragona.<\/p>\n","protected":false},"author":6,"featured_media":0,"comment_status":"closed","ping_status":"open","sticky":false,"template":"","format":"standard","meta":{"_monsterinsights_skip_tracking":false,"_monsterinsights_sitenote_active":false,"_monsterinsights_sitenote_note":"","_monsterinsights_sitenote_category":0,"footnotes":""},"categories":[6],"tags":[37,243,846,21,604,39,3264],"class_list":["post-12628151","post","type-post","status-publish","format-standard","hentry","category-institucional","tag-comunicado","tag-crue","tag-erasmus","tag-estudiantes","tag-transportes","tag-universidades","tag-victimas"],"_links":{"self":[{"href":"https:\/\/www.upo.es\/diario\/wp-json\/wp\/v2\/posts\/12628151","targetHints":{"allow":["GET"]}}],"collection":[{"href":"https:\/\/www.upo.es\/diario\/wp-json\/wp\/v2\/posts"}],"about":[{"href":"https:\/\/www.upo.es\/diario\/wp-json\/wp\/v2\/types\/post"}],"author":[{"embeddable":true,"href":"https:\/\/www.upo.es\/diario\/wp-json\/wp\/v2\/users\/6"}],"replies":[{"embeddable":true,"href":"https:\/\/www.upo.es\/diario\/wp-json\/wp\/v2\/comments?post=12628151"}],"version-history":[{"count":7,"href":"https:\/\/www.upo.es\/diario\/wp-json\/wp\/v2\/posts\/12628151\/revisions"}],"predecessor-version":[{"id":12628155,"href":"https:\/\/www.upo.es\/diario\/wp-json\/wp\/v2\/posts\/12628151\/revisions\/12628155"}],"wp:attachment":[{"href":"https:\/\/www.upo.es\/diario\/wp-json\/wp\/v2\/media?parent=12628151"}],"wp:term":[{"taxonomy":"category","embeddable":true,"href":"https:\/\/www.upo.es\/diario\/wp-json\/wp\/v2\/categories?post=12628151"},{"taxonomy":"post_tag","embeddable":true,"href":"https:\/\/www.upo.es\/diario\/wp-json\/wp\/v2\/tags?post=12628151"}],"curies":[{"name":"wp","href":"https:\/\/api.w.org\/{rel}","templated":true}]}}