{"id":1265254,"date":"2013-07-25T12:16:05","date_gmt":"2013-07-25T12:16:05","guid":{"rendered":"https:\/\/www.upo.es\/diario\/?p=1265254"},"modified":"2013-07-25T12:16:05","modified_gmt":"2013-07-25T12:16:05","slug":"magistrado-afirma-que-la-victima-tiene-un-papel-protagonista-en-el-proceso-de-mediacion-penal","status":"publish","type":"post","link":"https:\/\/www.upo.es\/diario\/cursos-verano\/2013\/07\/magistrado-afirma-que-la-victima-tiene-un-papel-protagonista-en-el-proceso-de-mediacion-penal\/","title":{"rendered":"Magistrado afirma que la v\u00edctima tiene un papel protagonista en el proceso de mediaci\u00f3n penal"},"content":{"rendered":"<figure id=\"attachment_1265255\" aria-describedby=\"caption-attachment-1265255\" style=\"width: 320px\" class=\"wp-caption alignright\"><a href=\"https:\/\/www.upo.es\/diario\/wp-content\/uploads\/2013\/07\/Francisco-Manuel-Gutierrez.jpg\"><img loading=\"lazy\" decoding=\"async\" class=\"size-medium wp-image-1265255\" alt=\"Francisco Manuel Guti\u00e9rrez dutante su intervenci\u00f3n en el curso celebrado en la sede de la UPO en Carmona\" src=\"https:\/\/www.upo.es\/diario\/wp-content\/uploads\/2013\/07\/Francisco-Manuel-Gutierrez-320x213.jpg\" width=\"320\" height=\"213\" srcset=\"https:\/\/www.upo.es\/diario\/wp-content\/uploads\/2013\/07\/Francisco-Manuel-Gutierrez-320x213.jpg 320w, https:\/\/www.upo.es\/diario\/wp-content\/uploads\/2013\/07\/Francisco-Manuel-Gutierrez-1024x682.jpg 1024w, https:\/\/www.upo.es\/diario\/wp-content\/uploads\/2013\/07\/Francisco-Manuel-Gutierrez-600x399.jpg 600w\" sizes=\"auto, (max-width: 320px) 100vw, 320px\" \/><\/a><figcaption id=\"caption-attachment-1265255\" class=\"wp-caption-text\">Francisco Manuel Guti\u00e9rrez, magistrado-juez del juzgado de violencia sobre la mujer n\u00ba 2 de Sevilla<\/figcaption><\/figure>\n<p>El magistrado-juez del juzgado de violencia sobre la mujer n\u00ba 2 de Sevilla, Francisco Manuel Guti\u00e9rrez Roncero, ha asegurado que la v\u00edctima tiene un papel protagonista en el procedimiento de mediaci\u00f3n penal. As\u00ed lo ha manifestado con motivo de su participaci\u00f3n en el seminario \u2018Derecho y Psicolog\u00eda: Gesti\u00f3n de conflictos. IV edici\u00f3n, dentro del marco de los cursos de verano de la Universidad Pablo de Olavide en Carmona. En dicho seminario ha impartido la conferencia \u2018La mediaci\u00f3n en el \u00e1mbito penal\u2019.<\/p>\n<p>\u201cLa mediaci\u00f3n parte de un principio b\u00e1sico, y es que ambas partes tienen que tener una igualdad, de manera que no puede existir un dominio de nadie sobre nadie. Si la igualdad se rompe por la\u00a0 gravedad del delito o por la vulnerabilidad de la v\u00edctima, ya no se puede realizar la mediaci\u00f3n.\u00a0 Por lo tanto, en aquellos delitos que son graves, como los casos de homicidio, asesinato, agresiones sexuales o delito de lesiones graves,\u00a0donde la naturaleza del mismo y el bien jur\u00eddico protegido de la v\u00edctima es muy \u00edntimo, como la vida, la integridad f\u00edsica o sexual, no se puede producir la mediaci\u00f3n\u201d, sostiene.<\/p>\n<p>Y es que la mediaci\u00f3n est\u00e1 prevista\u00a0como un proceso para resolver delitos menos graves o\u00a0 infracciones leves, entre los que el magistrado ha citado los casos de amenazas leves, las faltas de injurias contra las personas, un delito de hurto que no sea continuado\u2026\u00a0 De manera que s\u00f3lo en esos casos en los que exista una igualdad de oportunidades entre ambas partes, se le puede dar a las mismas la posibilidad de participar en la resoluci\u00f3n del conflicto y no acudir siempre al \u00e1mbito penal como la \u00faltima opci\u00f3n de poder resolver ese tipo de conflictos, lo que reducir\u00eda de forma significativa la carga de trabajo de los \u00f3rganos judiciales.<\/p>\n<p>Adem\u00e1s, el magistrado sostiene que el proceso de mediaci\u00f3n debe ser gratuito, \u201cuna cuesti\u00f3n important\u00edsima, porque en el momento en que suponga un coste econ\u00f3mico para la v\u00edctima, jam\u00e1s o muy pocas veces se ir\u00e1 a la mediaci\u00f3n\u201d, puntualiza.<\/p>\n<p>Por otro lado, Guti\u00e9rrez Roncero explica que no todo tipo de delito, de v\u00edctimas o de infractores, son susceptibles de un proceso de mediaci\u00f3n, sino que es un \u00f3rgano judicial, un juez o un magistrado quien valora si concurren esas circunstancias para que esa mediaci\u00f3n y el resultado final tengan un \u00e9xito.\u00a0A veces se decide ir a la mediaci\u00f3n para reducir la pena, pero aclara que \u00e9sta no es una v\u00eda alternativa al \u00e1mbito penal, sino complementaria de la misma.<\/p>\n<p>En esta l\u00ednea, ha declarado que, en el \u00e1mbito penal, no existe en Espa\u00f1a ning\u00fan tipo de regulaci\u00f3n\u00a0 sobre la mediaci\u00f3n penal, puesto que lo que se est\u00e1n realizando son experiencias piloto en distintos juzgados para ver el funcionamiento de mediaci\u00f3n y c\u00f3mo se puede reducir la litigiosidad de esos juzgados. Pero hay que tener en cuenta que, en el \u00e1mbito de la violencia de g\u00e9nero, la Ley Org\u00e1nica 1\/2004 proh\u00edbe la mediaci\u00f3n en los casos de violencia de g\u00e9nero.<\/p>\n<p>El Consejo General del Poder Judicial tiene una web donde se establece en qu\u00e9 juzgados, por provincia y comunidad aut\u00f3noma, tienen, o son experiencia piloto en materia de mediaci\u00f3n penal. Por ejemplo, en Sevilla es el juzgado de instrucci\u00f3n n\u00ba 13 el que lleva los asuntos de mediaci\u00f3n.<\/p>\n","protected":false},"excerpt":{"rendered":"<p>El magistrado-juez del juzgado de violencia sobre la mujer n\u00ba 2 de Sevilla, Francisco Manuel Guti\u00e9rrez Roncero, ha asegurado que la v\u00edctima tiene un papel protagonista en el procedimiento de mediaci\u00f3n penal. As\u00ed lo ha manifestado con motivo de su participaci\u00f3n en el seminario \u2018Derecho y Psicolog\u00eda: Gesti\u00f3n de conflictos. IV edici\u00f3n, dentro del marco de los cursos de verano<a class=\"read-more\" href=\"https:\/\/www.upo.es\/diario\/cursos-verano\/2013\/07\/magistrado-afirma-que-la-victima-tiene-un-papel-protagonista-en-el-proceso-de-mediacion-penal\/\">[Read More&#8230;]<\/a><\/p>\n","protected":false},"author":6,"featured_media":1265256,"comment_status":"closed","ping_status":"open","sticky":false,"template":"","format":"standard","meta":{"_monsterinsights_skip_tracking":false,"_monsterinsights_sitenote_active":false,"_monsterinsights_sitenote_note":"","_monsterinsights_sitenote_category":0,"footnotes":""},"categories":[729],"tags":[23,660,22,87,461,157,519,661],"class_list":["post-1265254","post","type-post","status-publish","format-standard","has-post-thumbnail","hentry","category-cursos-verano","tag-carmona","tag-codigo-penal","tag-cursos-de-verano","tag-derecho","tag-ley","tag-mediacion","tag-olavide-en-carmona","tag-penal"],"_links":{"self":[{"href":"https:\/\/www.upo.es\/diario\/wp-json\/wp\/v2\/posts\/1265254","targetHints":{"allow":["GET"]}}],"collection":[{"href":"https:\/\/www.upo.es\/diario\/wp-json\/wp\/v2\/posts"}],"about":[{"href":"https:\/\/www.upo.es\/diario\/wp-json\/wp\/v2\/types\/post"}],"author":[{"embeddable":true,"href":"https:\/\/www.upo.es\/diario\/wp-json\/wp\/v2\/users\/6"}],"replies":[{"embeddable":true,"href":"https:\/\/www.upo.es\/diario\/wp-json\/wp\/v2\/comments?post=1265254"}],"version-history":[{"count":2,"href":"https:\/\/www.upo.es\/diario\/wp-json\/wp\/v2\/posts\/1265254\/revisions"}],"predecessor-version":[{"id":1265258,"href":"https:\/\/www.upo.es\/diario\/wp-json\/wp\/v2\/posts\/1265254\/revisions\/1265258"}],"wp:featuredmedia":[{"embeddable":true,"href":"https:\/\/www.upo.es\/diario\/wp-json\/wp\/v2\/media\/1265256"}],"wp:attachment":[{"href":"https:\/\/www.upo.es\/diario\/wp-json\/wp\/v2\/media?parent=1265254"}],"wp:term":[{"taxonomy":"category","embeddable":true,"href":"https:\/\/www.upo.es\/diario\/wp-json\/wp\/v2\/categories?post=1265254"},{"taxonomy":"post_tag","embeddable":true,"href":"https:\/\/www.upo.es\/diario\/wp-json\/wp\/v2\/tags?post=1265254"}],"curies":[{"name":"wp","href":"https:\/\/api.w.org\/{rel}","templated":true}]}}